{"id":366716,"date":"2025-09-04T22:18:10","date_gmt":"2025-09-04T22:18:10","guid":{"rendered":"https:\/\/www.europesays.com\/fr\/366716\/"},"modified":"2025-09-04T22:18:10","modified_gmt":"2025-09-04T22:18:10","slug":"appel-medical-et-ramsay-sante-lyon-lancent-une-academie-pour-former-des-infirmiers-au-bloc-operatoire","status":"publish","type":"post","link":"https:\/\/www.europesays.com\/fr\/366716\/","title":{"rendered":"Appel M\u00e9dical et Ramsay Sant\u00e9 Lyon lancent une acad\u00e9mie pour former des infirmiers au bloc op\u00e9ratoire"},"content":{"rendered":"<p>                                                        <img loading=\"lazy\" decoding=\"async\" width=\"600\" height=\"400\" src=\"data:image\/svg+xml,%3Csvg%20xmlns=\" http:=\"\" class=\"thumb img-responsive m-x-auto block w-full\" alt=\"lyon entreprises sant\u00e9\" caption=\"\" data-lazy-src=\"https:\/\/www.europesays.com\/fr\/wp-content\/uploads\/2025\/09\/lyon-entreprises-sante.jpg\"\/><\/p>\n<p class=\"ez-toc-title ez-toc-toggle\" style=\"cursor: pointer\">Sommaire &amp; acc\u00e8s rapide<\/p>\n<p><a href=\"#\" class=\"ez-toc-pull-right ez-toc-btn ez-toc-btn-xs ez-toc-btn-default ez-toc-toggle\" aria-label=\"Toggle Table of Content\">Toggle<\/a><\/p>\n<p><strong>Le P\u00f4le Lyon Ramsay Sant\u00e9 et Appel M\u00e9dical cr\u00e9ent \u00ab L\u2019Acad\u00e9mie de bloc \u00bb, une formation immersive destin\u00e9e aux infirmiers dipl\u00f4m\u00e9s d\u2019\u00c9tat souhaitant se sp\u00e9cialiser au bloc op\u00e9ratoire. Cette initiative, pr\u00e9vue du 8 au 19 septembre 2025, combine enseignement th\u00e9orique, pratique et exp\u00e9rience professionnelle.<\/strong><\/p>\n<p>Une r\u00e9ponse \u00e0 la p\u00e9nurie de professionnels qualifi\u00e9s<\/p>\n<p>Le bloc op\u00e9ratoire, c\u0153ur de l\u2019activit\u00e9 chirurgicale, requiert des comp\u00e9tences techniques et organisationnelles de haut niveau. Or, le nombre de professionnels form\u00e9s \u00e0 ces postes strat\u00e9giques reste insuffisant. C\u2019est dans ce contexte que le P\u00f4le Lyon Ramsay Sant\u00e9 s\u2019associe \u00e0 Appel M\u00e9dical pour initier les infirmiers au m\u00e9tier d\u2019infirmier circulant, acteur cl\u00e9 dans la pr\u00e9paration et le bon d\u00e9roulement des interventions.<\/p>\n<p>Un programme intensif et professionnalisant<\/p>\n<p>Du 8 au 19 septembre 2025, l\u2019H\u00f4pital priv\u00e9 Jean Mermoz \u00e0 Lyon accueillera une promotion d\u2019infirmiers pour 70 heures de formation ax\u00e9es sur des ateliers pratiques et des mises en situation en salle d\u2019op\u00e9ration. Les participants d\u00e9velopperont des comp\u00e9tences essentielles : respect des r\u00e8gles d\u2019hygi\u00e8ne, ma\u00eetrise des gestes techniques, manipulation du mat\u00e9riel et compr\u00e9hension de l\u2019environnement st\u00e9rile. Ils exploreront \u00e9galement diff\u00e9rentes sp\u00e9cialit\u00e9s chirurgicales, telles que la chirurgie digestive et orthop\u00e9dique.<\/p>\n<p>La formation est dispens\u00e9e par l\u2019Institut Europ\u00e9en de Formation en Sant\u00e9 (IEFS) et parrain\u00e9e par le Dr David Dejour, chirurgien orthop\u00e9diste \u00e0 la Clinique de la Sauvegarde, qui a contribu\u00e9 \u00e0 l\u2019\u00e9laboration du programme.<\/p>\n<p>Des perspectives d\u2019emploi concr\u00e8tes<\/p>\n<p>\u00c0 l\u2019issue des deux semaines de formation, les participants b\u00e9n\u00e9ficieront d\u2019un CDD de six mois dans l\u2019un des \u00e9tablissements du P\u00f4le Lyon Ramsay Sant\u00e9. Une opportunit\u00e9 de CDI pourra ensuite leur \u00eatre propos\u00e9e. Pour ceux qui souhaitent poursuivre en tant qu\u2019instrumentiste ou aide-op\u00e9ratoire, les frais p\u00e9dagogiques li\u00e9s aux dispositifs transitoires ou \u00e0 l\u2019entr\u00e9e en \u00e9cole d\u2019IBODE seront pris en charge par le P\u00f4le.<\/p>\n<p>Un partenariat strat\u00e9gique au service de la sant\u00e9<\/p>\n<p>En 2024, Appel M\u00e9dical a d\u00e9j\u00e0 form\u00e9 plus de 1 000 infirmiers en France \u00e0 des comp\u00e9tences sp\u00e9cifiques. Pour St\u00e9phane Jeugnet, Directeur g\u00e9n\u00e9ral d\u2019Appel M\u00e9dical, \u00ab en dotant nos professionnels des comp\u00e9tences indispensables au bloc op\u00e9ratoire, nous offrons de nouvelles opportunit\u00e9s de carri\u00e8re et un soutien qualifi\u00e9 aux \u00e9quipes chirurgicales \u00bb. Audrey Pincemin, DRH du M\u00e9dip\u00f4le H\u00f4pital Priv\u00e9 Ramsay Sant\u00e9, souligne que ce dispositif \u00ab permet aux cliniques d\u2019int\u00e9grer du personnel d\u00e9j\u00e0 initi\u00e9 aux contraintes et aux exigences du bloc \u00bb.<\/p>\n<p>Une formation qui allie apprentissage et attractivit\u00e9<\/p>\n<p>Avec \u00ab L\u2019Acad\u00e9mie de bloc \u00bb, Ramsay Sant\u00e9 Lyon et Appel M\u00e9dical proposent un parcours innovant, favorisant l\u2019int\u00e9gration rapide d\u2019infirmiers au sein du bloc op\u00e9ratoire. Cette initiative contribue \u00e0 renforcer l\u2019attractivit\u00e9 des m\u00e9tiers du bloc, tout en soutenant durablement les besoins des \u00e9tablissements de sant\u00e9 lyonnais.<\/p>\n","protected":false},"excerpt":{"rendered":"Sommaire &amp; acc\u00e8s rapide Toggle Le P\u00f4le Lyon Ramsay Sant\u00e9 et Appel M\u00e9dical cr\u00e9ent \u00ab L\u2019Acad\u00e9mie de bloc&hellip;\n","protected":false},"author":2,"featured_media":366717,"comment_status":"","ping_status":"","sticky":false,"template":"","format":"standard","meta":{"footnotes":""},"categories":[1889],"tags":[1111,11,2430,1777,674,1011,27,2428,12,25],"class_list":{"0":"post-366716","1":"post","2":"type-post","3":"status-publish","4":"format-standard","5":"has-post-thumbnail","7":"category-lyon","8":"tag-actu","9":"tag-actualites","10":"tag-auvergne-rhone-alpes","11":"tag-eu","12":"tag-europe","13":"tag-fr","14":"tag-france","15":"tag-lyon","16":"tag-news","17":"tag-republique-francaise"},"share_on_mastodon":{"url":"https:\/\/pubeurope.com\/@fr\/115148351502477240","error":""},"_links":{"self":[{"href":"https:\/\/www.europesays.com\/fr\/wp-json\/wp\/v2\/posts\/366716","targetHints":{"allow":["GET"]}}],"collection":[{"href":"https:\/\/www.europesays.com\/fr\/wp-json\/wp\/v2\/posts"}],"about":[{"href":"https:\/\/www.europesays.com\/fr\/wp-json\/wp\/v2\/types\/post"}],"author":[{"embeddable":true,"href":"https:\/\/www.europesays.com\/fr\/wp-json\/wp\/v2\/users\/2"}],"replies":[{"embeddable":true,"href":"https:\/\/www.europesays.com\/fr\/wp-json\/wp\/v2\/comments?post=366716"}],"version-history":[{"count":0,"href":"https:\/\/www.europesays.com\/fr\/wp-json\/wp\/v2\/posts\/366716\/revisions"}],"wp:featuredmedia":[{"embeddable":true,"href":"https:\/\/www.europesays.com\/fr\/wp-json\/wp\/v2\/media\/366717"}],"wp:attachment":[{"href":"https:\/\/www.europesays.com\/fr\/wp-json\/wp\/v2\/media?parent=366716"}],"wp:term":[{"taxonomy":"category","embeddable":true,"href":"https:\/\/www.europesays.com\/fr\/wp-json\/wp\/v2\/categories?post=366716"},{"taxonomy":"post_tag","embeddable":true,"href":"https:\/\/www.europesays.com\/fr\/wp-json\/wp\/v2\/tags?post=366716"}],"curies":[{"name":"wp","href":"https:\/\/api.w.org\/{rel}","templated":true}]}}