{"id":366718,"date":"2025-09-04T22:19:14","date_gmt":"2025-09-04T22:19:14","guid":{"rendered":"https:\/\/www.europesays.com\/fr\/366718\/"},"modified":"2025-09-04T22:19:14","modified_gmt":"2025-09-04T22:19:14","slug":"municipales-2026-a-lyon-jean-michel-aulas-se-lance-dans-laventure-et-officialise-sa-candidature","status":"publish","type":"post","link":"https:\/\/www.europesays.com\/fr\/366718\/","title":{"rendered":"Municipales 2026. \u00c0 Lyon, Jean-Michel Aulas \u00ab\u00a0se lance dans l&rsquo;aventure\u00a0\u00bb et officialise sa candidature"},"content":{"rendered":"<p>Il faisait durer le suspense sur sa candidature aux municipales \u00e0 Lyon depuis plusieurs semaines d\u00e9j\u00e0. C&rsquo;est d\u00e9sormais officiel : \u00ab\u00a0Je vais me lancer dans l&rsquo;aventure dans quelques jours, sans \u00e9tiquette\u00a0\u00bb, a annonc\u00e9 ce jeudi l&rsquo;ancien patron de l&rsquo;Olympique Lyonnais <a href=\"https:\/\/www.ledauphine.com\/p\/jean-michel-aulas\" target=\"_blank\" rel=\"nofollow noopener\">Jean-Michel Aulas<\/a> aux journalistes convi\u00e9s \u00e0 un point presse dans une brasserie du 2e arrondissement de Lyon, rapporte <a href=\"https:\/\/www.leprogres.fr\/politique\/2025\/09\/04\/aulas-candidat-a-lyon-je-vais-me-lancer-dans-l-aventure\" target=\"_blank\" rel=\"nofollow noopener\">Le Progr\u00e8s<\/a>.<\/p>\n<p>\u00ab Je ne vous donnerai pas la date aujourd\u2019hui, mais sachez que nous sommes dans les starting-blocks \u00bb, a ajout\u00e9 l&rsquo;homme d&rsquo;affaires, entour\u00e9 de l&rsquo;ancien pr\u00e9sident de la r\u00e9gion Auvergne-Rh\u00f4ne-Alpes, <a href=\"https:\/\/www.ledauphine.com\/p\/laurent-wauquiez\" target=\"_blank\" rel=\"nofollow noopener\">Laurent Wauquiez<\/a>, et de <a href=\"https:\/\/www.ledauphine.com\/p\/pierre-oliver\" target=\"_blank\" rel=\"nofollow noopener\">Pierre Oliver<\/a>, maire (LR) du 2e arrondissement, qui confirme se retirer du scrutin \u00e0 son profit.<\/p>\n<p>\u00ab Une candidature non partisane qui peut f\u00e9d\u00e9rer \u00bb, selon Wauquiez<\/p>\n<p>Pour Laurent Wauquiez, cit\u00e9 par Le Progr\u00e8s, \u00ab Jean-Michel porte une candidature non partisane qui seule peut f\u00e9d\u00e9rer les Lyonnais \u00bb. Pour Pierre Oliver, \u00ab s\u2019associer \u00e0 Aulas \u00e9tait une \u00e9vidence \u00bb afin de tourner la page des \u00e9cologistes.<\/p>\n<p>Ce contenu est bloqu\u00e9 car vous n&rsquo;avez pas accept\u00e9 les cookies et autres traceurs.<\/p>\n<p>En cliquant sur \u00ab J\u2019accepte \u00bb, les cookies et autres traceurs seront d\u00e9pos\u00e9s et vous pourrez visualiser les contenus  (<a href=\"\" class=\"consentModule_policy\" target=\"_blank\" title=\"Consulter la politique de protection des donn\u00e9es du fournisseur\">plus d&rsquo;informations<\/a>).<\/p>\n<p>En cliquant sur \u00ab J\u2019accepte tous les cookies \u00bb, vous autorisez des d\u00e9p\u00f4ts de cookies et autres traceurs pour le stockage de vos donn\u00e9es sur nos sites et applications \u00e0 des fins de personnalisation et de ciblage publicitaire.<\/p>\n<p class=\"consentModule_secondaryText\">Vous gardez la possibilit\u00e9 de retirer votre consentement \u00e0 tout moment en consultant notre <a href=\"https:\/\/www.ledauphine.com\/protection-des-donnees\" target=\"_blank\" title=\"Consulter notre politique de protection des donn\u00e9es\" rel=\"nofollow noopener\">politique de protection des donn\u00e9es<\/a>. <br \/>&#13;<br \/>\n            <a href=\"https:\/\/www.ledauphine.com\/politique\/2025\/09\/04\/javascript:Didomi.notice.show()\" class=\"consentModule_cmp\" rel=\"nofollow noopener\" target=\"_blank\">G\u00e9rer mes choix<\/a>&#13;\n        <\/p>\n<p>&#13;<br \/>\n                        J&rsquo;accepte&#13;<br \/>\n            J&rsquo;accepte tous les cookies&#13;\n        <\/p>\n<p>La candidature de l&rsquo;ancien patron de l&rsquo;OL ne faisait gu\u00e8re de doutes. Depuis plusieurs mois, Jean-Michel Aulas attaquait le bilan du maire sortant Gr\u00e9gory Doucet. \u00ab\u00a0Le grand jeu est d\u00e9sormais de savoir quand l\u2019ancien pr\u00e9sident de l\u2019Olympique lyonnais va sortir du bois\u00a0\u00bb, \u00e9voquait d\u00e9j\u00e0 <a href=\"https:\/\/www.leprogres.fr\/elections\/2025\/08\/28\/a-lyon-jean-michel-aulas-sur-le-point-de-pactiser-avec-la-droite-mais-pas-avec-kepenekian\" target=\"_blank\" rel=\"nofollow noopener\">Le Progr\u00e8s<\/a>.<\/p>\n","protected":false},"excerpt":{"rendered":"Il faisait durer le suspense sur sa candidature aux municipales \u00e0 Lyon depuis plusieurs semaines d\u00e9j\u00e0. C&rsquo;est d\u00e9sormais&hellip;\n","protected":false},"author":2,"featured_media":366719,"comment_status":"","ping_status":"","sticky":false,"template":"","format":"standard","meta":{"footnotes":""},"categories":[1889],"tags":[1111,11,2430,4188,1777,674,107,1701,1011,27,329,2428,12,9442,316,25,2429,517,1947],"class_list":{"0":"post-366718","1":"post","2":"type-post","3":"status-publish","4":"format-standard","5":"has-post-thumbnail","7":"category-lyon","8":"tag-actu","9":"tag-actualites","10":"tag-auvergne-rhone-alpes","11":"tag-elections-municipales","12":"tag-eu","13":"tag-europe","14":"tag-fil-info","15":"tag-fil-info-sport","16":"tag-fr","17":"tag-france","18":"tag-france-monde","19":"tag-lyon","20":"tag-news","21":"tag-ol-olympique-lyonnais","22":"tag-politique","23":"tag-republique-francaise","24":"tag-rhone","25":"tag-sport","26":"tag-sport-national"},"share_on_mastodon":{"url":"https:\/\/pubeurope.com\/@fr\/115148355215204416","error":""},"_links":{"self":[{"href":"https:\/\/www.europesays.com\/fr\/wp-json\/wp\/v2\/posts\/366718","targetHints":{"allow":["GET"]}}],"collection":[{"href":"https:\/\/www.europesays.com\/fr\/wp-json\/wp\/v2\/posts"}],"about":[{"href":"https:\/\/www.europesays.com\/fr\/wp-json\/wp\/v2\/types\/post"}],"author":[{"embeddable":true,"href":"https:\/\/www.europesays.com\/fr\/wp-json\/wp\/v2\/users\/2"}],"replies":[{"embeddable":true,"href":"https:\/\/www.europesays.com\/fr\/wp-json\/wp\/v2\/comments?post=366718"}],"version-history":[{"count":0,"href":"https:\/\/www.europesays.com\/fr\/wp-json\/wp\/v2\/posts\/366718\/revisions"}],"wp:featuredmedia":[{"embeddable":true,"href":"https:\/\/www.europesays.com\/fr\/wp-json\/wp\/v2\/media\/366719"}],"wp:attachment":[{"href":"https:\/\/www.europesays.com\/fr\/wp-json\/wp\/v2\/media?parent=366718"}],"wp:term":[{"taxonomy":"category","embeddable":true,"href":"https:\/\/www.europesays.com\/fr\/wp-json\/wp\/v2\/categories?post=366718"},{"taxonomy":"post_tag","embeddable":true,"href":"https:\/\/www.europesays.com\/fr\/wp-json\/wp\/v2\/tags?post=366718"}],"curies":[{"name":"wp","href":"https:\/\/api.w.org\/{rel}","templated":true}]}}