{"id":366727,"date":"2025-09-04T22:26:14","date_gmt":"2025-09-04T22:26:14","guid":{"rendered":"https:\/\/www.europesays.com\/fr\/366727\/"},"modified":"2025-09-04T22:26:14","modified_gmt":"2025-09-04T22:26:14","slug":"juge-pour-feminicide-lex-policier-arnaud-bonnefoy-confie-un-regret-qui-me-hante-2","status":"publish","type":"post","link":"https:\/\/www.europesays.com\/fr\/366727\/","title":{"rendered":"Jug\u00e9 pour f\u00e9minicide, l\u2019ex-policier Arnaud Bonnefoy confie un \u00ab\u00a0regret qui me hante\u00a0\u00bb"},"content":{"rendered":"<p>La <a href=\"https:\/\/www.20minutes.fr\/societe\/cour_d_assises-1\/\" target=\"_blank\" class=\"c-link c-link--is-underlined\" rel=\"noopener\">cour d\u2019assises<\/a> de Paris a entendu jeudi les r\u00e9quisitions contre <a href=\"https:\/\/www.20minutes.fr\/justice\/4170586-20250902-paris-moment-perds-completement-pedales-derive-sanglante-policier-jaloux-impulsif-assises\" target=\"_blank\" class=\"c-link c-link--is-underlined\" rel=\"noopener\">Arnaud Bonnefoy, ex-policier<\/a> accus\u00e9 d\u2019avoir \u00e9trangl\u00e9 sa compagne Amanda Glain en janvier\u00a02022. L\u2019avocate g\u00e9n\u00e9rale In\u00e8s Bordet a requis 28 ans de r\u00e9clusion criminelle, assortis d\u2019une p\u00e9riode de s\u00fbret\u00e9 des deux tiers, \u00e9voquant la \u00ab\u00a0chronique d\u2019un <a href=\"https:\/\/www.20minutes.fr\/societe\/feminicide\/\" target=\"_blank\" class=\"c-link c-link--is-underlined\" rel=\"noopener\">f\u00e9minicide<\/a> annonc\u00e9\u00a0\u00bb. Elle a mis en garde les jur\u00e9s contre les \u00ab\u00a0regrets\u00a0\u00bb de l\u2019accus\u00e9, \u00e0 prendre selon elle \u00ab\u00a0avec beaucoup de recul et beaucoup de r\u00e9serves\u00a0\u00bb.<\/p>\n<p>Amanda Glain, 28 ans, cr\u00e9atrice de contenus digitaux, avait \u00e9t\u00e9 retrouv\u00e9e morte dans l\u2019appartement qu\u2019elle partageait avec Arnaud Bonnefoy dans le nord-est de Paris. Celui-ci, <a href=\"https:\/\/www.20minutes.fr\/dossier\/policier\" target=\"_blank\" class=\"c-link c-link--is-underlined\" rel=\"noopener\">gardien de la paix<\/a> de 33 ans originaire de Marseille, \u00e9tait alors en poste en Seine-Saint-Denis. Apr\u00e8s trois semaines de cavale, il s\u2019\u00e9tait livr\u00e9 aux autorit\u00e9s.<\/p>\n<p>La d\u00e9fense et la partie civile face \u00e0 face<\/p>\n<p>Devant les jur\u00e9s, il a r\u00e9p\u00e9t\u00e9 avoir tu\u00e9 sa compagne au moment o\u00f9 elle confirmait sa volont\u00e9 de le quitter, apr\u00e8s deux ans d\u2019une relation marqu\u00e9e par la jalousie, les menaces et les violences. \u00ab\u00a0J\u2019aimerais exprimer le regret qui me hante pour cet acte horrible, monstrueux\u00a0\u00bb, a-t-il d\u00e9clar\u00e9, d\u00e9crivant Amanda Glain comme une \u00ab\u00a0femme parfaitement \u00e9quilibr\u00e9e\u00a0\u00bb.<\/p>\n<\/p>\n<p>Me Fr\u00e9d\u00e9ric Delam\u00e9a, avocat de la famille de la victime, a exhort\u00e9 les jur\u00e9s \u00e0 ne pas se \u00ab\u00a0laisser prendre aux apparences\u00a0\u00bb de l\u2019accus\u00e9. \u00ab\u00a0Ce n\u2019est pas le petit agneau, tout calme, tout lisse, que vous voyez dans le box. Il suffisait d\u2019un rien pour que la b\u00eate sorte de cet homme\u00a0\u00bb, a-t-il insist\u00e9, soulignant sa puissance physique.<\/p>\n<p>Le verdict attendu dans la soir\u00e9e<\/p>\n<p>L\u2019enqu\u00eate a r\u00e9v\u00e9l\u00e9 un comportement destructeur envers ses anciennes compagnes, venues t\u00e9moigner \u00e0 la barre. L\u2019expertise psychiatrique a mis en \u00e9vidence une \u00ab\u00a0d\u00e9pendance obsessionnelle\u00a0\u00bb aux femmes, une \u00ab\u00a0gestion calamiteuse des \u00e9motions\u00a0\u00bb et une extr\u00eame immaturit\u00e9. \u00ab\u00a0Quand une femme s\u2019en va, c\u2019est l\u2019effondrement\u00a0\u00bb, a r\u00e9sum\u00e9 la psychiatre Isabelle Teillet.<\/p>\n<p><a href=\"https:\/\/www.20minutes.fr\/justice\/\" target=\"_blank\" class=\"c-link c-btn c-btn--primary\" rel=\"noopener\">Notre dossier Justice<\/a><\/p>\n<p>Le jury doit rendre sa d\u00e9cision dans la soir\u00e9e, apr\u00e8s les plaidoiries de la d\u00e9fense. L\u2019ancien policier encourt la r\u00e9clusion criminelle \u00e0 perp\u00e9tuit\u00e9. Le meurtre d\u2019Amanda Glain avait marqu\u00e9 le d\u00e9but d\u2019une longue liste de f\u00e9minicides en\u00a02022, ann\u00e9e o\u00f9 118 femmes ont \u00e9t\u00e9 tu\u00e9es par leur conjoint ou ex-conjoint selon le minist\u00e8re de l\u2019Int\u00e9rieur.<\/p>\n","protected":false},"excerpt":{"rendered":"La cour d\u2019assises de Paris a entendu jeudi les r\u00e9quisitions contre Arnaud Bonnefoy, ex-policier accus\u00e9 d\u2019avoir \u00e9trangl\u00e9 sa&hellip;\n","protected":false},"author":2,"featured_media":366728,"comment_status":"","ping_status":"","sticky":false,"template":"","format":"standard","meta":{"footnotes":""},"categories":[1888],"tags":[47,11,31908,20851,1777,674,3555,1011,27,662,303,777,12,626,10910,25,797],"class_list":{"0":"post-366727","1":"post","2":"type-post","3":"status-publish","4":"format-standard","5":"has-post-thumbnail","7":"category-paris","8":"tag-actualite","9":"tag-actualites","10":"tag-cavale","11":"tag-cour-dassises","12":"tag-eu","13":"tag-europe","14":"tag-feminicide","15":"tag-fr","16":"tag-france","17":"tag-ile-de-france","18":"tag-justice","19":"tag-meurtre","20":"tag-news","21":"tag-paris","22":"tag-policier","23":"tag-republique-francaise","24":"tag-violences-faites-aux-femmes"},"share_on_mastodon":{"url":"https:\/\/pubeurope.com\/@fr\/115148382851925764","error":""},"_links":{"self":[{"href":"https:\/\/www.europesays.com\/fr\/wp-json\/wp\/v2\/posts\/366727","targetHints":{"allow":["GET"]}}],"collection":[{"href":"https:\/\/www.europesays.com\/fr\/wp-json\/wp\/v2\/posts"}],"about":[{"href":"https:\/\/www.europesays.com\/fr\/wp-json\/wp\/v2\/types\/post"}],"author":[{"embeddable":true,"href":"https:\/\/www.europesays.com\/fr\/wp-json\/wp\/v2\/users\/2"}],"replies":[{"embeddable":true,"href":"https:\/\/www.europesays.com\/fr\/wp-json\/wp\/v2\/comments?post=366727"}],"version-history":[{"count":0,"href":"https:\/\/www.europesays.com\/fr\/wp-json\/wp\/v2\/posts\/366727\/revisions"}],"wp:featuredmedia":[{"embeddable":true,"href":"https:\/\/www.europesays.com\/fr\/wp-json\/wp\/v2\/media\/366728"}],"wp:attachment":[{"href":"https:\/\/www.europesays.com\/fr\/wp-json\/wp\/v2\/media?parent=366727"}],"wp:term":[{"taxonomy":"category","embeddable":true,"href":"https:\/\/www.europesays.com\/fr\/wp-json\/wp\/v2\/categories?post=366727"},{"taxonomy":"post_tag","embeddable":true,"href":"https:\/\/www.europesays.com\/fr\/wp-json\/wp\/v2\/tags?post=366727"}],"curies":[{"name":"wp","href":"https:\/\/api.w.org\/{rel}","templated":true}]}}