{"id":366729,"date":"2025-09-04T22:27:21","date_gmt":"2025-09-04T22:27:21","guid":{"rendered":"https:\/\/www.europesays.com\/fr\/366729\/"},"modified":"2025-09-04T22:27:21","modified_gmt":"2025-09-04T22:27:21","slug":"tout-savoir-sur-la-coalition-des-volontaires","status":"publish","type":"post","link":"https:\/\/www.europesays.com\/fr\/366729\/","title":{"rendered":"tout savoir sur la \u00ab Coalition des volontaires\u00a0\u00bb"},"content":{"rendered":"<p>C&rsquo;est un signal fort. Emmanuel Macron a annonc\u00e9 ce jeudi que\u00a026\u00a0\u00c9tats, principalement europ\u00e9ens, avaient\u00a0\u00ab\u00a0formalis\u00e9 tr\u00e8s pr\u00e9cis\u00e9ment leur contribution\u00a0\u00bb \u00e0 la future \u00ab\u00a0force de r\u00e9assurance\u00a0\u00bb de l&rsquo;<a class=\"Link\" href=\"https:\/\/www.lepoint.fr\/tags\/ukraine\" data-gtm=\"click:capsule\" data-capsule=\"Lien\" rel=\"nofollow noopener\" target=\"_blank\">Ukraine<\/a>, si un cessez-le-feu avec la Russie venait \u00e0 \u00eatre sign\u00e9. Certains devraient\u00a0ainsi d&rsquo;envoyer des troupes sur le sol ukrainien, alors que d&rsquo;autres ont promis\u00a0d&rsquo;assurer une pr\u00e9sence en mer ou dans les airs. Il s&rsquo;agira\u00a0aussi pour les \u00ab\u00a0volontaires\u00a0\u00bb d&rsquo;apporter un soutien logistique et militaire au pays d&rsquo;Europe de l&rsquo;est.<\/p>\n<p>Parmi les membres de cette alliance\u00a0figurent l&rsquo;Allemagne, l&rsquo;Italie, la Pologne, mais aussi des pays non europ\u00e9ens comme le Japon, l&rsquo;Australie et le Canada. Le chef de l&rsquo;\u00c9tat, qui a refus\u00e9 \u00ab\u00a0r\u00e9v\u00e9ler le d\u00e9tail de notre organisation \u00e0 la Russie\u00a0\u00bb, a rappel\u00e9 qu&rsquo;en f\u00e9vrier dernier, seuls Paris et Vilnius \u00e9voquaient l&rsquo;\u00e9ventualit\u00e9 d&rsquo;un tel engagement militaire\u00a0: \u00ab\u00a0Nous \u00e9tions deux. Aujourd&rsquo;hui, ils sont vingt-six\u00a0\u00bb, a-t-il salu\u00e9\u00a0au cours d&rsquo;une conf\u00e9rence de presse conjointe avec son homologue ukrainien <a class=\"Link\" href=\"https:\/\/www.lepoint.fr\/tags\/volodymyr-zelensky\" data-gtm=\"click:capsule\" data-capsule=\"Lien\" rel=\"nofollow noopener\" target=\"_blank\">Volodymyr Zelensky<\/a>, en visite \u00e0 Paris.<\/p>\n<p>Le locataire de l&rsquo;\u00c9lys\u00e9e a insist\u00e9 sur la vocation de cette coalition\u00a0: \u00ab\u00a0Cette force n&rsquo;a pas pour objectif de mener quelque guerre contre la Russie\u00a0\u00bb, mais bien de garantir la s\u00e9curit\u00e9 de l&rsquo;Ukraine et de renforcer ses capacit\u00e9s de n\u00e9gociation face \u00e0 Vladimir Poutine. L&rsquo;objectif est de s&rsquo;assurer qu&rsquo;aucune restriction ne vienne poser des limites \u00e0\u00a0l&rsquo;action de l&rsquo;arm\u00e9e ukrainienne en cas d&rsquo;accord de paix sign\u00e9 avec le Kremlin.Le \u00ab\u00a0filet de s\u00e9curit\u00e9\u00a0\u00bb am\u00e9ricain<\/p>\n<p>\n\u00c0 D\u00e9couvrir<br \/>\n<strong class=\"discover-kangourou__line\"><br \/>\n<img decoding=\"async\" class=\"discover-kangourou__img\" src=\"https:\/\/static.lpnt.fr\/static\/img\/kangourou\/kangourou_filled.svg\"\/><br \/>\n<strong class=\"discover-kangourou__txt\"><br \/>\n<strong>Le Kangourou du jour<\/strong><br \/>\n<a href=\"https:\/\/kangourou.lepoint.fr\" title=\"kangourou\" data-gtm-cta=\"kangourou_article\" class=\"discover-kangourou__lnk\" rel=\"nofollow noopener\" target=\"_blank\"><br \/>\nR\u00e9pondre<br \/>\n<\/a><br \/>\n<\/strong><br \/>\n<\/strong><br \/>\nUn point central de la r\u00e9union a concern\u00e9 la position am\u00e9ricaine. Apr\u00e8s une visioconf\u00e9rence avec Donald Trump, Emmanuel Macron a assur\u00e9 que le \u00ab\u00a0soutien am\u00e9ricain\u00a0\u00bb serait \u00ab\u00a0finalis\u00e9 dans les prochains jours\u00a0\u00bb. Volodymyr Zelensky\u00a0a salu\u00e9 ce filet de s\u00e9curit\u00e9 venu de Washington, d\u00e9clarant\u00a0: \u00ab\u00a0Nous comptons sur le backstop (filet de s\u00e9curit\u00e9)\u00a0des \u00c9tats-Unis\u00a0\u00bb. Pour Paris comme pour Kiev, l&rsquo;engagement am\u00e9ricain est une garantie indispensable dans le <a class=\"Link\" href=\"https:\/\/www.lepoint.fr\/monde\/la-prochaine-fois-a-moscou-la-russie-jubile-sans-rien-ceder-16-08-2025-2596448_24.php\" title=\"\" data-gtm=\"click:capsule\" data-capsule=\"Lien\" rel=\"nofollow noopener\" target=\"_blank\">rapport de force avec Moscou<\/a>.<\/p>\n<p>Au-del\u00e0 du volet militaire, Emmanuel Macron a pr\u00e9venu que l&rsquo;Union europ\u00e9enne et les \u00c9tats-Unis pr\u00e9pareraient de nouvelles sanctions si la Russie persiste \u00e0 refuser un accord de paix. \u00ab\u00a0L&rsquo;alignement am\u00e9ricano-europ\u00e9en ne sera que plus efficace\u00a0\u00bb, a-t-il assur\u00e9, laissant entendre que de nouveaux contacts auraient lieu prochainement entre Washington et Moscou.<\/p>\n<p>Toute l\u2019actualit\u00e9 \u00e0 1\u20ac le premier mois<\/p>\n<p><a href=\"https:\/\/abo.lepoint.fr\/?provenance=21EDI020098\" class=\"btn\" title=\"S&#039;abonner\" data-gtm=\"click:abo|display:abo\" data-campaign=\"paywall_maison\" rel=\"nofollow noopener\" target=\"_blank\">S&rsquo;abonner<\/a><\/p>\n<p>ou<\/p>\n","protected":false},"excerpt":{"rendered":"C&rsquo;est un signal fort. Emmanuel Macron a annonc\u00e9 ce jeudi que\u00a026\u00a0\u00c9tats, principalement europ\u00e9ens, avaient\u00a0\u00ab\u00a0formalis\u00e9 tr\u00e8s pr\u00e9cis\u00e9ment leur contribution\u00a0\u00bb&hellip;\n","protected":false},"author":2,"featured_media":366730,"comment_status":"","ping_status":"","sticky":false,"template":"","format":"standard","meta":{"footnotes":""},"categories":[1591],"tags":[11,1073,674,1887,12,1885,1886,132,220,134],"class_list":{"0":"post-366729","1":"post","2":"type-post","3":"status-publish","4":"format-standard","5":"has-post-thumbnail","7":"category-russie","8":"tag-actualites","9":"tag-emmanuel-macron","10":"tag-europe","11":"tag-federation-de-russie","12":"tag-news","13":"tag-russia","14":"tag-russian-federation","15":"tag-russie","16":"tag-ukraine","17":"tag-volodymyr-zelensky"},"share_on_mastodon":{"url":"https:\/\/pubeurope.com\/@fr\/115148386725836589","error":""},"_links":{"self":[{"href":"https:\/\/www.europesays.com\/fr\/wp-json\/wp\/v2\/posts\/366729","targetHints":{"allow":["GET"]}}],"collection":[{"href":"https:\/\/www.europesays.com\/fr\/wp-json\/wp\/v2\/posts"}],"about":[{"href":"https:\/\/www.europesays.com\/fr\/wp-json\/wp\/v2\/types\/post"}],"author":[{"embeddable":true,"href":"https:\/\/www.europesays.com\/fr\/wp-json\/wp\/v2\/users\/2"}],"replies":[{"embeddable":true,"href":"https:\/\/www.europesays.com\/fr\/wp-json\/wp\/v2\/comments?post=366729"}],"version-history":[{"count":0,"href":"https:\/\/www.europesays.com\/fr\/wp-json\/wp\/v2\/posts\/366729\/revisions"}],"wp:featuredmedia":[{"embeddable":true,"href":"https:\/\/www.europesays.com\/fr\/wp-json\/wp\/v2\/media\/366730"}],"wp:attachment":[{"href":"https:\/\/www.europesays.com\/fr\/wp-json\/wp\/v2\/media?parent=366729"}],"wp:term":[{"taxonomy":"category","embeddable":true,"href":"https:\/\/www.europesays.com\/fr\/wp-json\/wp\/v2\/categories?post=366729"},{"taxonomy":"post_tag","embeddable":true,"href":"https:\/\/www.europesays.com\/fr\/wp-json\/wp\/v2\/tags?post=366729"}],"curies":[{"name":"wp","href":"https:\/\/api.w.org\/{rel}","templated":true}]}}