{"id":366731,"date":"2025-09-04T22:28:10","date_gmt":"2025-09-04T22:28:10","guid":{"rendered":"https:\/\/www.europesays.com\/fr\/366731\/"},"modified":"2025-09-04T22:28:10","modified_gmt":"2025-09-04T22:28:10","slug":"kylian-mbappe-devoile-son-joueur-ukrainien-prefere","status":"publish","type":"post","link":"https:\/\/www.europesays.com\/fr\/366731\/","title":{"rendered":"Kylian Mbapp\u00e9 d\u00e9voile son joueur ukrainien pr\u00e9f\u00e9r\u00e9"},"content":{"rendered":"<p>L\u2019\u00e9quipe de <a href=\"https:\/\/www.footmercato.net\/selection\/france\/\" rel=\"nofollow noopener\" target=\"_blank\">France<\/a> retrouve l\u2019Ukraine demain en Pologne pour lancer sa campagne de qualifications au Mondial 2026. La presse ukrainienne a profit\u00e9 de la venue de <a href=\"https:\/\/www.footmercato.net\/joueur\/kylian-mbappe\/\" rel=\"nofollow noopener\" target=\"_blank\">Kylian Mbapp\u00e9<\/a> en conf\u00e9rence de presse pour lui demander quel \u00e9tait son joueur ukrainien pr\u00e9f\u00e9r\u00e9.<\/p>\n<p>            La suite apr\u00e8s cette publicit\u00e9<\/p>\n<p>Le Madril\u00e8ne l\u2019a jou\u00e9 corporate puisqu\u2019il a d\u00e9sign\u00e9 Andriy Lunin, le num\u00e9ro 2 de la Casa Blanca derri\u00e8re Thibaut Courtois. \u00abLunin mais il n\u2019est pas l\u00e0. C\u2019est mon pr\u00e9f\u00e9r\u00e9, a-t-il r\u00e9pondu en souriant. J\u2019aime mes co\u00e9quipiers.\u00bb<\/p>\n<p>\n    Pub. le 04\/09\/2025 20:43<br \/>\n            &#8211; MAJ le 04\/09\/2025 22:40\n    <\/p>\n","protected":false},"excerpt":{"rendered":"L\u2019\u00e9quipe de France retrouve l\u2019Ukraine demain en Pologne pour lancer sa campagne de qualifications au Mondial 2026. La&hellip;\n","protected":false},"author":2,"featured_media":331054,"comment_status":"","ping_status":"","sticky":false,"template":"","format":"standard","meta":{"footnotes":""},"categories":[1590],"tags":[11,1777,674,12,220],"class_list":{"0":"post-366731","1":"post","2":"type-post","3":"status-publish","4":"format-standard","5":"has-post-thumbnail","7":"category-ukraine","8":"tag-actualites","9":"tag-eu","10":"tag-europe","11":"tag-news","12":"tag-ukraine"},"share_on_mastodon":{"url":"https:\/\/pubeurope.com\/@fr\/115148390955399067","error":""},"_links":{"self":[{"href":"https:\/\/www.europesays.com\/fr\/wp-json\/wp\/v2\/posts\/366731","targetHints":{"allow":["GET"]}}],"collection":[{"href":"https:\/\/www.europesays.com\/fr\/wp-json\/wp\/v2\/posts"}],"about":[{"href":"https:\/\/www.europesays.com\/fr\/wp-json\/wp\/v2\/types\/post"}],"author":[{"embeddable":true,"href":"https:\/\/www.europesays.com\/fr\/wp-json\/wp\/v2\/users\/2"}],"replies":[{"embeddable":true,"href":"https:\/\/www.europesays.com\/fr\/wp-json\/wp\/v2\/comments?post=366731"}],"version-history":[{"count":0,"href":"https:\/\/www.europesays.com\/fr\/wp-json\/wp\/v2\/posts\/366731\/revisions"}],"wp:featuredmedia":[{"embeddable":true,"href":"https:\/\/www.europesays.com\/fr\/wp-json\/wp\/v2\/media\/331054"}],"wp:attachment":[{"href":"https:\/\/www.europesays.com\/fr\/wp-json\/wp\/v2\/media?parent=366731"}],"wp:term":[{"taxonomy":"category","embeddable":true,"href":"https:\/\/www.europesays.com\/fr\/wp-json\/wp\/v2\/categories?post=366731"},{"taxonomy":"post_tag","embeddable":true,"href":"https:\/\/www.europesays.com\/fr\/wp-json\/wp\/v2\/tags?post=366731"}],"curies":[{"name":"wp","href":"https:\/\/api.w.org\/{rel}","templated":true}]}}