{"id":366732,"date":"2025-09-04T22:29:13","date_gmt":"2025-09-04T22:29:13","guid":{"rendered":"https:\/\/www.europesays.com\/fr\/366732\/"},"modified":"2025-09-04T22:29:13","modified_gmt":"2025-09-04T22:29:13","slug":"les-tarifs-americains-au-coeur-de-la-reunion-du-cabinet-carney","status":"publish","type":"post","link":"https:\/\/www.europesays.com\/fr\/366732\/","title":{"rendered":"Les tarifs am\u00e9ricains au c\u0153ur de la r\u00e9union du Cabinet Carney"},"content":{"rendered":"<p class=\"sc-jbo7hw-7 bDkRIk\">Les n\u00e9gociations commerciales avec les \u00c9tats-Unis ont occup\u00e9 une grande place dans les discussions lors de la deuxi\u00e8me et derni\u00e8re journ\u00e9e de r\u00e9union du Cabinet f\u00e9d\u00e9ral de Mark Carney, jeudi, \u00e0 Toronto.<\/p>\n<p class=\"sc-jbo7hw-7 bDkRIk\">Le ministre responsable du Commerce Canada\u2013\u00c9tats-Unis, Dominic LeBlanc, a dit avoir bon espoir de pouvoir faire reculer les Am\u00e9ricains sur les tarifs.<\/p>\n<p class=\"sc-jbo7hw-7 bDkRIk\">Soulager les secteurs cl\u00e9s de l\u2019\u00e9conomie canadienne des tarifs am\u00e9ricains demeure l\u2019enjeu principal de nos efforts diplomatiques, a d\u00e9clar\u00e9 M.\u00a0LeBlanc en donnant l&rsquo;exemple des secteurs de l\u2019aluminium, du bois d&rsquo;\u0153uvre, de l\u2019automobile et de l\u2019acier.<\/p>\n<p><img decoding=\"async\" alt=\"Un portrait de M. LeBlanc.\" class=\"absolute left-0 top-0 size-full object-cover transition-opacity ease-out print:relative html-dark:brightness-[.8]\" loading=\"lazy\" src=\"https:\/\/www.europesays.com\/fr\/wp-content\/uploads\/2025\/09\/leblanc-ministre.jpg\"\/>Ouvrir en mode plein \u00e9cran<\/p>\n<p class=\"sc-ic6be9-2 kYrgAK\">Faire tomber les barri\u00e8res tarifaires sectorielles am\u00e9ricaines est l&rsquo;objectif principal de Dominic LeBlanc.<\/p>\n<p class=\"sc-ic6be9-1 cJJtvJ text-gray600 light:text-gray600 dark:text-gray400\">Photo : La Presse canadienne \/ Chris Young<\/p>\n<p class=\"sc-jbo7hw-7 bDkRIk\">Dans les derniers jours, le chef de cabinet de M.\u00a0Carney, Marc-Andr\u00e9 Blanchard, et le greffier du Conseil priv\u00e9, Michael Sabia, \u00e9taient \u00e0 Washington pour rencontrer de hauts grad\u00e9s de l\u2019administration am\u00e9ricaine. Ils ont notamment discut\u00e9 de d\u00e9tails techniques relatifs \u00e0 chacun des secteurs afin d\u2019\u00e9tablir une compr\u00e9hension commune et de trouver des terrains d\u2019entente \u00e0 la pi\u00e8ce.<\/p>\n<p class=\"sc-jbo7hw-7 bDkRIk\">La d\u00e9marche d\u2019Ottawa vise \u00e0 faire tomber les barri\u00e8res tarifaires sectorielles, tout en pr\u00e9parant la r\u00e9vision de l\u2019ACEUM pr\u00e9vue l\u2019ann\u00e9e prochaine, a affirm\u00e9 le ministre LeBlanc.<\/p>\n<p class=\"sc-jbo7hw-7 bDkRIk\">La ministre de l&rsquo;Industrie, M\u00e9lanie Joly, qui tenait conjointement cette conf\u00e9rence de presse avec M.\u00a0LeBlanc, a insist\u00e9 sur les efforts pour faire tomber les tarifs, mais aussi sur les investissements f\u00e9d\u00e9raux n\u00e9cessaires pour b\u00e2tir une \u00e9conomie plus r\u00e9siliente. <\/p>\n<p class=\"sc-jbo7hw-7 bDkRIk\">Mme Joly a d&rsquo;ailleurs laiss\u00e9 entendre que des annonces sont pr\u00e9vues dans les prochains jours, notamment en ce qui concerne les PME.<\/p>\n<blockquote class=\"sc-ym8j07-0 kJvxpW text-gray700 light:text-gray700 dark:text-gray200\">\n<p class=\"sc-ym8j07-1 jhkebe !font-display text-6 leading-5 xsToSm:text-5 font-bold text-gray700 light:text-gray700 dark:text-gray200 font-medium\">Toutes les \u00e9conomies du monde sont en train de s\u2019adapter \u00e0 la nouvelle r\u00e9alit\u00e9 dict\u00e9e par l&rsquo;administration de Donald Trump.<\/p>\n<p>Une citation de M\u00e9lanie Joly, ministre de l&rsquo;Industrie<\/p><\/blockquote>\n<p class=\"sc-jbo7hw-7 bDkRIk\">Pour ce faire, Mme Joly dit se concentrer sur la protection et la cr\u00e9ation d&#8217;emplois, le d\u00e9veloppement d&rsquo;une strat\u00e9gie industrielle en d\u00e9fense avec des partenaires europ\u00e9ens et asiatiques et <a tabindex=\"0\" class=\"border-b border-solid transition-colors text-blue600 hover:text-blue600 light:text-blue600 light:hover:text-blue600 dark:text-blue400 dark:hover:text-blue400 border-gray900\/25 light:border-gray900\/25 dark:border-gray100\/25 hover:border-blue600 light:hover:border-blue600 dark:hover:border-blue400 hover:bg-gray999\/10 light:hover:bg-gray999\/10 dark:hover:bg-gray0\/10\" href=\"https:\/\/ici.radio-canada.ca\/nouvelle\/2189006\/dawn-farrell-trans-mountain-bureau-grands-projets\" rel=\"nofollow noopener\" target=\"_blank\">l&rsquo;investissement dans de grands projets<\/a>.<\/p>\n<p class=\"sc-jbo7hw-7 bDkRIk\">Il faut aussi travailler \u00e0 la transformation des grands secteurs afin de r\u00e9duire la d\u00e9pendance du Canada envers les \u00c9tats-Unis, a-t-elle insist\u00e9.<\/p>\n<p class=\"sc-jbo7hw-7 bDkRIk\">Mme Joly a mentionn\u00e9 le secteur canadien de l&rsquo;acier, qui fournit l&rsquo;industrie automobile am\u00e9ricaine depuis des d\u00e9cennies, qui, selon elle, devrait aussi pouvoir fournir le secteur de la d\u00e9fense canadienne ou encore les constructeurs de navires canadiens.<\/p>\n<p class=\"sc-jbo7hw-7 bDkRIk\">M. LeBlanc a refus\u00e9 de fixer une date limite pour trouver une entente avec la Maison-Blanche. Le ministre n\u2019a pas non plus donn\u00e9 de d\u00e9tails sur les progr\u00e8s r\u00e9alis\u00e9s dans chacun des secteurs cit\u00e9s.<\/p>\n<p class=\"sc-jbo7hw-7 bDkRIk\">Rappelons que la plupart des contre-tarifs canadiens sur plus de 40\u00a0milliards de dollars de produits import\u00e9s des \u00c9tats-Unis <a tabindex=\"0\" class=\"border-b border-solid transition-colors text-blue600 hover:text-blue600 light:text-blue600 light:hover:text-blue600 dark:text-blue400 dark:hover:text-blue400 border-gray900\/25 light:border-gray900\/25 dark:border-gray100\/25 hover:border-blue600 light:hover:border-blue600 dark:hover:border-blue400 hover:bg-gray999\/10 light:hover:bg-gray999\/10 dark:hover:bg-gray0\/10\" href=\"https:\/\/ici.radio-canada.ca\/nouvelle\/2189468\/contre-tarifs-canada-etats-unis-negociations-aceum\" rel=\"nofollow noopener\" target=\"_blank\">ont \u00e9t\u00e9 abolis lundi<\/a> dans un effort d&rsquo;Ottawa d&rsquo;apaiser les tensions avec l&rsquo;administration Trump.<\/p>\n<p>Un absent qui ne passe pas inaper\u00e7u<\/p>\n<p class=\"sc-jbo7hw-7 bDkRIk\">Le bureau du premier ministre Carney a annonc\u00e9 mercredi matin que le Conseil des ministres f\u00e9d\u00e9ral ne rencontrera finalement pas le pr\u00e9sident de la Heritage Foundation, Kevin Roberts, un groupe de droite influent chez les r\u00e9publicains aux \u00c9tats-Unis.<\/p>\n<p class=\"sc-jbo7hw-7 bDkRIk\">Il devait prononcer une conf\u00e9rence ayant pour th\u00e8me\u00a0: \u00c9tablir une nouvelle relation \u00e9conomique et s\u00e9curitaire avec les \u00c9tats-Unis.<\/p>\n<p><img decoding=\"async\" alt=\"Un portrait de M. Roberts devant un drapeau am\u00e9ricain.\" class=\"absolute left-0 top-0 size-full object-cover transition-opacity ease-out print:relative html-dark:brightness-[.8]\" loading=\"lazy\" src=\"https:\/\/www.europesays.com\/fr\/wp-content\/uploads\/2025\/09\/trump-tansition-project-2025.png\"\/>Ouvrir en mode plein \u00e9cran<\/p>\n<p class=\"sc-ic6be9-2 kYrgAK\">Kevin Roberts est aussi l&rsquo;auteur de Project 2025, un ouvrage de 900 pages sur des propositions conservatrices pour une refonte de l&rsquo;appareil d&rsquo;\u00c9tat am\u00e9ricain.<\/p>\n<p class=\"sc-ic6be9-1 cJJtvJ text-gray600 light:text-gray600 dark:text-gray400\">Photo : (J. Scott Applewhite\/The Associated Press)<\/p>\n<p class=\"sc-jbo7hw-7 bDkRIk\">Malheureusement, le bureau de M.\u00a0Roberts nous a fait savoir qu&rsquo;il ne pouvait plus se joindre \u00e0 nous aujourd&rsquo;hui, a indiqu\u00e9 le bureau de M.\u00a0Carney.<\/p>\n<p class=\"sc-jbo7hw-7 bDkRIk\">Notre \u00e9quipe poursuivra bient\u00f4t ses engagements et ses discussions avec lui et d&rsquo;autres personnalit\u00e9s politiques am\u00e9ricaines de premier plan au sujet des relations \u00e9conomiques et de s\u00e9curit\u00e9 entre le Canada et les \u00c9tats-Unis, a-t-on ajout\u00e9.<\/p>\n<p class=\"sc-jbo7hw-7 bDkRIk\">Malgr\u00e9 l\u2019absence de M. Roberts, l&rsquo;autre pan\u00e9liste pour cette session de travail, l&rsquo;ancien premier ministre australien et ambassadeur de l&rsquo;Australie aux \u00c9tats-Unis, Kevin Rudds, sera bel et bien pr\u00e9sent.<\/p>\n<p>Des ajustements pour \u00e9pargner 15\u00a0%<\/p>\n<p class=\"sc-jbo7hw-7 bDkRIk\">Le premier ministre Carney a parl\u00e9 mercredi de mesures <a tabindex=\"0\" class=\"border-b border-solid transition-colors text-blue600 hover:text-blue600 light:text-blue600 light:hover:text-blue600 dark:text-blue400 dark:hover:text-blue400 border-gray900\/25 light:border-gray900\/25 dark:border-gray100\/25 hover:border-blue600 light:hover:border-blue600 dark:hover:border-blue400 hover:bg-gray999\/10 light:hover:bg-gray999\/10 dark:hover:bg-gray0\/10\" href=\"https:\/\/ici.radio-canada.ca\/nouvelle\/2189942\/commerce-defense-rencontre-cabinet-carney\" rel=\"nofollow noopener\" target=\"_blank\">d\u2019\u00ab\u00a0aust\u00e9rit\u00e9\u00a0\u00bb et d\u2019\u00ab\u00a0investissements\u00a0\u00bb dans le prochain budget<\/a>, et son ministre des Finances a \u00e9voqu\u00e9 mercredi des ajustements dans la fonction publique.<\/p>\n<p class=\"sc-jbo7hw-7 bDkRIk\">Il y aura des choix difficiles \u00e0 faire dans la fonction publique, a d\u00e9clar\u00e9 en point de presse le ministre des Finances et du Revenu national, Fran\u00e7ois-Philippe Champagne.<\/p>\n<p><img decoding=\"async\" alt=\"Le ministre Champagne lors d'un point de presse.\" class=\"absolute left-0 top-0 size-full object-cover transition-opacity ease-out print:relative html-dark:brightness-[.8]\" loading=\"lazy\" src=\"https:\/\/www.europesays.com\/fr\/wp-content\/uploads\/2025\/09\/champagne-ministre-93799.jpg\"\/>Ouvrir en mode plein \u00e9cran<\/p>\n<p class=\"sc-ic6be9-2 kYrgAK\">Le ministre des Finances et du Revenu national, Fran\u00e7ois-Philippe Champagne, a demand\u00e9 \u00e0 ses coll\u00e8gues du Cabinet de r\u00e9aliser des \u00e9conomies de 15 % sur trois ans.<\/p>\n<p class=\"sc-ic6be9-1 cJJtvJ text-gray600 light:text-gray600 dark:text-gray400\">Photo : La Presse canadienne \/ Chris Young<\/p>\n<p class=\"sc-jbo7hw-7 bDkRIk\">Toutefois, M. Champagne n\u2019est pas entr\u00e9 dans le d\u00e9tail des ajustements \u00e0 venir, tandis que <a tabindex=\"0\" class=\"border-b border-solid transition-colors text-blue600 hover:text-blue600 light:text-blue600 light:hover:text-blue600 dark:text-blue400 dark:hover:text-blue400 border-gray900\/25 light:border-gray900\/25 dark:border-gray100\/25 hover:border-blue600 light:hover:border-blue600 dark:hover:border-blue400 hover:bg-gray999\/10 light:hover:bg-gray999\/10 dark:hover:bg-gray0\/10\" href=\"https:\/\/ici.radio-canada.ca\/nouvelle\/2177926\/champagne-budget-ministres-mark-carney-automne\" rel=\"nofollow noopener\" target=\"_blank\">ses coll\u00e8gues ministres doivent r\u00e9aliser des \u00e9conomies<\/a> dans les programmes qu&rsquo;ils administrent en vue de la pr\u00e9sentation du budget cet automne.<\/p>\n<blockquote class=\"sc-ym8j07-0 kJvxpW text-gray700 light:text-gray700 dark:text-gray200\">\n<p class=\"sc-ym8j07-1 jhkebe !font-display text-6 leading-5 xsToSm:text-5 font-bold text-gray700 light:text-gray700 dark:text-gray200 font-medium\">Les familles canadiennes se serrent la ceinture depuis un certain temps, et elles s\u2019attendent \u00e0 ce que le gouvernement fasse aussi sa part en fournissant des services de mani\u00e8re plus efficace.<\/p>\n<p>Une citation de Fran\u00e7ois-Philippe Champagne, ministre des Finances<\/p><\/blockquote>\n<p class=\"sc-jbo7hw-7 bDkRIk\">Mes coll\u00e8gues [ministres] comprennent l\u2019enjeu aussi, a dit M.\u00a0Champagne, ajoutant avoir re\u00e7u les r\u00e9ponses de ses coll\u00e8gues \u00e0 sa demande.<\/p>\n<p class=\"sc-jbo7hw-7 bDkRIk\">Les minist\u00e8res avaient jusqu\u2019au 28\u00a0ao\u00fbt pour pr\u00e9senter leurs propositions afin d\u2019atteindre les r\u00e9ductions demand\u00e9es, mais la nature de ces propositions et les d\u00e9cisions du Conseil du Tr\u00e9sor du Canada sont assujetties au secret du Cabinet pendant leur examen, a-t-on r\u00e9pondu \u00e0 Radio-Canada.<\/p>\n<p class=\"sc-jbo7hw-7 bDkRIk\">La cible d\u2019\u00e9conomie de 7,5\u00a0% devra \u00eatre atteinte avant le prochain exercice financier d\u00e9butant au printemps\u00a02026. La barre sera \u00e9lev\u00e9e \u00e0 10\u00a0% au total pour l\u2019ann\u00e9e suivante, puis \u00e0 15\u00a0% pour l\u2019ann\u00e9e\u00a02028, selon le cabinet du ministre.<\/p>\n<p class=\"sc-jbo7hw-7 bDkRIk\">Pour y arriver, le gouvernement cherche \u00e0 doter les fonctionnaires d&rsquo;outils modernes, comme l\u2019intelligence artificielle, a \u00e9voqu\u00e9 le ministre Champagne.<\/p>\n<p class=\"sc-jbo7hw-7 bDkRIk\">Les ministres du Cabinet Carney se rencontreront \u00e0 nouveau \u00e0 Edmonton la semaine prochaine, avant de retourner si\u00e9ger au Parlement dans 10\u00a0jours.<\/p>\n<p>\u00c0 lire et \u00e0 \u00e9couter\u00a0:<\/p>\n","protected":false},"excerpt":{"rendered":"Les n\u00e9gociations commerciales avec les \u00c9tats-Unis ont occup\u00e9 une grande place dans les discussions lors de la deuxi\u00e8me&hellip;\n","protected":false},"author":2,"featured_media":366733,"comment_status":"","ping_status":"","sticky":false,"template":"","format":"standard","meta":{"footnotes":""},"categories":[1589],"tags":[11,73,1866,12,1864,1865,1863,308],"class_list":{"0":"post-366732","1":"post","2":"type-post","3":"status-publish","4":"format-standard","5":"has-post-thumbnail","7":"category-etats-unis","8":"tag-actualites","9":"tag-etats-unis","10":"tag-etats-unis-damerique","11":"tag-news","12":"tag-united-states","13":"tag-united-states-of-america","14":"tag-us","15":"tag-usa"},"share_on_mastodon":{"url":"https:\/\/pubeurope.com\/@fr\/115148394700680207","error":""},"_links":{"self":[{"href":"https:\/\/www.europesays.com\/fr\/wp-json\/wp\/v2\/posts\/366732","targetHints":{"allow":["GET"]}}],"collection":[{"href":"https:\/\/www.europesays.com\/fr\/wp-json\/wp\/v2\/posts"}],"about":[{"href":"https:\/\/www.europesays.com\/fr\/wp-json\/wp\/v2\/types\/post"}],"author":[{"embeddable":true,"href":"https:\/\/www.europesays.com\/fr\/wp-json\/wp\/v2\/users\/2"}],"replies":[{"embeddable":true,"href":"https:\/\/www.europesays.com\/fr\/wp-json\/wp\/v2\/comments?post=366732"}],"version-history":[{"count":0,"href":"https:\/\/www.europesays.com\/fr\/wp-json\/wp\/v2\/posts\/366732\/revisions"}],"wp:featuredmedia":[{"embeddable":true,"href":"https:\/\/www.europesays.com\/fr\/wp-json\/wp\/v2\/media\/366733"}],"wp:attachment":[{"href":"https:\/\/www.europesays.com\/fr\/wp-json\/wp\/v2\/media?parent=366732"}],"wp:term":[{"taxonomy":"category","embeddable":true,"href":"https:\/\/www.europesays.com\/fr\/wp-json\/wp\/v2\/categories?post=366732"},{"taxonomy":"post_tag","embeddable":true,"href":"https:\/\/www.europesays.com\/fr\/wp-json\/wp\/v2\/tags?post=366732"}],"curies":[{"name":"wp","href":"https:\/\/api.w.org\/{rel}","templated":true}]}}