{"id":366734,"date":"2025-09-04T22:30:12","date_gmt":"2025-09-04T22:30:12","guid":{"rendered":"https:\/\/www.europesays.com\/fr\/366734\/"},"modified":"2025-09-04T22:30:12","modified_gmt":"2025-09-04T22:30:12","slug":"le-royaume-uni-nomme-stephen-blyth-ex-gerant-du-fonds-de-harvard-au-comite-de-politique-financiere-de-la-banque-dangleterre-2","status":"publish","type":"post","link":"https:\/\/www.europesays.com\/fr\/366734\/","title":{"rendered":"Le Royaume-Uni nomme Stephen Blyth, ex-g\u00e9rant du fonds de Harvard, au Comit\u00e9 de politique financi\u00e8re de la Banque d&rsquo;Angleterre"},"content":{"rendered":"<p>Le minist\u00e8re britannique des Finances a annonc\u00e9 jeudi la nomination de Stephen Blyth, math\u00e9maticien et ancien banquier ayant dirig\u00e9 le fonds de dotation de l&rsquo;Universit\u00e9 Harvard, \u00e0 un poste \u00e0 temps partiel au sein du Comit\u00e9 de politique financi\u00e8re (FPC) de la Banque d&rsquo;Angleterre.<\/p>\n<p>Le FPC surveille les risques pesant sur le syst\u00e8me financier britannique et fixe les r\u00e8gles relatives aux niveaux de fonds propres des banques et \u00e0 l&rsquo;octroi de cr\u00e9dits hypoth\u00e9caires. Il est pr\u00e9sid\u00e9 par le gouverneur de la Banque d&rsquo;Angleterre, Andrew Bailey.<\/p>\n<p>Depuis 2022, Stephen Blyth est principal du Lady Margaret Hall de l&rsquo;Universit\u00e9 d&rsquo;Oxford. Il a d\u00e9but\u00e9 sa carri\u00e8re comme ma\u00eetre de conf\u00e9rences en math\u00e9matiques avant d&rsquo;occuper des postes de direction chez Morgan Stanley et Deutsche Bank.<\/p>\n<p>Blyth a ensuite \u00e9t\u00e9 nomm\u00e9 directeur g\u00e9n\u00e9ral du fonds de dotation de l&rsquo;Universit\u00e9 Harvard, le plus important au monde pour une universit\u00e9, d&rsquo;une valeur de 53\u00a0milliards de dollars l&rsquo;an dernier, tout en \u00e9tant professeur de statistiques.<\/p>\n<p>\u00ab\u00a0Son exp\u00e9rience remarquable en mati\u00e8re de direction acad\u00e9mique et de gestion financi\u00e8re sera d&rsquo;une grande valeur pour les travaux du comit\u00e9\u00a0\u00bb, a d\u00e9clar\u00e9 Andrew Bailey dans un communiqu\u00e9 saluant la nomination de Blyth.<\/p>\n<p>Stephen Blyth succ\u00e8de \u00e0 Colette Bowe, qui a si\u00e9g\u00e9 en tant que membre externe du comit\u00e9 pendant six ans, jusqu&rsquo;\u00e0 la fin du mois d&rsquo;ao\u00fbt.<\/p>\n<p>Le gouvernement britannique a \u00e9galement annonc\u00e9 la reconduction de Randall Kroszner, ancien responsable de la R\u00e9serve f\u00e9d\u00e9rale am\u00e9ricaine, pour un second mandat de trois ans au sein du FPC.<\/p>\n","protected":false},"excerpt":{"rendered":"Le minist\u00e8re britannique des Finances a annonc\u00e9 jeudi la nomination de Stephen Blyth, math\u00e9maticien et ancien banquier ayant&hellip;\n","protected":false},"author":2,"featured_media":366735,"comment_status":"","ping_status":"","sticky":false,"template":"","format":"standard","meta":{"footnotes":""},"categories":[1588],"tags":[11,340,1777,674,12,473,1853,1851,1850,1852],"class_list":{"0":"post-366734","1":"post","2":"type-post","3":"status-publish","4":"format-standard","5":"has-post-thumbnail","7":"category-royaume-uni","8":"tag-actualites","9":"tag-bourse","10":"tag-eu","11":"tag-europe","12":"tag-news","13":"tag-royaume-uni","14":"tag-royaume-uni-de-grande-bretagne-et-dirlande-du-nord","15":"tag-uk","16":"tag-united-kingdom","17":"tag-united-kingdom-of-great-britain-and-northern-ireland"},"share_on_mastodon":{"url":"https:\/\/pubeurope.com\/@fr\/115148398546163225","error":""},"_links":{"self":[{"href":"https:\/\/www.europesays.com\/fr\/wp-json\/wp\/v2\/posts\/366734","targetHints":{"allow":["GET"]}}],"collection":[{"href":"https:\/\/www.europesays.com\/fr\/wp-json\/wp\/v2\/posts"}],"about":[{"href":"https:\/\/www.europesays.com\/fr\/wp-json\/wp\/v2\/types\/post"}],"author":[{"embeddable":true,"href":"https:\/\/www.europesays.com\/fr\/wp-json\/wp\/v2\/users\/2"}],"replies":[{"embeddable":true,"href":"https:\/\/www.europesays.com\/fr\/wp-json\/wp\/v2\/comments?post=366734"}],"version-history":[{"count":0,"href":"https:\/\/www.europesays.com\/fr\/wp-json\/wp\/v2\/posts\/366734\/revisions"}],"wp:featuredmedia":[{"embeddable":true,"href":"https:\/\/www.europesays.com\/fr\/wp-json\/wp\/v2\/media\/366735"}],"wp:attachment":[{"href":"https:\/\/www.europesays.com\/fr\/wp-json\/wp\/v2\/media?parent=366734"}],"wp:term":[{"taxonomy":"category","embeddable":true,"href":"https:\/\/www.europesays.com\/fr\/wp-json\/wp\/v2\/categories?post=366734"},{"taxonomy":"post_tag","embeddable":true,"href":"https:\/\/www.europesays.com\/fr\/wp-json\/wp\/v2\/tags?post=366734"}],"curies":[{"name":"wp","href":"https:\/\/api.w.org\/{rel}","templated":true}]}}