{"id":366740,"date":"2025-09-04T22:33:11","date_gmt":"2025-09-04T22:33:11","guid":{"rendered":"https:\/\/www.europesays.com\/fr\/366740\/"},"modified":"2025-09-04T22:33:11","modified_gmt":"2025-09-04T22:33:11","slug":"on-a-eu-de-la-grele-et-de-la-neige-cetait-le-chaos-ces-azureens-ont-participe-a-lultra-trail-du-mont-blanc-et-ils-racontent-cette-experience-totalement-dingue","status":"publish","type":"post","link":"https:\/\/www.europesays.com\/fr\/366740\/","title":{"rendered":"\u00ab\u00a0On a eu de la gr\u00eale et de la neige, c\u2019\u00e9tait le chaos\u00a0\u00bb: ces Azur\u00e9ens ont particip\u00e9 \u00e0 l&rsquo;Ultra Trail du Mont-Blanc et ils racontent cette exp\u00e9rience totalement dingue"},"content":{"rendered":"<p>Au-del\u00e0 d\u2019\u00eatre azur\u00e9ens, ces trois-l\u00e0 avaient un point commun: ils ne connaissaient pas la temp\u00e9rature de l\u2019eau au moment de se jeter dans le grand bain. Vendredi dernier, ils ne se sont s\u00fbrement pas crois\u00e9s tant la foule \u00e9tait dense, mais ils \u00e9taient bien sur la ligne de d\u00e9part de leur premier UTMB. L\u2019acronyme d\u2019une course de r\u00e9f\u00e9rence: l\u2019Ultra-Trail du Mont-Blanc, ses 175km et ses 10.000m de d\u00e9nivel\u00e9. Un dr\u00f4le de chantier.<\/p>\n<p>\u00ab\u00a0Je suis arriv\u00e9 1h30 avant le d\u00e9part sur la ligne et c\u2019\u00e9tait d\u00e9j\u00e0 plein\u00a0\u00bb, image Vincent Fabre, traileur install\u00e9 (et licenci\u00e9) \u00e0 Tourrette-Levens. Comme chaque ann\u00e9e, le centre de Chamonix \u00e9tait bond\u00e9 et les 2500 inscrits pr\u00eats \u00e0 s\u2019attaquer au mythe. Consid\u00e9r\u00e9 comme l\u2019un des quatre monuments du trail (avec la Diagonale des Fous, la Western States et la Hardrock 100), l\u2019UTMB n\u2019ouvre pas ses bras \u00e0 n\u2019importe qui. Si certains y voient une course de masse hors de prix, d\u2019autres r\u00eavent d\u2019y participer et ne regrettent pas une fois le d\u00e9fi accompli.<\/p>\n<p>Pluie, gr\u00eale et neige<\/p>\n<p>\u00ab\u00a0C\u2019est difficile de r\u00e9sumer \u00e7a avec un seul mot, mais c\u2019est inoubliable, t\u00e9moigne Catherine Tomasoni (44 ans), elle aussi licenci\u00e9e au Dynamic Trail de Tourrette-Levens. C\u2019est une aventure, un vrai trail de haute montagne!\u00a0\u00bb<\/p>\n<p>Qui r\u00e9serve des surprises et des pi\u00e8ges qu\u2019il n\u2019est pas toujours ais\u00e9 de d\u00e9jouer. \u00ab\u00a0Quand tu as d\u00e9j\u00e0 fait 7000 ou 8000m de d\u00e9nivel\u00e9, ce qui reste est compliqu\u00e9, admet Nicolas Allemeersch, trentenaire originaire de Cannes. La descente apr\u00e8s Vallorcine \u00e9tait vraiment difficile (km 160 environ). Il y avait des gros cailloux et des racines, tu ne pouvais pas du tout courir. Et quand tu as d\u00e9j\u00e0 plus de 20h de course dans les jambes, tu n&rsquo;es plus trop lucide.\u00a0\u00bb<\/p>\n<p>\u00ab\u00a0Le plus marquant, \u00e7a a \u00e9t\u00e9 les conditions climatiques pendant la nuit, juge Vincent Fabre (28 ans). On a pris la pluie jusqu\u2019au 50e km. On a aussi eu de la gr\u00eale et de la neige. La temp\u00e9rature ressentie \u00e9tait de -6 degr\u00e9s.\u00a0\u00bb De quoi venir chatouiller le mental. \u00ab\u00a0C\u2019\u00e9tait le chaos sur un des ravitaillements! Tu vois la t\u00eate des gens d\u00e9j\u00e0 marqu\u00e9e apr\u00e8s 30km, tout le monde a froid, grelotte, il n\u2019y a aucun sourire\u2026 Les commissaires nous ont oblig\u00e9s \u00e0 mettre les tenues chaudes. Ce passage, \u00e7a te mettait en condition. Comme pour te dire: \u2018\u2018Voil\u00e0, c\u2019est \u00e7a l\u2019UTMB!\u2019\u2019\u00a0\u00bb<\/p>\n<p>Trompettes et d\u00e9guisements<\/p>\n<p>Par s\u00e9curit\u00e9, l\u2019organisation a d\u00e9cid\u00e9 de raboter une partie du parcours. De nombreux coureurs \u00e9lites ont m\u00eame abandonn\u00e9. \u00ab\u00a0Les sentiers \u00e9taient pleins de boue\u00a0\u00bb, d\u00e9crit Nicolas Allemeersch. Les supporters, eux, ne se sont pas refroidis: la \u00ab\u00a0course de quartier\u00a0\u00bb, comme certains la surnomment, attire des milliers de fadas. Trompettes, drapeaux et d\u00e9guisements ont anim\u00e9 le trac\u00e9. \u00ab\u00a0C&rsquo;\u00e9tait incroyable, traduit Fabre. M\u00eame sous la pluie en altitude, certains faisaient une fondue! Tu n&rsquo;es jamais seul, on se croirait au Tour de France (sourire). Parfois, il n\u2019y avait m\u00eame pas de passage: les gens \u00e9taient au milieu des sentiers et s&rsquo;\u00e9cartaient quand tu arrivais. Tu sens que c\u2019est la plus grosse course du monde, la capitale du trail!\u00a0\u00bb<\/p>\n<p>\u00ab\u00a0Tu es re\u00e7u comme un roi\u00a0\u00bb<\/p>\n<p>Cal\u00e9e plus loin dans le peloton, Catherine Tomasoni a eu droit \u00e0 un soutien quasi identique. Et appr\u00e9ci\u00e9 le brassage avec les autres courageux. \u00ab\u00a0Que tu sois un \u00e9lite ou un dossard inconnu, c\u2019est la m\u00eame chose. Dans les refuges, tu es re\u00e7u comme un roi. Et puis c&rsquo;est une course mondiale, tu vois la diff\u00e9rence: il y a des Chinois, des Japonais, des \u00c9thiopiens\u2026\u00a0\u00bb<\/p>\n<p>Tout le monde sur un pied d\u2019\u00e9galit\u00e9 ou presque. Class\u00e9 parmi les meilleurs, l\u2019amateur Vincent Fabre a eu l\u2019honneur de courir quelques minutes avec Courtney Dauwalter, l\u00e9gende de la discipline. \u00ab\u00a0C\u2019est elle qui vient te parler, pas l\u2019inverse. Elle est tr\u00e8s ouverte! C\u2019\u00e9tait un truc de fou, on dirait qu\u2019elle \u00e9tait heureuse. Elle n\u2019avan\u00e7ait plus, mais elle \u00e9tait heureuse (sourire).\u00a0\u00bb Comme tous ceux qui ont pass\u00e9 la ligne, conscients d\u2019avoir \u00e9t\u00e9 berc\u00e9s par l\u2019aventure d\u2019une vie.<\/p>\n<p>Leur R\u00c9SULTAT : Nicolas Allemeersch a termin\u00e9 32e sur 1664 arrivants (24h08\u201908\u2019\u2019), Vincent Fabre 48e (24h56\u201933\u2019\u2019) et Catherine Tomasoni 1545e (46h17\u201953\u2019\u2019).<\/p>\n<p>              <img ci-src=\"https:\/\/www.nicematin.com\/course-pedestre\/protec\/DATA_ART_16186249-rroBSufQ.jpg?vh=6e75dc&amp;ci_seal=938601a333\" alt=\"\"\/><br \/>\n        Nicolas Allemeersch <strong>DR.<\/strong> <\/p>\n","protected":false},"excerpt":{"rendered":"Au-del\u00e0 d\u2019\u00eatre azur\u00e9ens, ces trois-l\u00e0 avaient un point commun: ils ne connaissaient pas la temp\u00e9rature de l\u2019eau au&hellip;\n","protected":false},"author":2,"featured_media":366741,"comment_status":"","ping_status":"","sticky":false,"template":"","format":"standard","meta":{"footnotes":""},"categories":[1586],"tags":[11,11488,1777,674,1779,1011,27,12,25,60,1778,364],"class_list":{"0":"post-366740","1":"post","2":"type-post","3":"status-publish","4":"format-standard","5":"has-post-thumbnail","7":"category-europe","8":"tag-actualites","9":"tag-course-pedestre","10":"tag-eu","11":"tag-europe","12":"tag-european-union","13":"tag-fr","14":"tag-france","15":"tag-news","16":"tag-republique-francaise","17":"tag-sports","18":"tag-ue","19":"tag-union-europeenne"},"share_on_mastodon":{"url":"https:\/\/pubeurope.com\/@fr\/115148410340000312","error":""},"_links":{"self":[{"href":"https:\/\/www.europesays.com\/fr\/wp-json\/wp\/v2\/posts\/366740","targetHints":{"allow":["GET"]}}],"collection":[{"href":"https:\/\/www.europesays.com\/fr\/wp-json\/wp\/v2\/posts"}],"about":[{"href":"https:\/\/www.europesays.com\/fr\/wp-json\/wp\/v2\/types\/post"}],"author":[{"embeddable":true,"href":"https:\/\/www.europesays.com\/fr\/wp-json\/wp\/v2\/users\/2"}],"replies":[{"embeddable":true,"href":"https:\/\/www.europesays.com\/fr\/wp-json\/wp\/v2\/comments?post=366740"}],"version-history":[{"count":0,"href":"https:\/\/www.europesays.com\/fr\/wp-json\/wp\/v2\/posts\/366740\/revisions"}],"wp:featuredmedia":[{"embeddable":true,"href":"https:\/\/www.europesays.com\/fr\/wp-json\/wp\/v2\/media\/366741"}],"wp:attachment":[{"href":"https:\/\/www.europesays.com\/fr\/wp-json\/wp\/v2\/media?parent=366740"}],"wp:term":[{"taxonomy":"category","embeddable":true,"href":"https:\/\/www.europesays.com\/fr\/wp-json\/wp\/v2\/categories?post=366740"},{"taxonomy":"post_tag","embeddable":true,"href":"https:\/\/www.europesays.com\/fr\/wp-json\/wp\/v2\/tags?post=366740"}],"curies":[{"name":"wp","href":"https:\/\/api.w.org\/{rel}","templated":true}]}}