{"id":366749,"date":"2025-09-04T22:39:10","date_gmt":"2025-09-04T22:39:10","guid":{"rendered":"https:\/\/www.europesays.com\/fr\/366749\/"},"modified":"2025-09-04T22:39:10","modified_gmt":"2025-09-04T22:39:10","slug":"pro-d2-colomiers-ecrase-biarritz-et-signe-une-deuxieme-victoire-lequipe","status":"publish","type":"post","link":"https:\/\/www.europesays.com\/fr\/366749\/","title":{"rendered":"Pro D2 : Colomiers \u00e9crase Biarritz et signe une deuxi\u00e8me victoire &#8211; L&#039;\u00c9quipe"},"content":{"rendered":"<ol>\n<li><a href=\"https:\/\/news.google.com\/rss\/articles\/CBMitAFBVV95cUxOeWtWOE93ZlIta1RpdzhoSmxIcDN5UmQ3Vk1HSWNFQmxOOGd5dnB0eFhpcHlya0s0QkZMcmNhRGtMcGtURV9Pb0xwOGdjSC1hOWdpSTFwd1MzanRSTnQyTVE2Q0M2UGhSaXBiYnpUOEJYTVVTYW1XemliNW05MHh4YkdxQXhrVG9kTnZzMGc1eDVHdDlzRjc5N3BhNy0ySlhVd0ZZQkV6X1hxamg2WFM5bUx5RXI?oc=5\" target=\"_blank\" rel=\"nofollow noopener\">Pro D2 : Colomiers \u00e9crase Biarritz et signe une deuxi\u00e8me victoire<\/a>&nbsp;&nbsp;L&rsquo;\u00c9quipe<\/li>\n<li><a href=\"https:\/\/news.google.com\/rss\/articles\/CBMiwwFBVV95cUxOaG1iakkzX1MyMlk0UWVveUdCQWFDZkotLVNvSEoydXlPNkhsR1ZCX19aRWF5NHVwMXpaX3VwemtveGtRRHgzbVlXRlJKWGZmUlYzTFFYbFJPTi1pWndTSkFKLWlSOXlrLVFEbTZhcklyOEh6NmozaFNsOGlROVB3Q2N4LUVqTWZNOFVQUFRXbFQzZFpmYTFhbDA0VDEyNjl4bncxWFhaTkk1ajdEUFdqZWdYUFJvNzhHaDFuX3hBMGpmeVU?oc=5\" target=\"_blank\" rel=\"nofollow noopener\">Biarritz Olympique : un brutal retour sur terre \u00e0 Colomiers<\/a>&nbsp;&nbsp;Sud Ouest<\/li>\n<li><a href=\"https:\/\/news.google.com\/rss\/articles\/CBMiZkFVX3lxTE1rdDZjdS1wNmljRjlEZDRjSGppLVROdkFnQlY1UHdKNnBuMlEwaXROeXhKYTB6WHhvbmI1UExsZGJYXzFUWkE4Z1hTM081UW40c3J4VU0tQlVsdWF2dGw2TDJRMjAxZw?oc=5\" target=\"_blank\" rel=\"nofollow noopener\">La compo contre Biarritz !<\/a>&nbsp;&nbsp;Colomiers Rugby<\/li>\n<li><a href=\"https:\/\/news.google.com\/rss\/articles\/CBMi9AFBVV95cUxOZlBhX2VLTk5Ec3k4RFZRVTZNR29rd2NzdW1sZlhMN28zOXRkU1RSbV9kdkdFNlpWVTVFaVZLbUxvaXpFREhZeDc1bHo5UXpETW1CaEhIaUZkc0c5SEVta0ZpYTR6TWw5NkdUc0oyTnc5MXdGMklHV091X0Rpb0pnTHVQNlZqM2NFc2plWG5CWmZwM2VFWVNRd1NmeDNYSXdzZnBqamd1R0xKNUlYZ2xKQlRQUFpLN3BKMEx2bnZ5SU1Hb2ZNNXNDb2pYb2dFU0RiX19CMmI3SHVzMEU1MWFoaDh6cUVUMkJFMHQwTmZ3ZFZabmhW?oc=5\" target=\"_blank\" rel=\"nofollow noopener\">Pro D2. Colomiers s\u2019empare de la t\u00eate du championnat apr\u00e8s avoir \u00e9cras\u00e9 Biarritz<\/a>&nbsp;&nbsp;Ouest-France<\/li>\n<li><a href=\"https:\/\/news.google.com\/rss\/articles\/CBMiwAFBVV95cUxPNXcxMmdxamlteHI4QWw1bC14bUtlbEgwLXViX21saDZmM2xxaUdNdUhFcDhlVFBSbGVCSDRoQUxhWU40YktobC1odHk1REZYZXJTb01Xc0hVcFBWMlp4TktxcUY0TGtBRGh2Slg0eVB5cGFEWDNMTzRmZVg2czM3LUFRNW0zb1VpMFZlcUYtWm04cEZFZEQySFUxTjhPTmUxMjFPQVdmWFZPTVdJQjBPVVBOOTR3aWtCYnNqQjZfN0U?oc=5\" target=\"_blank\" rel=\"nofollow noopener\">Pro D2 \u2013 Colomiers \u00e9crase Biarritz et confirme son excellent d\u00e9but de saison<\/a>&nbsp;&nbsp;Rugbyrama<\/li>\n<\/ol>\n","protected":false},"excerpt":{"rendered":"Pro D2 : Colomiers \u00e9crase Biarritz et signe une deuxi\u00e8me victoire&nbsp;&nbsp;L&rsquo;\u00c9quipe Biarritz Olympique : un brutal retour sur&hellip;\n","protected":false},"author":2,"featured_media":366750,"comment_status":"","ping_status":"","sticky":false,"template":"","format":"standard","meta":{"footnotes":""},"categories":[1416],"tags":[1011,27,479,1468,60],"class_list":{"0":"post-366749","1":"post","2":"type-post","3":"status-publish","4":"format-standard","5":"has-post-thumbnail","7":"category-rugby","8":"tag-fr","9":"tag-france","10":"tag-rugby","11":"tag-rugby-football","12":"tag-sports"},"share_on_mastodon":{"url":"https:\/\/pubeurope.com\/@fr\/115148433974346129","error":""},"_links":{"self":[{"href":"https:\/\/www.europesays.com\/fr\/wp-json\/wp\/v2\/posts\/366749","targetHints":{"allow":["GET"]}}],"collection":[{"href":"https:\/\/www.europesays.com\/fr\/wp-json\/wp\/v2\/posts"}],"about":[{"href":"https:\/\/www.europesays.com\/fr\/wp-json\/wp\/v2\/types\/post"}],"author":[{"embeddable":true,"href":"https:\/\/www.europesays.com\/fr\/wp-json\/wp\/v2\/users\/2"}],"replies":[{"embeddable":true,"href":"https:\/\/www.europesays.com\/fr\/wp-json\/wp\/v2\/comments?post=366749"}],"version-history":[{"count":0,"href":"https:\/\/www.europesays.com\/fr\/wp-json\/wp\/v2\/posts\/366749\/revisions"}],"wp:featuredmedia":[{"embeddable":true,"href":"https:\/\/www.europesays.com\/fr\/wp-json\/wp\/v2\/media\/366750"}],"wp:attachment":[{"href":"https:\/\/www.europesays.com\/fr\/wp-json\/wp\/v2\/media?parent=366749"}],"wp:term":[{"taxonomy":"category","embeddable":true,"href":"https:\/\/www.europesays.com\/fr\/wp-json\/wp\/v2\/categories?post=366749"},{"taxonomy":"post_tag","embeddable":true,"href":"https:\/\/www.europesays.com\/fr\/wp-json\/wp\/v2\/tags?post=366749"}],"curies":[{"name":"wp","href":"https:\/\/api.w.org\/{rel}","templated":true}]}}