{"id":366753,"date":"2025-09-04T22:42:14","date_gmt":"2025-09-04T22:42:14","guid":{"rendered":"https:\/\/www.europesays.com\/fr\/366753\/"},"modified":"2025-09-04T22:42:14","modified_gmt":"2025-09-04T22:42:14","slug":"je-me-sentais-comme-le-maillon-faible","status":"publish","type":"post","link":"https:\/\/www.europesays.com\/fr\/366753\/","title":{"rendered":"Je me sentais comme le maillon faible"},"content":{"rendered":"<p>Avec la r\u00e9cente <a href=\"https:\/\/fr.motorsport.com\/motogp\/news\/jack-miller-officialise-pramac-yamaha-2026\/10756087\/\" rel=\"nofollow noopener\" target=\"_blank\">officialisation de la prolongation<\/a> de <a href=\"https:\/\/fr.motorsport.com\/driver\/jack-miller\/96423\/\" target=\"_blank\" rel=\"noopener nofollow\">Jack Miller<\/a> chez <a href=\"https:\/\/fr.motorsport.com\/team\/pramac-racing\/857\/\" target=\"_blank\" rel=\"noopener nofollow\">Pramac Racing<\/a> pour 2026 et\u00a0l&rsquo;arriv\u00e9e programm\u00e9e de <a href=\"https:\/\/fr.motorsport.com\/driver\/toprak-razgatlioglu\/178502\/\" rel=\"nofollow noopener\" target=\"_blank\">Toprak Razgatlioglu<\/a> dans l&rsquo;\u00e9quipe italienne l&rsquo;ann\u00e9e prochaine, le destin de l&rsquo;actuel pilote <a href=\"https:\/\/fr.motorsport.com\/driver\/miguel-oliveira\/109382\/\" target=\"_blank\" rel=\"noopener nofollow\">Miguel Oliveira<\/a> semble tout trac\u00e9. Un futur qui se dessine donc hors du MotoGP pour le moment.<\/p>\n<p>Interrog\u00e9 sur le sujet ce jeudi en Catalogne, le Portugais a tout de m\u00eame insist\u00e9 sur le fait qu&rsquo;il lui restait encore huit courses \u00e0 boucler dans la cat\u00e9gorie et qu&rsquo;il n&rsquo;\u00e9tait donc pas encore officiellement \u00ab\u00a0sans guidon\u00a0\u00bb, malgr\u00e9 les remarques des journalistes. Alors que la d\u00e9cision finale du line-up Pramac se faisait attendre, Oliveira n&rsquo;a pas cach\u00e9 sa surprise face au choix de son \u00e9quipe.<\/p>\n<p>\u00ab\u00a0Je savais qu&rsquo;il y avait cette d\u00e9cision en attente, bien s\u00fbr, mais elle est arriv\u00e9e un peu comme une surprise dans le contexte global\u00a0\u00bb, a-t-il avou\u00e9. \u00ab\u00a0Quand j&rsquo;ai d\u00e9cid\u00e9 de rejoindre le projet en 2024, c&rsquo;\u00e9tait sur un contrat avec un an en option, avec une clause de performance au milieu de la premi\u00e8re saison. L&rsquo;id\u00e9e \u00e9tait d&rsquo;avoir deux pilotes exp\u00e9riment\u00e9s dans la seconde \u00e9quipe juste pour donner du feedback et aider \u00e0 la transition du projet.\u00a0\u00bb<\/p>\n<blockquote>\n<p> Je me sentais un peu comme le maillon faible, parce que je revenais d&rsquo;une blessure et chaque course devenait une sorte de &lsquo;prouve-toi&rsquo;, tu sais, &lsquo;montre ce que tu vaux&rsquo;.<\/p>\n<p>\u00a0<\/p>\n<\/blockquote>\n<p>   <img decoding=\"async\" draggable=\"false\" src=\"https:\/\/www.europesays.com\/fr\/wp-content\/uploads\/2025\/09\/1757025733_801_miguel-oliveira-pramac-racing.jpg\" alt=\"Miguel Oliveira (Pramac Racing).\" width=\"1200\" height=\"800\" loading=\"lazy\"\/> <\/p>\n<p class=\"title\">Miguel Oliveira (Pramac Racing).<\/p>\n<p class=\"photographer\">Photo de: Gold and Goose Photography \/ LAT Images \/ via Getty Images<\/p>\n<p>Malgr\u00e9 tout, le pilote semble comprendre la d\u00e9cision de Yamaha. Selon lui, sa blessure en d\u00e9but de saison et la pression de performer pour \u00ab\u00a0prouver sa valeur\u00a0\u00bb apr\u00e8s son retour lors du Grand Prix de France, tout comme celle apport\u00e9e par les m\u00e9dias, n&rsquo;ont pas cr\u00e9\u00e9 un environnement favorable \u00e0 de bons r\u00e9sultats pour le Portugais, actuellement 23e au <a href=\"https:\/\/fr.motorsport.com\/motogp\/standings\/2025\/\" rel=\"nofollow noopener\" target=\"_blank\">classement pilotes<\/a> avec 10 points inscrits.<\/p>\n<p>\u00ab\u00a0Il y a eu deux moments cl\u00e9s : le premier, c&rsquo;est ma blessure, quand je suis revenu trop tard dans la saison, et la d\u00e9cision sur le [nouveau] pilote de Pramac \u00e9tait d\u00e9j\u00e0 prise\u00a0\u00bb, a expliqu\u00e9 Oliveira. \u00ab\u00a0Donc je me sentais un peu comme le maillon faible, parce que je revenais d&rsquo;une blessure et chaque course devenait une sorte de &lsquo;prouve-toi&rsquo;, tu sais, &lsquo;montre ce que tu vaux&rsquo;. Et c&rsquo;est normal d&rsquo;avoir de la pression, mais ce type de pression \u00e9tait un peu\u2026 Je ne veux pas dire injuste, ce n&rsquo;est pas \u00e0 moi de juger. Mais c&rsquo;\u00e9tait comme \u00e7a. Et le fait que la d\u00e9cision ait pris autant de temps a cr\u00e9\u00e9 peut-\u00eatre encore plus d&rsquo;anxi\u00e9t\u00e9.\u00a0\u00bb<\/p>\n<p>\u00ab\u00a0Et venir ici et avoir tout\u2026 Vous [les m\u00e9dias] avez \u00e9t\u00e9, je suppose, normaux l\u00e0-dessus. Ce n&rsquo;\u00e9tait pas un massacre, mais ce sujet \u00e9tait toujours en suspens. Et vous posiez toujours des questions. Donc arriver le week-end, devoir g\u00e9rer \u00e7a, en plus de ton stress parce que tu ne sais rien\u2026 et voil\u00e0.\u00a0\u00bb<\/p>\n<p>\u00ab\u00a0La d\u00e9cision est finalement arriv\u00e9e tard, \u00e0 Balaton, quand le rookie Yamaha a finalement dit non [Manuel Gonz\u00e1lez, un temps envisag\u00e9 pour 2026, ndlr]. Sinon, le line-up aurait \u00e9t\u00e9 diff\u00e9rent de celui que vous voyez maintenant.\u00a0Donc oui\u2026 c&rsquo;est une de ces choses avec lesquelles on peut ne pas \u00eatre d&rsquo;accord, qu&rsquo;on peut ne pas trouver id\u00e9ales, mais c&rsquo;est comme \u00e7a.\u201d\u00a0<\/p>\n<p>   <img decoding=\"async\" draggable=\"false\" src=\"https:\/\/www.europesays.com\/fr\/wp-content\/uploads\/2025\/09\/1757025734_426_miguel-oliveira-pramac-racing.jpg\" alt=\"Miguel Oliveira, Pramac Racing\" width=\"1200\" height=\"800\" loading=\"lazy\"\/> <\/p>\n<p class=\"title\">Miguel Oliveira, Pramac Racing<\/p>\n<p class=\"photographer\">Photo de: Gold and Goose Photography \/ LAT Images \/ via Getty Images<\/p>\n<p>Pense-t-il avoir suffisamment prouv\u00e9 ce dont il \u00e9tait capable cette ann\u00e9e ? \u00ab\u00a0Eh bien, c&rsquo;est un peu difficile de r\u00e9pondre\u00a0\u00bb, a-t-il l\u00e2ch\u00e9. \u00ab\u00a0Tu veux dire &lsquo;prouver&rsquo; quand tu obtiens un bon r\u00e9sultat, quand tu as la moto ce week-end-l\u00e0 et que tu peux vraiment montrer ton potentiel.\u00a0\u00bb<\/p>\n<p>\u00ab\u00a0Le MotoGP n&rsquo;est pas lin\u00e9aire en termes de performances finales. M\u00eame des pilotes qui restent de nombreuses ann\u00e9es sur la m\u00eame moto rencontrent parfois des difficult\u00e9s pour une raison ou une autre, sans explication technique claire. Regardez [Bard] Binder, regardez Pecco [Bagnaia] maintenant, peut-\u00eatre qu&rsquo;ils ont un peu plus de mal. Et tous ont \u00e9t\u00e9 sur les m\u00eames motos pendant de tr\u00e8s nombreuses ann\u00e9es.\u00a0\u00bb<\/p>\n<p>\u00ab\u00a0Moi, j&rsquo;ai chang\u00e9 de moto quasiment chaque ann\u00e9e. Et oui, il y a une p\u00e9riode o\u00f9 tu dois t&rsquo;adapter, une p\u00e9riode o\u00f9 tu es l\u00e0, mais tu tombes et tu apprends certaines choses. Et il y a la p\u00e9riode o\u00f9 tu commences vraiment \u00e0 capitaliser sur les r\u00e9sultats. Je sens que je suis encore dans cette transition, celle de capitaliser sur les r\u00e9sultats. Ce n&rsquo;est pas encore arriv\u00e9 pour moi. Mais il est vrai que ces derniers mois, la moto n&rsquo;a pas \u00e9t\u00e9 la moto parfaite \u00e0 piloter. Regardez l&rsquo;Autriche, par exemple, les quatre derni\u00e8res motos \u00e9taient des Yamaha.\u201d<\/p>\n<p>Quel avenir pour Miguel Oliveira ?<\/p>\n<p>Alors que le dernier guidon libre de la grille, chez LCR Honda aux c\u00f4t\u00e9s des <a href=\"https:\/\/fr.motorsport.com\/driver\/johann-zarco\/96107\/\" target=\"_blank\" rel=\"noopener nofollow\">Johann Zarco<\/a>, est promis &#8211; selon les informations de <strong>Motorsport.com<\/strong>\u00a0&#8211; <a href=\"https:\/\/fr.motorsport.com\/motogp\/news\/diogo-moreira-rejoindre-lcr-honda-2026\/10751854\/\" rel=\"nofollow noopener\" target=\"_blank\">au jeune pilote br\u00e9silien de Moto2 Diogo Moreira<\/a>, les options ne sont plus tr\u00e8s nombreuses pour Miguel Oliveira.\u00a0D\u00e9sireux de rester en MotoGP, dans un paddock qu&rsquo;il affectionne particuli\u00e8rement, le Portugais a admis \u00eatre pr\u00eat \u00e0 prendre le r\u00f4le de pilote d&rsquo;essais.<\/p>\n<p>\u00ab\u00a0Sur le papier, il semble qu&rsquo;il y ait diff\u00e9rentes portes qui s&rsquo;ouvrent pour moi\u00a0\u00bb, a-t-il d\u00e9clar\u00e9. \u00ab\u00a0Pour le moment, je n&rsquo;ai encore rien d\u00e9cid\u00e9. Et je suis vraiment ouvert \u00e0 entendre toutes les propositions. Je pourrais trouver certaines int\u00e9ressantes. Mon c\u0153ur est vraiment li\u00e9 \u00e0 ce paddock. Et bien s\u00fbr, je sais que ce qui est disponible dans ce paddock pourrait \u00eatre seulement un r\u00f4le de pilote d&rsquo;essais. Mais \u00eatre li\u00e9 \u00e0 une usine, aider \u00e0 construire une moto, c&rsquo;est quelque chose de stimulant. C&rsquo;est diff\u00e9rent. Mais en m\u00eame temps, je veux vraiment courir.\u00a0\u00bb<\/p>\n<p>Lire aussi :<\/p>\n<p>Dans cet article<\/p>\n<p>Soyez le premier inform\u00e9 et souscrivez aux alertes mails pour recevoir les infos en temps r\u00e9el<\/p>\n<p>    S&rsquo;abonner aux alertes de news<\/p>\n","protected":false},"excerpt":{"rendered":"Avec la r\u00e9cente officialisation de la prolongation de Jack Miller chez Pramac Racing pour 2026 et\u00a0l&rsquo;arriv\u00e9e programm\u00e9e de&hellip;\n","protected":false},"author":2,"featured_media":366754,"comment_status":"","ping_status":"","sticky":false,"template":"","format":"standard","meta":{"footnotes":""},"categories":[1413],"tags":[25466,1011,27,48377,3594,1457,1456,1458,50123,3593,60],"class_list":{"0":"post-366753","1":"post","2":"type-post","3":"status-publish","4":"format-standard","5":"has-post-thumbnail","7":"category-moto","8":"tag-circuit-de-barcelona-catalunya","9":"tag-fr","10":"tag-france","11":"tag-gp-de-catalogne","12":"tag-miguel-oliveira","13":"tag-moto","14":"tag-motocycle","15":"tag-motogp","16":"tag-oliveira-sur-son-du00e9part-de-pramac-je-me-sentais-comme-le-maillon-faible","17":"tag-pramac-racing","18":"tag-sports"},"share_on_mastodon":{"url":"https:\/\/pubeurope.com\/@fr\/115148445821401511","error":""},"_links":{"self":[{"href":"https:\/\/www.europesays.com\/fr\/wp-json\/wp\/v2\/posts\/366753","targetHints":{"allow":["GET"]}}],"collection":[{"href":"https:\/\/www.europesays.com\/fr\/wp-json\/wp\/v2\/posts"}],"about":[{"href":"https:\/\/www.europesays.com\/fr\/wp-json\/wp\/v2\/types\/post"}],"author":[{"embeddable":true,"href":"https:\/\/www.europesays.com\/fr\/wp-json\/wp\/v2\/users\/2"}],"replies":[{"embeddable":true,"href":"https:\/\/www.europesays.com\/fr\/wp-json\/wp\/v2\/comments?post=366753"}],"version-history":[{"count":0,"href":"https:\/\/www.europesays.com\/fr\/wp-json\/wp\/v2\/posts\/366753\/revisions"}],"wp:featuredmedia":[{"embeddable":true,"href":"https:\/\/www.europesays.com\/fr\/wp-json\/wp\/v2\/media\/366754"}],"wp:attachment":[{"href":"https:\/\/www.europesays.com\/fr\/wp-json\/wp\/v2\/media?parent=366753"}],"wp:term":[{"taxonomy":"category","embeddable":true,"href":"https:\/\/www.europesays.com\/fr\/wp-json\/wp\/v2\/categories?post=366753"},{"taxonomy":"post_tag","embeddable":true,"href":"https:\/\/www.europesays.com\/fr\/wp-json\/wp\/v2\/tags?post=366753"}],"curies":[{"name":"wp","href":"https:\/\/api.w.org\/{rel}","templated":true}]}}