{"id":366755,"date":"2025-09-04T22:43:13","date_gmt":"2025-09-04T22:43:13","guid":{"rendered":"https:\/\/www.europesays.com\/fr\/366755\/"},"modified":"2025-09-04T22:43:13","modified_gmt":"2025-09-04T22:43:13","slug":"premiere-surprise-lallemagne-croquee-par-la-slovaquie-eurosport","status":"publish","type":"post","link":"https:\/\/www.europesays.com\/fr\/366755\/","title":{"rendered":"Premi\u00e8re surprise : l&#039;Allemagne croqu\u00e9e par la Slovaquie &#8211; Eurosport"},"content":{"rendered":"<ol>\n<li><a href=\"https:\/\/news.google.com\/rss\/articles\/CBMi_wFBVV95cUxPRllWQmsyR2tuUjYxZFdhVE8wV1RsVmxGZ1RwSFc4NmwyS3hOUkFBSGFsNnM0WWxWMFRGVVM4RW54dmdvV2JpRy1jbTBrbmVsVUZmQmhOTTVKYjB1b3UtclZwUUxBTWdxdXlSRFFUcFJxUVZyQXBlbFpKWXZsS2k3VktfTmNEeXQ4Um9FSkZEeGxCTTVEM2R5b1hkZ2xKdUo5cnlfcTBtazR3cDE0Umo0R3B4S21La3FEWkxFcGxvVUhJY1Izc2ZuTTU3YUpiZnpLRXNsSUpDeEZQUGd1MEswc25nUXNRRkh6QVJ1YmhHX21QdzRVbm5zbW1LcnhuYW8?oc=5\" target=\"_blank\" rel=\"nofollow noopener\">Premi\u00e8re surprise : l&rsquo;Allemagne croqu\u00e9e par la Slovaquie<\/a>&nbsp;&nbsp;Eurosport<\/li>\n<li><a href=\"https:\/\/news.google.com\/rss\/articles\/CBMi2wFBVV95cUxPcF83T1R2RXJlamJEMEpDN0xXV3RhWjdFSG1XMjBXSzc2LTR3OGhkbkFXUmxNOXhXLWhuWlUyZXJQck9rYjR5eDl1TXpXcDZRVkFEWXhqZ0FGejB4RmoySXZ6WVg1QmdZRFQtdEh2dEgtYThiX2tYWFZaVUJBTFpwOTVFc3lidTdnRUFGTVBWZnh6b0EtSjlNa1JEVkRjZFJUY0lveWphbVNleHBBUUZkZ2M3UnFPSkhUcUZ5bEtKMW13VjYwSzRJLVl5R2JwY3dlSzZ5bGpPN0dQZG8?oc=5\" target=\"_blank\" rel=\"nofollow noopener\">Battue en Slovaquie, l&rsquo;Allemagne inqui\u00e8te et commence \u00e0 l&rsquo;envers son parcours vers le Mondial<\/a>&nbsp;&nbsp;L&rsquo;\u00c9quipe<\/li>\n<li><a href=\"https:\/\/news.google.com\/rss\/articles\/CBMi1AFBVV95cUxPZWJIU2lqaHFmT1YzVlBIelNYOE1FUmpPMkJ0UngtWXVHTFN5VzljQUFVQ3VROU5Dd1BOdWl2SG4yQkVKVUtyWlJCbGpmbnVPQXVaakRiX1pJRkRmRHE2bHJLRFNyeFlwQXA2VFRlU2tfMFlLREctZkRfa3JraFF2VDVxWTJyOTVYOXlLTXhOTlc5VUtHYUdUR1g1RjU2OGU3MVBkYklRUTAxcGpvejlmMEFhNWdxa3B6blVrMDJjNlV6TWpJWFF0MGhCbTBxRVRiNDhTVdIB0wFBVV95cUxNMmtEZDdNNHpjcFNNbmtxWloyTzlabXpNRHZIZEstVlU0ZUFPSHptSF9NM25vd2dTdDF3OVc3X3lwT3MtTXBPWTR0aFI5ODl2S01GLVh1Xy1sMlpVdnROZEJKXzlHczlrQmh1YzBKZ0l0N080emtzcVBzZWVNdmZoa1NydVFYam94YTFLVWVyM2VMS0MycmtWZVRHNS1fbkJCUVpJMUY0UHZxenZnWEdIYy1wNUFvczRDQ2ZzZlZ5TVhSSzRwdjZJc2h3OFdQMnNKQlNn?oc=5\" target=\"_blank\" rel=\"nofollow noopener\">CDM 2026 (qualifs) : L&rsquo;Espagne en promenade, l&rsquo;Allemagne s&rsquo;incline<\/a>&nbsp;&nbsp;Orange Actualit\u00e9s | Sports<\/li>\n<li><a href=\"https:\/\/news.google.com\/rss\/articles\/CBMimwJBVV95cUxNbGw2Wktaam1vVnh5RkJPckxWeU1zb1NYVWhKM2VJN0J3amFjNC04OXdScURBUm1GUmdQcjZWeVF6TlZDZmY1cFp3eFdvRk8xMnlQc1F6aHEwbFFaeXVZX0NyTGZzckxHM3dhZU9wcWFwMWVFS3NVR0xoamhId251MVBlNXk0cmpEQlNpTUtycDNsdGZUZDBYb2VKWmpZYWZfenNUR2o3MnZkMnRUd2VGOXBQQlN3OEdITjZ2bEU4MWtVRFVmYS0xRmgzTkhYYzQzZW9UbU5Kb1lCTUdzcGotZ1Qzd0JSeVZaUzBNN2Y4cFhGRnpRcWRQbmx6Z1pOZmpYd2R6aS1kNDQ3clJMV1prMWlHcEZMOFR0NWlJ?oc=5\" target=\"_blank\" rel=\"nofollow noopener\">DIRECT. Coupe du monde 2026 (qualifs): l&rsquo;Espagne et la Belgique se baladent, l&rsquo;Allemagne chute d&rsquo;entr\u00e9e<\/a>&nbsp;&nbsp;RMC Sport<\/li>\n<li><a href=\"https:\/\/news.google.com\/rss\/articles\/CBMi-AFBVV95cUxQcGdHQzVtbFhxN1hya2o4T29LeE0wOTNKQkVWVm43bFVjSXh1X2F6bnNPbTJibThOb1RtMTY3TDhPLUZtekpXcEJCLXdMOENVNWo5TnZGSzFhRXZEQUJRcTdHNVJ2SGdacnNKVnllNWQzSWl2SngyMWNRN2xXTXozVUk4RXN2R09mSXlpU3NJbXZLWVNKc1l1b05oM0JmS0ZOZ3Rnb3kyN0NuUlQ3SWtHLUxoMjQwUmdlVi1hcXNfNVJpVHpLT3cwWjRDR2w5VndOcUFySEVTck53QWxfbEhwYjJUczliTGE3b1lUbVRVQ0s3bUR5X0NqVQ?oc=5\" target=\"_blank\" rel=\"nofollow noopener\">Qualifications Coupe du Monde 2026 : la Slovaquie r\u00e9alise l\u2019exploit contre l\u2019Allemagne, l\u2019Espagne et la Belgique d\u00e9roulent<\/a>&nbsp;&nbsp;Foot Mercato<\/li>\n<\/ol>\n","protected":false},"excerpt":{"rendered":"Premi\u00e8re surprise : l&rsquo;Allemagne croqu\u00e9e par la Slovaquie&nbsp;&nbsp;Eurosport Battue en Slovaquie, l&rsquo;Allemagne inqui\u00e8te et commence \u00e0 l&rsquo;envers son&hellip;\n","protected":false},"author":2,"featured_media":1445,"comment_status":"","ping_status":"","sticky":false,"template":"","format":"standard","meta":{"footnotes":""},"categories":[1412],"tags":[1451,1452,1453,1454,1455,1011,27,60],"class_list":{"0":"post-366755","1":"post","2":"type-post","3":"status-publish","4":"format-standard","5":"has-post-thumbnail","7":"category-f1","8":"tag-f1","9":"tag-formula-1","10":"tag-formula1","11":"tag-formule-1","12":"tag-formule1","13":"tag-fr","14":"tag-france","15":"tag-sports"},"share_on_mastodon":{"url":"https:\/\/pubeurope.com\/@fr\/115148449679329068","error":""},"_links":{"self":[{"href":"https:\/\/www.europesays.com\/fr\/wp-json\/wp\/v2\/posts\/366755","targetHints":{"allow":["GET"]}}],"collection":[{"href":"https:\/\/www.europesays.com\/fr\/wp-json\/wp\/v2\/posts"}],"about":[{"href":"https:\/\/www.europesays.com\/fr\/wp-json\/wp\/v2\/types\/post"}],"author":[{"embeddable":true,"href":"https:\/\/www.europesays.com\/fr\/wp-json\/wp\/v2\/users\/2"}],"replies":[{"embeddable":true,"href":"https:\/\/www.europesays.com\/fr\/wp-json\/wp\/v2\/comments?post=366755"}],"version-history":[{"count":0,"href":"https:\/\/www.europesays.com\/fr\/wp-json\/wp\/v2\/posts\/366755\/revisions"}],"wp:featuredmedia":[{"embeddable":true,"href":"https:\/\/www.europesays.com\/fr\/wp-json\/wp\/v2\/media\/1445"}],"wp:attachment":[{"href":"https:\/\/www.europesays.com\/fr\/wp-json\/wp\/v2\/media?parent=366755"}],"wp:term":[{"taxonomy":"category","embeddable":true,"href":"https:\/\/www.europesays.com\/fr\/wp-json\/wp\/v2\/categories?post=366755"},{"taxonomy":"post_tag","embeddable":true,"href":"https:\/\/www.europesays.com\/fr\/wp-json\/wp\/v2\/tags?post=366755"}],"curies":[{"name":"wp","href":"https:\/\/api.w.org\/{rel}","templated":true}]}}