{"id":366758,"date":"2025-09-04T22:45:12","date_gmt":"2025-09-04T22:45:12","guid":{"rendered":"https:\/\/www.europesays.com\/fr\/366758\/"},"modified":"2025-09-04T22:45:12","modified_gmt":"2025-09-04T22:45:12","slug":"illia-zabarnyi-refuse-de-parler-de-matvey-safonov","status":"publish","type":"post","link":"https:\/\/www.europesays.com\/fr\/366758\/","title":{"rendered":"Illia Zabarnyi refuse de parler de Matvey Safonov"},"content":{"rendered":"<p>Interrog\u00e9 ce jeudi soir, \u00e0 la veille du match de qualifications pour la Coupe du monde 2026 contre la France, le d\u00e9fenseur ukrainien <a href=\"https:\/\/www.footmercato.net\/joueur\/illia-zabarnyi\/\" rel=\"nofollow noopener\" target=\"_blank\">Illia Zabarnyi<\/a> a refus\u00e9 de r\u00e9pondre \u00e0 une question sur sa relation avec <a href=\"https:\/\/www.footmercato.net\/joueur\/matvei-safonov\/\" rel=\"nofollow noopener\" target=\"_blank\">Matvey Safonov<\/a>, portier russe du <a href=\"https:\/\/www.footmercato.net\/club\/psg\/\" rel=\"nofollow noopener\" target=\"_blank\">Paris Saint-Germain<\/a>. <\/p>\n<p>            La suite apr\u00e8s cette publicit\u00e9<\/p>\n<p>\u00abJe pense seulement au match contre la France. Je n\u2019en dirai pas plus, vous n\u2019avez qu\u2019\u00e0 relire mon interview\u00bb, a ainsi d\u00e9clar\u00e9 l\u2019ancien joueur de Bournemouth qui s\u2019\u00e9tait d\u00e9j\u00e0 exprim\u00e9 \u00e0 ce sujet. Voil\u00e0 qui est clair.<\/p>\n<p>\n    Pub. le 04\/09\/2025 19:51<br \/>\n            &#8211; MAJ le 04\/09\/2025 23:50\n    <\/p>\n","protected":false},"excerpt":{"rendered":"Interrog\u00e9 ce jeudi soir, \u00e0 la veille du match de qualifications pour la Coupe du monde 2026 contre&hellip;\n","protected":false},"author":2,"featured_media":366759,"comment_status":"","ping_status":"","sticky":false,"template":"","format":"standard","meta":{"footnotes":""},"categories":[1410],"tags":[63,1011,27,60],"class_list":{"0":"post-366758","1":"post","2":"type-post","3":"status-publish","4":"format-standard","5":"has-post-thumbnail","7":"category-football","8":"tag-football","9":"tag-fr","10":"tag-france","11":"tag-sports"},"share_on_mastodon":{"url":"https:\/\/pubeurope.com\/@fr\/115148457653849258","error":""},"_links":{"self":[{"href":"https:\/\/www.europesays.com\/fr\/wp-json\/wp\/v2\/posts\/366758","targetHints":{"allow":["GET"]}}],"collection":[{"href":"https:\/\/www.europesays.com\/fr\/wp-json\/wp\/v2\/posts"}],"about":[{"href":"https:\/\/www.europesays.com\/fr\/wp-json\/wp\/v2\/types\/post"}],"author":[{"embeddable":true,"href":"https:\/\/www.europesays.com\/fr\/wp-json\/wp\/v2\/users\/2"}],"replies":[{"embeddable":true,"href":"https:\/\/www.europesays.com\/fr\/wp-json\/wp\/v2\/comments?post=366758"}],"version-history":[{"count":0,"href":"https:\/\/www.europesays.com\/fr\/wp-json\/wp\/v2\/posts\/366758\/revisions"}],"wp:featuredmedia":[{"embeddable":true,"href":"https:\/\/www.europesays.com\/fr\/wp-json\/wp\/v2\/media\/366759"}],"wp:attachment":[{"href":"https:\/\/www.europesays.com\/fr\/wp-json\/wp\/v2\/media?parent=366758"}],"wp:term":[{"taxonomy":"category","embeddable":true,"href":"https:\/\/www.europesays.com\/fr\/wp-json\/wp\/v2\/categories?post=366758"},{"taxonomy":"post_tag","embeddable":true,"href":"https:\/\/www.europesays.com\/fr\/wp-json\/wp\/v2\/tags?post=366758"}],"curies":[{"name":"wp","href":"https:\/\/api.w.org\/{rel}","templated":true}]}}