{"id":366760,"date":"2025-09-04T22:46:10","date_gmt":"2025-09-04T22:46:10","guid":{"rendered":"https:\/\/www.europesays.com\/fr\/366760\/"},"modified":"2025-09-04T22:46:10","modified_gmt":"2025-09-04T22:46:10","slug":"jean-paul-belmondo-stella-alessandro-annabelle-le-clan-digne-aux-obseques-de-son-frere-luana-grande-absente-photos","status":"publish","type":"post","link":"https:\/\/www.europesays.com\/fr\/366760\/","title":{"rendered":"Jean-Paul Belmondo : Stella, Alessandro, Annabelle\u2026 le clan digne aux obs\u00e8ques de son fr\u00e8re, Luana grande absente (Photos)"},"content":{"rendered":"<p>Le clan Belmondo \u00e9tait r\u00e9uni ce jeudi 4 septembre au cr\u00e9matorium<br \/>\ndu P\u00e8re-Lachaise pour <strong>dire \u00ab\u00a0au revoir\u00a0\u00bb<\/strong> \u00e0 Alain, le<br \/>\nfr\u00e8re de <a href=\"https:\/\/www.closermag.fr\/people\/jean-paul-belmondo-ces-emouvantes-photos-de-lacteur-lors-du-mariage-de-sa-fille-patricia-morte-tragiquement-3565488\" target=\"_blank\" rel=\"noopener\"><br \/>\nJean-Paul Belmondo.<\/a> L&rsquo;homme est <a href=\"https:\/\/www.closermag.fr\/people\/jean-paul-belmondo-son-frere-alain-quil-aimait-tant-est-mort-3573887\" target=\"_blank\" rel=\"noopener\"><br \/>\nd\u00e9c\u00e9d\u00e9 le mercredi 27 ao\u00fbt<\/a> \u00e0 l\u2019\u00e2ge de 93 ans. Malgr\u00e9 les<br \/>\ntensions familiales, le clan a su laisser place \u00e0 la solidarit\u00e9.<br \/>\nL&rsquo;hommage \u00e0 Alain Belmondo s\u2019est tenu dans la plus grande intimit\u00e9,<br \/>\navec la pr\u00e9sence des proches et de figures du cin\u00e9ma.<\/p>\n<p>L\u2019ultime c\u00e9r\u00e9monie pour Alain Belmondo, d\u00e9c\u00e9d\u00e9 le 27 ao\u00fbt \u00e0 93<br \/>\nans, a r\u00e9uni <strong>la majeure partie de la famille<\/strong><br \/>\nautour de <a href=\"https:\/\/www.closermag.fr\/bio-people\/biographie-paul-belmondo-112190\" target=\"_blank\" rel=\"noopener\"><br \/>\nPaul Belmondo<\/a>, accompagn\u00e9 de ses fils Victor, Alessandro et<br \/>\nGiacomo. Stella, la benjamine tr\u00e8s \u00e9mue, \u00e9tait pr\u00e9sente aux c\u00f4t\u00e9s<br \/>\nde Muriel, la s\u0153ur du d\u00e9funt, et d\u2019Anabelle, sa petite-fille. Seule<br \/>\nFlorence, la fille de Jean-Paul Belmondo, vivant aux \u00c9tats-Unis,<br \/>\nn\u2019a pu faire le d\u00e9placement.<\/p>\n<p>Le clan Belmondo uni dans la douleur<\/p>\n<p>L\u2019absence de <a href=\"https:\/\/www.closermag.fr\/people\/luana-belmondo-triste-son-deuxieme-ete-sans-paul-belmondo-ne-se-passe-pas-comme-elle-aurait-souhaite-3570232\" target=\"_blank\" rel=\"noopener\"><br \/>\nLuana Belmondo<\/a> a aussi \u00e9t\u00e9 remarqu\u00e9e. L&rsquo;ancienne femme de Paul<br \/>\na pr\u00e9f\u00e9r\u00e9 <strong>ne pas assister aux obs\u00e8ques.<\/strong> Elle reste<br \/>\nplut\u00f4t discr\u00e8te <a href=\"https:\/\/www.closermag.fr\/people\/dautres-choses-qui-ne-lui-plairont-pas-paul-belmondo-evoque-a-coeur-ouvert-son-divorce-avec-luana-3546708\" target=\"_blank\" rel=\"noopener\"><br \/>\ndepuis son divorce.<\/a> Par ailleurs, Alain Terzian, producteur et<br \/>\npilier du cin\u00e9ma fran\u00e7ais, s\u2019est joint \u00e0 l\u2019hommage. Il a honor\u00e9 la<br \/>\nm\u00e9moire d\u2019un autre professionnel respect\u00e9 du septi\u00e8me art. Alain<br \/>\nBelmondo laisse une empreinte profonde dans l\u2019industrie<br \/>\ncin\u00e9matographique.<\/p>\n<p>En effet, il a \u00e9t\u00e9 l&rsquo;auteur et le producteur de nombreux<br \/>\nchefs-d\u2019\u0153uvre, tels que Borsalino, Le Vieux Fusil ou<br \/>\nIndochine. Son fils Olivier lui a rendu hommage sur<br \/>\nInstagram, rappelant <strong>la simplicit\u00e9 et la<br \/>\ng\u00e9n\u00e9rosit\u00e9<\/strong> h\u00e9rit\u00e9es de ses ann\u00e9es pass\u00e9es dans le d\u00e9sert<br \/>\nalg\u00e9rien.<\/p>\n<p>Une famille soud\u00e9e malgr\u00e9 les<br \/>\ntensions<\/p>\n<p>Depuis la mort de Jean-Paul Belmondo en septembre 2021,<br \/>\n<strong>des conflits d\u2019h\u00e9ritage<\/strong> opposent Florence et<br \/>\nStella, ses filles, \u00e0 Paul. En effet, la fortune et certains biens<br \/>\ndu l\u00e9gendaire acteur font l\u2019objet de litiges en justice pour \u00ab\u00a0recel<br \/>\nsuccessoral\u00a0\u00bb.<\/p>\n<p>Malgr\u00e9 ces dissensions, la c\u00e9r\u00e9monie s\u2019est d\u00e9roul\u00e9e dans<br \/>\n<strong>le calme et la dignit\u00e9<\/strong>, l\u2019ensemble des membres<br \/>\npr\u00e9sents rendant un hommage sinc\u00e8re \u00e0 Alain Belmondo, loin des<br \/>\nquerelles juridiques. La famille a ainsi su se retrouver pour ce<br \/>\nmoment solennel.<\/p>\n","protected":false},"excerpt":{"rendered":"Le clan Belmondo \u00e9tait r\u00e9uni ce jeudi 4 septembre au cr\u00e9matorium du P\u00e8re-Lachaise pour dire \u00ab\u00a0au revoir\u00a0\u00bb \u00e0&hellip;\n","protected":false},"author":2,"featured_media":366761,"comment_status":"","ping_status":"","sticky":false,"template":"","format":"standard","meta":{"footnotes":""},"categories":[1359],"tags":[548,58,59,1011,27,24532,973],"class_list":{"0":"post-366760","1":"post","2":"type-post","3":"status-publish","4":"format-standard","5":"has-post-thumbnail","7":"category-people","8":"tag-article-simple","9":"tag-divertissement","10":"tag-entertainment","11":"tag-fr","12":"tag-france","13":"tag-jean-paul-belmondo","14":"tag-people"},"share_on_mastodon":{"url":"https:\/\/pubeurope.com\/@fr\/115148461472631020","error":""},"_links":{"self":[{"href":"https:\/\/www.europesays.com\/fr\/wp-json\/wp\/v2\/posts\/366760","targetHints":{"allow":["GET"]}}],"collection":[{"href":"https:\/\/www.europesays.com\/fr\/wp-json\/wp\/v2\/posts"}],"about":[{"href":"https:\/\/www.europesays.com\/fr\/wp-json\/wp\/v2\/types\/post"}],"author":[{"embeddable":true,"href":"https:\/\/www.europesays.com\/fr\/wp-json\/wp\/v2\/users\/2"}],"replies":[{"embeddable":true,"href":"https:\/\/www.europesays.com\/fr\/wp-json\/wp\/v2\/comments?post=366760"}],"version-history":[{"count":0,"href":"https:\/\/www.europesays.com\/fr\/wp-json\/wp\/v2\/posts\/366760\/revisions"}],"wp:featuredmedia":[{"embeddable":true,"href":"https:\/\/www.europesays.com\/fr\/wp-json\/wp\/v2\/media\/366761"}],"wp:attachment":[{"href":"https:\/\/www.europesays.com\/fr\/wp-json\/wp\/v2\/media?parent=366760"}],"wp:term":[{"taxonomy":"category","embeddable":true,"href":"https:\/\/www.europesays.com\/fr\/wp-json\/wp\/v2\/categories?post=366760"},{"taxonomy":"post_tag","embeddable":true,"href":"https:\/\/www.europesays.com\/fr\/wp-json\/wp\/v2\/tags?post=366760"}],"curies":[{"name":"wp","href":"https:\/\/api.w.org\/{rel}","templated":true}]}}