{"id":366762,"date":"2025-09-04T22:47:20","date_gmt":"2025-09-04T22:47:20","guid":{"rendered":"https:\/\/www.europesays.com\/fr\/366762\/"},"modified":"2025-09-04T22:47:20","modified_gmt":"2025-09-04T22:47:20","slug":"originaire-de-la-hague-lorelei-sublime-le-cotentin-dans-un-guide-original-et-sensible","status":"publish","type":"post","link":"https:\/\/www.europesays.com\/fr\/366762\/","title":{"rendered":"Originaire de la Hague, Lorele\u00ef sublime le Cotentin dans un guide original et sensible"},"content":{"rendered":"<p>            Par<br \/>\n        <strong><br \/>\n            <a href=\"https:\/\/actu.fr\/auteur\/redaction-pressemanche\" title=\"Consulter tous les articles de R\u00e9daction La Presse de la Manche\" target=\"_blank\" rel=\"noopener\">R\u00e9daction La Presse de la Manche<\/a><br \/>\n        <\/strong><\/p>\n<p>        Publi\u00e9 le<\/p>\n<p>            4 sept. 2025 \u00e0 13h26        <\/p>\n<p data-end=\"533\"><b>Lorele\u00ef Neitthoffer<\/b>, alias Lunaire de son nom d\u2019artiste, vient de publier un<b> guide original et sensible<\/b> pour faire d\u00e9couvrir, ou red\u00e9couvrir, les paysages et l\u2019atmosph\u00e8re du <b>Cotentin<\/b>, en particulier ceux de <a href=\"https:\/\/actu.fr\/normandie\/la-hague_50041\" target=\"_blank\" rel=\"noopener\">la Hagu<\/a>e (Manche).<\/p>\n<p data-end=\"533\" class=\" wall-content\">Les <b>photographies<\/b>, qui subliment les lumi\u00e8res si particuli\u00e8res de la r\u00e9gion et restituent son temps changeant, sont accompagn\u00e9es de<b> textes pleins de po\u00e9sie et d\u2019informations<\/b>.<\/p>\n<p data-end=\"1024\" class=\" wall-content\">Install\u00e9e \u00e0 <a href=\"https:\/\/actu.fr\/hauts-de-france\/lille_59350\" target=\"_blank\" rel=\"noopener\">Lille<\/a> (Nord) depuis quelques ann\u00e9es, d\u2019abord pour ses \u00e9tudes puis d\u00e9sormais comme<b> directrice artistique en design et graphiste<\/b>, Lorele\u00ef Neitthoffer reste tr\u00e8s attach\u00e9e \u00e0 la Hague, le lieu<b> o\u00f9 elle a grandi<\/b>.<\/p>\n<p data-end=\"1024\" class=\" wall-content\">Ce projet personnel s\u2019est d\u00e9velopp\u00e9 au fil du temps : \u00ab Pendant mes \u00e9tudes \u00e0 <a href=\"https:\/\/actu.fr\/pays-de-la-loire\/nantes_44109\" target=\"_blank\" rel=\"noopener\">Nantes<\/a>, puis \u00e0 Lille, j\u2019aimais \u00e9changer sur ma r\u00e9gion avec mes amis. Je voulais des photos qui fassent ressentir la m\u00e9t\u00e9o instable, la brume, la sensation de la pluie, l\u2019atmosph\u00e8re\u2026 \u00bb, explique-t-elle.<\/p>\n<p>Une inspiration impressionniste pour faire \u00e9merger l\u2019esprit des lieux<\/p>\n<p data-end=\"1344\" class=\" wall-content\">L\u2019artiste travaille autour du <b>flou <\/b>et tire son inspiration de l\u2019<b>impressionnisme<\/b> pour faire \u00e9merger l\u2019esprit des lieux.<\/p>\n<p data-end=\"1344\" class=\" wall-content\">Les photos, prises de mai \u00e0 novembre\u00a02024, lui ont permis de<b> red\u00e9couvrir des endroits oubli\u00e9s<\/b>, d\u2019en explorer de nouveaux et de renouveler son regard. Des lieux qu\u2019elle nous invite \u00e9galement \u00e0 arpenter nous aussi.<\/p>\n<p>Vid\u00e9os : en ce moment sur Actu<\/p>\n<p data-end=\"1510\" class=\" wall-content\">Les photographies tir\u00e9es du livre seront <b>expos\u00e9es<\/b> cet automne au coll\u00e8ge de <a href=\"https:\/\/actu.fr\/normandie\/saint-vaast-la-hougue_50562\" target=\"_blank\" rel=\"noopener\">Saint-Vaast-la-Hougue<\/a>. Ce sera, pour la jeune femme, l\u2019occasion de se consacrer au Val de Saire.<\/p>\n<p data-end=\"1622\" class=\" wall-content\">\u00c0 noter que le guide et des cartes postales de Lunaire sont disponibles dans les librairies Bande \u00e0 part et Les Schistes bleus \u00e0 <a href=\"https:\/\/actu.fr\/normandie\/cherbourg-en-cotentin_50129\" target=\"_blank\" rel=\"noopener\">Cherbourg<\/a>.<\/p>\n<p data-end=\"1622\" class=\" wall-content\"><b>De notre correspondante Karen PENVERN<\/b><\/p>\n<p class=\" wall-content\">Personnalisez votre actualit\u00e9 en ajoutant vos villes et m\u00e9dias en favori avec <a href=\"https:\/\/moncompte.actu.fr\" title=\"D\u00e9couvez Mon Actu\" rel=\"nofollow noopener\" data-trk=\"{&quot;cta&quot;:{&quot;action&quot;:&quot;https:\\\/\\\/moncompte.actu.fr&quot;,&quot;category&quot;:&quot;mon compte&quot;,&quot;from&quot;:&quot;article footer&quot;,&quot;name&quot;:&quot;Mon actu&quot;,&quot;type&quot;:&quot;cta&quot;}}\" target=\"_blank\">Mon Actu<\/a>.<\/p>\n","protected":false},"excerpt":{"rendered":"Par R\u00e9daction La Presse de la Manche Publi\u00e9 le 4 sept. 2025 \u00e0 13h26 Lorele\u00ef Neitthoffer, alias Lunaire&hellip;\n","protected":false},"author":2,"featured_media":366763,"comment_status":"","ping_status":"","sticky":false,"template":"","format":"standard","meta":{"footnotes":""},"categories":[1358],"tags":[1348,1384,1385,3168,1386,58,59,1011,27,1380,1652,1756],"class_list":{"0":"post-366762","1":"post","2":"type-post","3":"status-publish","4":"format-standard","5":"has-post-thumbnail","7":"category-arts-et-design","8":"tag-arts","9":"tag-arts-and-design","10":"tag-arts-et-design","11":"tag-cotentin","12":"tag-design","13":"tag-divertissement","14":"tag-entertainment","15":"tag-fr","16":"tag-france","17":"tag-livres","18":"tag-loisirs-culture","19":"tag-photographie"},"share_on_mastodon":{"url":"https:\/\/pubeurope.com\/@fr\/115148465388042309","error":""},"_links":{"self":[{"href":"https:\/\/www.europesays.com\/fr\/wp-json\/wp\/v2\/posts\/366762","targetHints":{"allow":["GET"]}}],"collection":[{"href":"https:\/\/www.europesays.com\/fr\/wp-json\/wp\/v2\/posts"}],"about":[{"href":"https:\/\/www.europesays.com\/fr\/wp-json\/wp\/v2\/types\/post"}],"author":[{"embeddable":true,"href":"https:\/\/www.europesays.com\/fr\/wp-json\/wp\/v2\/users\/2"}],"replies":[{"embeddable":true,"href":"https:\/\/www.europesays.com\/fr\/wp-json\/wp\/v2\/comments?post=366762"}],"version-history":[{"count":0,"href":"https:\/\/www.europesays.com\/fr\/wp-json\/wp\/v2\/posts\/366762\/revisions"}],"wp:featuredmedia":[{"embeddable":true,"href":"https:\/\/www.europesays.com\/fr\/wp-json\/wp\/v2\/media\/366763"}],"wp:attachment":[{"href":"https:\/\/www.europesays.com\/fr\/wp-json\/wp\/v2\/media?parent=366762"}],"wp:term":[{"taxonomy":"category","embeddable":true,"href":"https:\/\/www.europesays.com\/fr\/wp-json\/wp\/v2\/categories?post=366762"},{"taxonomy":"post_tag","embeddable":true,"href":"https:\/\/www.europesays.com\/fr\/wp-json\/wp\/v2\/tags?post=366762"}],"curies":[{"name":"wp","href":"https:\/\/api.w.org\/{rel}","templated":true}]}}