{"id":366764,"date":"2025-09-04T22:48:18","date_gmt":"2025-09-04T22:48:18","guid":{"rendered":"https:\/\/www.europesays.com\/fr\/366764\/"},"modified":"2025-09-04T22:48:18","modified_gmt":"2025-09-04T22:48:18","slug":"cette-celebre-autrice-detrone-enfin-freida-mcfadden-et-sa-celebre-saga-la-femme-de-menage","status":"publish","type":"post","link":"https:\/\/www.europesays.com\/fr\/366764\/","title":{"rendered":"Cette c\u00e9l\u00e8bre autrice d\u00e9tr\u00f4ne (enfin) Freida McFadden et sa c\u00e9l\u00e8bre saga \u00ab La femme de m\u00e9nage \u00bb"},"content":{"rendered":"<p class=\"mb-4 text-lg md:leading-8 break-words\">On croyait l\u2019affaire entendue : depuis des mois, Freida McFadden tenait la premi\u00e8re place des ventes, en plus d\u2019un contrat d\u2019un blockbuster hollywoodien. Son h\u00e9ro\u00efne, femme de m\u00e9nage dans une villa pleine de secret, avait balay\u00e9 toute concurrence, propulsant <a href=\"https:\/\/www.elle.fr\/Loisirs\/Livres\/News\/La-Femme-de-menage-quel-est-ce-phenomene-litteraire-qui-arrive-bientot-au-cinema-4298989#\" rel=\"nofollow noopener\" target=\"_blank\" data-ylk=\"slk:son autrice au rang de ph\u00e9nom\u00e8ne mondial;elm:context_link;itc:0;sec:content-canvas\" class=\"link \">son autrice au rang de ph\u00e9nom\u00e8ne mondial<\/a>. Pr\u00e8s de deux millions d\u2019exemplaires vendus en France pour une trilogie haletante : rarement un roman \u00e9tranger aura connu une telle adh\u00e9sion. Le sc\u00e9nario semblait \u00e9crit d&rsquo;avance : aucun rival \u00e0 l\u2019horizon. Et pourtant.<\/p>\n<p class=\"mb-4 text-lg md:leading-8 break-words\">Car voil\u00e0, une autre plume, tout sauf inattendue, est venue bouleverser l\u2019ordre \u00e9tabli. Une habitu\u00e9e des rentr\u00e9es litt\u00e9raires, qui depuis plus de trente ans publie \u00e0 la m\u00eame cadence que d\u2019autres respirent. C\u2019est bien <a href=\"https:\/\/www.elle.fr\/Personnalites\/Amelie-Nothomb#\" rel=\"nofollow noopener\" target=\"_blank\" data-ylk=\"slk:Am\u00e9lie Nothomb;elm:context_link;itc:0;sec:content-canvas\" class=\"link \">Am\u00e9lie Nothomb<\/a>, auteure belge, qui signe ainsi son retour triomphal. Son dernier roman, \u00ab Tant mieux \u00bb, s\u2019est \u00e9coul\u00e9 \u00e0 15 000 exemplaires en quelques jours, suffisant pour la hisser en t\u00eate du classement.<\/p>\n<p class=\"mb-4 text-lg md:leading-8 break-words\">\u00c0 lire aussi &gt;&gt;&gt;\u00a0 <a href=\"https:\/\/www.elle.fr\/Loisirs\/Livres\/News\/12-livres-de-la-rentree-litteraire-2025-lus-et-approuves-par-la-redaction#\" rel=\"nofollow noopener\" target=\"_blank\" data-ylk=\"slk:12 livres de la rentr\u00e9e litt\u00e9raire 2025 lus et approuv\u00e9s par la r\u00e9daction;elm:context_link;itc:0;sec:content-canvas\" class=\"link \">12 livres de la rentr\u00e9e litt\u00e9raire 2025 lus et approuv\u00e9s par la r\u00e9daction<\/a><\/p>\n<p>Am\u00e9lie Nothomb \u00e0 coeur ouvert dans son nouvel ouvrage<\/p>\n<p class=\"mb-4 text-lg md:leading-8 break-words\">Apr\u00e8s avoir rendu hommage \u00e0 son p\u00e8re (\u00ab Premier sang \u00bb) et \u00e0 son enfance (\u00ab Psychopompe \u00bb), elle se tourne cette fois vers sa m\u00e8re, Adrienne, enfant confi\u00e9e \u00e0 sa grand-m\u00e8re dans la Belgique en guerre. Un r\u00e9cit intime, sobre et pudique, port\u00e9 par ce mantra : \u00ab Tant mieux \u00bb. Sorti le 20 ao\u00fbt, le livre s\u2019inscrit dans la veine autobiographique. mais toujours en rivalit\u00e9 avec les comptes de lectures et les comptes litt\u00e9raires des r\u00e9seaux sociaux, qui ont contribu\u00e9 au raz-de-mar\u00e9e mondial, sign\u00e9 McFadden.<\/p>\n<p class=\"mb-4 text-lg md:leading-8 break-words\">Ce duel en dit long sur le paysage litt\u00e9raire. Avec d\u2019un c\u00f4t\u00e9, Freida McFadden qui incarne la fulgurance contemporaine : une m\u00e9decin devenue romanci\u00e8re star, port\u00e9e par les r\u00e9seaux sociaux et l\u2019app\u00e9tit du public pour les intrigues psychologiques addictives. De l\u2019autre, Am\u00e9lie Nothomb, elle, illustre la fid\u00e9lit\u00e9 et la constance : trente-quatre romans en trente-trois ans, des ventes toujours solides, une place immuable dans les palmar\u00e8s de la rentr\u00e9e litt\u00e9raire, \u00e0 chaque rentr\u00e9e. \u00c0 chacune sa m\u00e9canique, \u00e0 chacune sa mani\u00e8re de tenir son rang et ses lignes.<\/p>\n<p class=\"mb-4 text-lg md:leading-8 break-words\"><a href=\"https:\/\/www.elle.fr\/Loisirs\/Livres\/News\/Cette-celebre-autrice-detrone-enfin-Freida-McFadden-et-sa-celebre-saga-La-femme-de-menage-4378373\" rel=\"nofollow noopener\" target=\"_blank\" data-ylk=\"slk:Voir l&#039;article original sur ELLE;elm:context_link;itc:0;sec:content-canvas\" class=\"link \">Voir l&rsquo;article original sur ELLE<\/a><\/p>\n","protected":false},"excerpt":{"rendered":"On croyait l\u2019affaire entendue : depuis des mois, Freida McFadden tenait la premi\u00e8re place des ventes, en plus&hellip;\n","protected":false},"author":2,"featured_media":366765,"comment_status":"","ping_status":"","sticky":false,"template":"","format":"standard","meta":{"footnotes":""},"categories":[1357],"tags":[31568,1379,58,59,1011,27,24032,1380,37338],"class_list":{"0":"post-366764","1":"post","2":"type-post","3":"status-publish","4":"format-standard","5":"has-post-thumbnail","7":"category-livres","8":"tag-amelie-nothomb","9":"tag-books","10":"tag-divertissement","11":"tag-entertainment","12":"tag-fr","13":"tag-france","14":"tag-freida-mcfadden","15":"tag-livres","16":"tag-rentree-litteraire"},"share_on_mastodon":{"url":"https:\/\/pubeurope.com\/@fr\/115148469328061000","error":""},"_links":{"self":[{"href":"https:\/\/www.europesays.com\/fr\/wp-json\/wp\/v2\/posts\/366764","targetHints":{"allow":["GET"]}}],"collection":[{"href":"https:\/\/www.europesays.com\/fr\/wp-json\/wp\/v2\/posts"}],"about":[{"href":"https:\/\/www.europesays.com\/fr\/wp-json\/wp\/v2\/types\/post"}],"author":[{"embeddable":true,"href":"https:\/\/www.europesays.com\/fr\/wp-json\/wp\/v2\/users\/2"}],"replies":[{"embeddable":true,"href":"https:\/\/www.europesays.com\/fr\/wp-json\/wp\/v2\/comments?post=366764"}],"version-history":[{"count":0,"href":"https:\/\/www.europesays.com\/fr\/wp-json\/wp\/v2\/posts\/366764\/revisions"}],"wp:featuredmedia":[{"embeddable":true,"href":"https:\/\/www.europesays.com\/fr\/wp-json\/wp\/v2\/media\/366765"}],"wp:attachment":[{"href":"https:\/\/www.europesays.com\/fr\/wp-json\/wp\/v2\/media?parent=366764"}],"wp:term":[{"taxonomy":"category","embeddable":true,"href":"https:\/\/www.europesays.com\/fr\/wp-json\/wp\/v2\/categories?post=366764"},{"taxonomy":"post_tag","embeddable":true,"href":"https:\/\/www.europesays.com\/fr\/wp-json\/wp\/v2\/tags?post=366764"}],"curies":[{"name":"wp","href":"https:\/\/api.w.org\/{rel}","templated":true}]}}