{"id":366766,"date":"2025-09-04T22:49:13","date_gmt":"2025-09-04T22:49:13","guid":{"rendered":"https:\/\/www.europesays.com\/fr\/366766\/"},"modified":"2025-09-04T22:49:13","modified_gmt":"2025-09-04T22:49:13","slug":"je-ne-pouvais-meme-plus-ouvrir-un-texto-matthieu-delormeau-sort-enfin-du-silence-dans-tbt9-il-evoque-son-addiction-et-donne-de-ses-nouvelles","status":"publish","type":"post","link":"https:\/\/www.europesays.com\/fr\/366766\/","title":{"rendered":"\u00ab\u00a0Je ne pouvais m\u00eame plus ouvrir un texto\u00a0\u00bb : Matthieu Delormeau sort enfin du silence dans TBT9, il \u00e9voque son addiction et donne de ses nouvelles"},"content":{"rendered":"<p>            <img loading=\"lazy\" decoding=\"async\" src=\"https:\/\/www.europesays.com\/fr\/wp-content\/uploads\/2025\/04\/121-62909a850c1a7-35x35-1.jpg\" class=\"author-article-picture\" width=\"35\" height=\"35\"\/><\/p>\n<p>                Par<br \/>\n                                    <a class=\"author-article-bio-link\" href=\"https:\/\/www.purepeople.com\/auteur\/bertrand-bielle_a121\" target=\"_blank\" rel=\"noopener\">Bertrand Bielle<\/a><br \/>\n                                                    | Journaliste<\/p>\n<p>\n                Curieux de nature, Bertrand est toujours \u00e0 l\u2019affut du moindre petit scoop. Passionn\u00e9 par le football, il n\u2019est jamais bien loin du ballon rond et de toutes les actualit\u00e9s qui en d\u00e9coulent. Toutefois, l\u2019\u00e9v\u00e8nementiel du showbiz ou de la politique fait \u00e9galement partie de ses recherches journalistiques privil\u00e9gi\u00e9es.\n            <\/p>\n<p>\n    Apr\u00e8s plusieurs mois de silence, Matthieu Delormeau s\u2019est enfin confi\u00e9 dans TBT9, la nouvelle \u00e9mission de Cyril Hanouna sur W9. Entre addictions, gardes \u00e0 vue et coups durs personnels, le chroniqueur embl\u00e9matique de TPMP revient sur une p\u00e9riode particuli\u00e8rement sombre de sa vie, r\u00e9v\u00e9lant des confidences in\u00e9dites sur sa d\u00e9pendance et son combat pour remonter la pente.\n<\/p>\n<p>                            <img loading=\"lazy\" decoding=\"async\" class=\"player-thumbnail\" src=\"https:\/\/www.europesays.com\/fr\/wp-content\/uploads\/2025\/09\/bfb3781b954a3cd9-580x326-2.png\" width=\"580\" height=\"326\"\/><\/p>\n<p>                    Matthieu Delormeau dans \u00ab\u00a0TBT9\u00a0\u00bb.<\/p>\n<p>La suite apr\u00e8s la publicit\u00e9<\/p>\n<p>Ce jeudi 4 septembre 2025, il \u00e9tait enfin l&rsquo;heure pour <a href=\"https:\/\/www.purepeople.com\/people\/matthieu-delormeau_p137598\" target=\"_blank\" rel=\"noopener\">Matthieu Delormeau<\/a>, chroniqueur embl\u00e9matique de Touche pas \u00e0 mon poste, de sortir du silence dans TBT9, la nouvelle \u00e9mission de Cyril Hanouna diffus\u00e9e depuis lundi sur W9. En f\u00e9vrier, il avait \u00e9t\u00e9 plac\u00e9 en <a href=\"https:\/\/www.purepeople.com\/article\/matthieu-delormeau-sorti-de-garde-a-vue-il-reapparait-discretement-durant-la-derniere-de-touche-pas-a-mon-poste_a535115\/1\" target=\"_blank\" rel=\"noopener\">garde \u00e0 vue<\/a> \u00a0dans les locaux du Commissariat central de police des 5\u1db1 et 6\u1db1 arrondissements de Paris, apr\u00e8s avoir achet\u00e9 de la coca\u00efne. \u00ab\u00a0Selon nos confr\u00e8res de Paris Match, des policiers de la Brigade anticriminalit\u00e9 (BAC) suivaient le dealer, quand la transaction a eu lieu. Matthieu Delormeau venait d\u2019acheter deux grammes de coca\u00efne. Sa garde \u00e0 vue a \u00e9t\u00e9 lev\u00e9e quelques heures plus tard, a fait savoir le parquet de Paris, qui pr\u00e9cise que l\u2019animateur se verra notifier &lsquo;une amende par ordonnance p\u00e9nale'\u00a0\u00bb, d\u00e9taillait \u00e0 l&rsquo;\u00e9poque nos confr\u00e8res du Parisien. Et de pr\u00e9ciser qu&rsquo;en juillet\u00a02024 , une perquisition avait d\u00e9j\u00e0 eu lieu dans son appartement : \u00ab\u00a0un gramme de poudre blanche, un peu d&rsquo;herbe de cannabis, et une petite quantit\u00e9 de MDMA et de GHB\u00a0\u00bb avaient \u00e9t\u00e9 retrouv\u00e9s sur place.<\/p>\n<p>Comment a-t-il v\u00e9cu cette p\u00e9riode mouvement\u00e9e pour lui ? \u00a0\u00ab\u00a0J&rsquo;ai quitt\u00e9 l&rsquo;\u00e9mission (TPMP, ndlr) car ca n&rsquo;allait pas&#8230; J&rsquo;ai fait le tour des chaines, et elles m&rsquo;ont massacr\u00e9 la tronche, en me disant que je suis avec toi, en tant que producteur. Ma boite de prod a coul\u00e9, j&rsquo;ai fait 150 00 euros de perte, mon associ\u00e9 est tr\u00e8s malade (&#8230;) mon mec m&rsquo;a quitt\u00e9. J&rsquo;ai plus de prod, plus de salaire, plus d&rsquo;argent, mon mec me quitte, plus aucune chaine n&rsquo;a voulu travailler avec moi&#8230;Et b\u00eatement, je fais un diner ou deux chez des amis. Et il y a des produits. A cette \u00e9poque-l\u00e0, je suis tr\u00e8s malheureux et je fais beaucoup d&rsquo;anxi\u00e9t\u00e9 (&#8230;) Je goute \u00e0 un produit, de la coca\u00efne, et je me rends compte que quand j&rsquo;en prends, je vais tr\u00e8s bien. Quand je rentrais le soir chez moi, soit je prenais des trucs pour dormir \u00e0 20h30, soit juste un peu de drogue pour que tout s&rsquo;arr\u00eate direct.\u00a0\u00bb, a-t-il racont\u00e9 ce jeudi dans TBT9.<\/p>\n<p>Et de poursuivre : \u00ab\u00a0La coca\u00efne est aujourd&rsquo;hui pure \u00e0 90%, une fois que t&rsquo;es addict, c&rsquo;est la pire chose du monde. Les six premiers mois, tu fais en deux heures ce que tu faisais en 4, t&rsquo;es heureux, tout va bien. Mais au bout de six mois, le produit commence \u00e0 faire son vrai effet : il te met en d\u00e9pression, tu en reprends pour sortir de cette d\u00e9pression, et l\u00e0 ma boite commence alors \u00e0 couler totalement.<strong> Je me suis rendu compte que sans ce produit, je ne pouvais m\u00eame plus ouvrir \u00a0un texto. J&rsquo;ai essay\u00e9 de m&rsquo;arr\u00eater tout seul, mais ton cerveau veut son produit, c&rsquo;est pas ton ami. Tu vas aux toilettes t&rsquo;as envie de mourir, ton cerveau te donne des coups de poing dans la gueule pour son produit, donc j&rsquo;en ai recommand\u00e9, ne serait-ce que pour travailler<\/strong>.\u00a0\u00bb<\/p>\n<p>Traitement, 3e garde \u00e0 vue&#8230; Matthieu Delormeau se confie sans filtre<\/p>\n<p>En ce qui concerne sa garde \u00e0 vue, et sa cure de d\u00e9sintoxication, il ajoute : \u00ab\u00a0J&rsquo;ai tout connu, la police, la justice&#8230;C&rsquo;\u00e9tait une catastrophe. Un jour il y a quelqu&rsquo;un qui est venu chez moi, ils l&rsquo;ont suivi, et au moment de la transaction, la police est arriv\u00e9e. T&rsquo;as huit mecs qui arrivent et qui te p\u00e8tent la t\u00eate sur ta moquette et te disent que tu vas en garde \u00e0 vue, ils font une perquisition de ton appartement et t&#8217;emm\u00e8nent. Je suis rest\u00e9 dans un cachot, une pi\u00e8ce de 10 m\u00e8tres carr\u00e9s avec des toilettes turques, et une cam\u00e9ra. On peut-\u00eatre 4-5, j&rsquo;\u00e9tais seul la premi\u00e8re fois. La nuit, j&rsquo;entendais des mecs insulter les flics. J&rsquo;ai fais une deuxi\u00e8me garde \u00e0 vue, apr\u00e8s une cure de d\u00e9sintoxication de 4 semaines, dans une clinque, une prison, o\u00f9 tu ne peux pas sortir.\u00a0\u00bb<\/p>\n<p>Son objectif d\u00e9sormais, sensibiliser le maximum de personnes : \u00ab\u00a0Dans des mauvaises soir\u00e9es, j&rsquo;ai vu tout le monde en prendre. Il y&rsquo;avait des policiers, m\u00e9decins, avocats&#8230;Ils dorment pas pendant 3 jours. Ce que je veux vraiment dire aux m\u00e8res de famille, c&rsquo;est &lsquo;vous vous rendez pas compte, faites attentions, regardez ce qu&rsquo;ils prennent, les jeunes&rsquo; (&#8230;) J&rsquo;ai vu des m\u00f4mes de 18-20 qui \u00e9taient \u00e0 leur 3\u00e8me cure.\u00a0\u00bb Comment va-t-il aujourd&rsquo;hui ? \u00ab\u00a0<strong>En ce moment j&rsquo;ai un traitement, quand t&rsquo;es malade comme ca, tu le restes, ce sont des maladies que tu endors. Je faisais partie de ces gens qui disaient &lsquo;je m&rsquo;arr\u00eate quand je veux&rsquo;, et j&rsquo;ai vu ce que c&rsquo;\u00e9tait<\/strong>.\u00a0\u00bb<\/p>\n<p>Matthieu Delormeau a ensuite \u00e9voqu\u00e9 cette vid\u00e9o tr\u00e8s intime de lui qu&rsquo;il a involontairement post\u00e9e sur ses r\u00e9seaux cet \u00e9t\u00e9,. Y&rsquo;avait-il un lien avec son addiction ? \u00ab\u00a0J&rsquo;ai fait de la musculation et ne je prenais plus de drogue. J&rsquo;ai un ex qui voulais que je lui montre ce que c&rsquo;est la muscu, et que je lui envoie un truc un peu dr\u00f4le (&#8230;) J&rsquo;ai pos\u00e9 le t\u00e9l\u00e9phone, j&rsquo;ai regard\u00e9 la t\u00e9l\u00e9 et je me suis endormi. J&rsquo;ai laiss\u00e9 la vid\u00e9o pendant 40 minutes. Et puis je me suis rendu compte du truc. Ce soir-l\u00e0, ma s\u0153ur \u00e9tait \u00e0 TF1, elle m&rsquo;en a voulu.\u00a0\u00bb Pour conclure, il a confi\u00e9 qu&rsquo;il ne pensait jamais \u00ab\u00a0revenir \u00e0 t\u00e9l\u00e9\u00a0\u00bb, et qu&rsquo;il a fait une troisi\u00e8me garde \u00e0 vue il y a trois semaines. \u00ab\u00a0Le seul qu&rsquo;il m&rsquo;a envoy\u00e9 un texto pour revenir, c&rsquo;est toi (Cyril Hanouna, ndlr).\u00a0\u00bb Baba lui a dit qu&rsquo;il pouvait revenir quand il le souhaite dans l&rsquo;\u00e9mission.<\/p>\n<p>Matthieu Delormeau a d\u00e9cal\u00e9 sa venue dans TBT9 \u00e0 deux reprises<\/p>\n<p>Pour rappel, Matthieu Delormeau \u00e9tait d\u00e9j\u00e0 venu sur le plateau de TBT9, d\u00e8s le lancement du talk-show lundi. \u00ab\u00a0J&rsquo;ai \u00e9t\u00e9 dans une cure pour d\u00e9sintoxication, c&rsquo;est une prison pour les gens drogu\u00e9s, c&rsquo;est horrible, j&rsquo;ai vu des m\u00f4mes de 18-19-20 ans (&#8230;) Ca fait des ravages, si la grande faucheuse \u00e9tait venue, je ne l&rsquo;aurais pas retenue\u00a0\u00bb, <a href=\"https:\/\/www.purepeople.com\/article\/tbt9-un-ex-chroniqueur-change-physiquement-de-retour-et-des-audiences-au-top_a542047\/1\" target=\"_blank\" rel=\"noopener\">avait-il racont\u00e9<\/a>, avant d&rsquo;\u00eatre oblig\u00e9 de s&rsquo;interrompre car l&rsquo;\u00e9mission touchait \u00e0 sa fin.\u00a0<\/p>\n<p>Son t\u00e9moignage fut alors d\u00e9cal\u00e9 au lendemain, le mardi, avant que Cyril Hanouna ne fasse savoir aux t\u00e9l\u00e9spectateurs, le jour-J, que le c\u00e9l\u00e8bre chroniqueur viendrait finalement t\u00e9moigner mercredi. Mais une fois de plus, cette prise de parole a \u00e9t\u00e9 report\u00e9e. \u00ab\u00a0Je vais tr\u00e8s bien et je r\u00eave d\u2019aller en plateau, mais mon interview face \u00e0 Cyril Hanouna et, faites moi confiance, je dirais TOUT, aura lieu demain. Pardon, <a href=\"https:\/\/www.purepeople.com\/article\/on-l-a-annonce-2-fois-de-suite-mais-matthieu-delormeau-reporte-une-nouvelle-fois-son-interview-sur-le-plateau-de-tbt9-et-donne-les-raisons_a542110\/1\" target=\"_blank\" rel=\"noopener\">on l\u2019a annonc\u00e9 2 fois de suite dans TBT9 mais <\/a>\u00e9tant donn\u00e9 le carton de l\u2019\u00e9mission, le conducteur s\u2019ajuste chaque jour. j\u2019ai h\u00e2te ensuite de r\u00e9int\u00e9grer l\u2019\u00e9mission. Mais je vous dois la v\u00e9rit\u00e9 avant. J\u2019esp\u00e8re tellement que \u00e7a servira \u00e0 d\u2019autres. Je vous embrasse\u00a0\u00bb, a expliqu\u00e9 Matthieu Delormeau \u00e0 ses abonn\u00e9s sur X, mercredi soir.<\/p>\n<p>\u00a0<\/p>\n","protected":false},"excerpt":{"rendered":"Par Bertrand Bielle | Journaliste Curieux de nature, Bertrand est toujours \u00e0 l\u2019affut du moindre petit scoop. Passionn\u00e9&hellip;\n","protected":false},"author":2,"featured_media":366767,"comment_status":"","ping_status":"","sticky":false,"template":"","format":"standard","meta":{"footnotes":""},"categories":[1356],"tags":[58,59,1011,27,252,1364],"class_list":{"0":"post-366766","1":"post","2":"type-post","3":"status-publish","4":"format-standard","5":"has-post-thumbnail","7":"category-television","8":"tag-divertissement","9":"tag-entertainment","10":"tag-fr","11":"tag-france","12":"tag-television","13":"tag-tv"},"share_on_mastodon":{"url":"https:\/\/pubeurope.com\/@fr\/115148473683568968","error":""},"_links":{"self":[{"href":"https:\/\/www.europesays.com\/fr\/wp-json\/wp\/v2\/posts\/366766","targetHints":{"allow":["GET"]}}],"collection":[{"href":"https:\/\/www.europesays.com\/fr\/wp-json\/wp\/v2\/posts"}],"about":[{"href":"https:\/\/www.europesays.com\/fr\/wp-json\/wp\/v2\/types\/post"}],"author":[{"embeddable":true,"href":"https:\/\/www.europesays.com\/fr\/wp-json\/wp\/v2\/users\/2"}],"replies":[{"embeddable":true,"href":"https:\/\/www.europesays.com\/fr\/wp-json\/wp\/v2\/comments?post=366766"}],"version-history":[{"count":0,"href":"https:\/\/www.europesays.com\/fr\/wp-json\/wp\/v2\/posts\/366766\/revisions"}],"wp:featuredmedia":[{"embeddable":true,"href":"https:\/\/www.europesays.com\/fr\/wp-json\/wp\/v2\/media\/366767"}],"wp:attachment":[{"href":"https:\/\/www.europesays.com\/fr\/wp-json\/wp\/v2\/media?parent=366766"}],"wp:term":[{"taxonomy":"category","embeddable":true,"href":"https:\/\/www.europesays.com\/fr\/wp-json\/wp\/v2\/categories?post=366766"},{"taxonomy":"post_tag","embeddable":true,"href":"https:\/\/www.europesays.com\/fr\/wp-json\/wp\/v2\/tags?post=366766"}],"curies":[{"name":"wp","href":"https:\/\/api.w.org\/{rel}","templated":true}]}}