{"id":366768,"date":"2025-09-04T22:50:10","date_gmt":"2025-09-04T22:50:10","guid":{"rendered":"https:\/\/www.europesays.com\/fr\/366768\/"},"modified":"2025-09-04T22:50:10","modified_gmt":"2025-09-04T22:50:10","slug":"apres-des-mois-de-galere-justin-bieber-fait-une-grande-annonce-surprise","status":"publish","type":"post","link":"https:\/\/www.europesays.com\/fr\/366768\/","title":{"rendered":"Apr\u00e8s des mois de gal\u00e8re, Justin Bieber fait une grande annonce surprise"},"content":{"rendered":"<p><strong>C&rsquo;est avec une suite de photos que Justin a annonc\u00e9 un nouvel album, son deuxi\u00e8me en quelques semaines.<\/strong><\/p>\n<p class=\"toreadalso-fromEMP\"><strong>\u2022 \u00c0 lire aussi: <\/strong><a href=\"https:\/\/www.billie.ca\/Au-coeur-des-speculations-Justin-Bieber-grande-annonce-surprenante-nouvel-album-SKYLRK\" target=\"_blank\" rel=\"nofollow noopener\"><strong>Apr\u00e8s toutes les sp\u00e9culations, Justin Bieber d\u00e9voile un \u00c9NORME coup auquel personne ne s&rsquo;attendait<\/strong><\/a><\/p>\n<p class=\"toreadalso-fromEMP\"><strong>\u2022 \u00c0 lire aussi: <\/strong><a href=\"https:\/\/www.billie.ca\/Justin-Bieber-change-son-nom-sur-Instagram-et-cest-de-plus-en-plus-curieux\" target=\"_blank\" rel=\"nofollow noopener\"><strong>Justin Bieber change de nom Instagram, voici comment l&rsquo;appeler maintenant<\/strong><\/a> <\/p>\n<p>Alors que sa femme Hailey souligne en grand l&rsquo;arriv\u00e9e de Rhode chez Sephora, le chanteur a annonc\u00e9 via Instagram que Swag II, suite directe de son album Swag sorti en juillet, serait disponible \u00e0 minuit le vendredi 5 septembre 2025. Le couple a donc plusieurs raisons de c\u00e9l\u00e9brer!\u00a0<\/p>\n<p>Le premier album \u00e9tait plus sombre et personnel, Swag II semble revenir \u00e0 des sonorit\u00e9 plus dansantes et pop.\u00a0\u00a0<\/p>\n<p>Apr\u00e8s une pause de quatre ans sans nouvelle musique, Justin Bieber, les deux albums viennent combler une importante demande des fans.\u00a0<\/p>\n<p><a href=\" https:\/\/www.billie.ca\/Abonnez-vous-a-linfolettre-de-Billie\" target=\"_blank\"><br \/>\n    <img decoding=\"async\" src=\" https:\/\/m1.quebecormedia.com\/emp\/emp\/infolettre_billiee12b9fe4-bc37-4747-a831-e4e585151fef_ORIGINAL.jpg\" class=\"logoJe\"\/><br \/>\n<\/a><\/p>\n<p>Peu d&rsquo;informations sont disponibles sur cette nouveaut\u00e9. On ne conna\u00eet ni le tracklist, ni les collaborations possibles.\u00a0<\/p>\n<p>Plusieurs fans ont pr\u00e9par\u00e9 leur d\u00e9compte jusqu&rsquo;\u00e0 minuit! <\/p>\n<p>  \u00c0 VOIR AUSSI : Hailey Bieber ravive le Barbiecore dans une minirobe scintillante<\/p>\n","protected":false},"excerpt":{"rendered":"C&rsquo;est avec une suite de photos que Justin a annonc\u00e9 un nouvel album, son deuxi\u00e8me en quelques semaines.&hellip;\n","protected":false},"author":2,"featured_media":366769,"comment_status":"","ping_status":"","sticky":false,"template":"","format":"standard","meta":{"footnotes":""},"categories":[1355],"tags":[58,59,1011,27,1361,873],"class_list":{"0":"post-366768","1":"post","2":"type-post","3":"status-publish","4":"format-standard","5":"has-post-thumbnail","7":"category-musique","8":"tag-divertissement","9":"tag-entertainment","10":"tag-fr","11":"tag-france","12":"tag-music","13":"tag-musique"},"share_on_mastodon":{"url":"https:\/\/pubeurope.com\/@fr\/115148477270740579","error":""},"_links":{"self":[{"href":"https:\/\/www.europesays.com\/fr\/wp-json\/wp\/v2\/posts\/366768","targetHints":{"allow":["GET"]}}],"collection":[{"href":"https:\/\/www.europesays.com\/fr\/wp-json\/wp\/v2\/posts"}],"about":[{"href":"https:\/\/www.europesays.com\/fr\/wp-json\/wp\/v2\/types\/post"}],"author":[{"embeddable":true,"href":"https:\/\/www.europesays.com\/fr\/wp-json\/wp\/v2\/users\/2"}],"replies":[{"embeddable":true,"href":"https:\/\/www.europesays.com\/fr\/wp-json\/wp\/v2\/comments?post=366768"}],"version-history":[{"count":0,"href":"https:\/\/www.europesays.com\/fr\/wp-json\/wp\/v2\/posts\/366768\/revisions"}],"wp:featuredmedia":[{"embeddable":true,"href":"https:\/\/www.europesays.com\/fr\/wp-json\/wp\/v2\/media\/366769"}],"wp:attachment":[{"href":"https:\/\/www.europesays.com\/fr\/wp-json\/wp\/v2\/media?parent=366768"}],"wp:term":[{"taxonomy":"category","embeddable":true,"href":"https:\/\/www.europesays.com\/fr\/wp-json\/wp\/v2\/categories?post=366768"},{"taxonomy":"post_tag","embeddable":true,"href":"https:\/\/www.europesays.com\/fr\/wp-json\/wp\/v2\/tags?post=366768"}],"curies":[{"name":"wp","href":"https:\/\/api.w.org\/{rel}","templated":true}]}}