{"id":366772,"date":"2025-09-04T22:52:10","date_gmt":"2025-09-04T22:52:10","guid":{"rendered":"https:\/\/www.europesays.com\/fr\/366772\/"},"modified":"2025-09-04T22:52:10","modified_gmt":"2025-09-04T22:52:10","slug":"vaccin-contre-le-zona-une-protection-bien-plus-large-quon-ne-limaginait","status":"publish","type":"post","link":"https:\/\/www.europesays.com\/fr\/366772\/","title":{"rendered":"Vaccin contre le zona : une protection bien plus large qu\u2019on ne l\u2019imaginait"},"content":{"rendered":"<p data-paragraph-id=\"5605980-1\">Le zona est une infection dont personne ne veut souffrir. Ceux qui ont endur\u00e9 ces \u00e9ruptions cutan\u00e9es parlent d\u2019une douleur violente, br\u00fblante et p\u00e9n\u00e9trante qui dure parfois des mois sans discontinuer. Dans des cas s\u00e9v\u00e8res, cette maladie virale peut m\u00eame \u00eatre fatale.<\/p>\n<p data-paragraph-id=\"5605980-2\">\u00c0 pr\u00e9sent, des preuves in\u00e9dites sugg\u00e8rent que le vaccin contre le zona pourrait faire plus que pr\u00e9venir cette maladie. <a href=\"https:\/\/www.escardio.org\/The-ESC\/Press-Office\/Press-releases\/New-systematic-review-and-meta-analysis-shows-an-association-between-shingles-vaccination-and-lower-risk-of-heart-attack-and-stroke\" target=\"_blank\" rel=\"nofollow noopener noreferrer\">Des donn\u00e9es r\u00e9unies provenant de dix-neuf\u00a0\u00e9tudes<\/a> et pr\u00e9sent\u00e9es \u00e0 Madrid lors de la plus grande conf\u00e9rence de cardiologie du monde ont r\u00e9v\u00e9l\u00e9 que le vaccin r\u00e9duirait le risque d\u2019AVC de 16\u00a0% et d\u2019infarctus de 18\u00a0%.<\/p>\n<p data-paragraph-id=\"5605980-4\">Les autres scientifiques consid\u00e8rent cette d\u00e9couverte comme une raison suppl\u00e9mentaire de sensibiliser et de d\u00e9mocratiser ce vaccin que <a href=\"https:\/\/www.cdc.gov\/adultvaxview\/publications-resources\/adult-vaccination-coverage-2022.html\" target=\"_blank\" rel=\"nofollow noopener noreferrer\">moins d\u2019un adulte sur cinq re\u00e7oit<\/a> quand il est recommand\u00e9. En France, la vaccination est <a href=\"https:\/\/www.has-sante.fr\/jcms\/p_3499761\/fr\/la-has-actualise-la-strategie-de-vaccination-contre-le-zona\" target=\"_blank\" rel=\"nofollow noopener noreferrer\">recommand\u00e9e<\/a> pour les personnes \u00e2g\u00e9es de plus de soixante-cinq\u00a0ans et les personnes immunod\u00e9prim\u00e9es de plus de dix-huit\u00a0ans.<\/p>\n<p data-paragraph-id=\"5605980-5\">Le seul vaccin commercialis\u00e9 en France est le Shingrix, qui s\u2019est montr\u00e9 efficace dans plus de 90\u00a0% des cas. Et cette nouvelle recherche vient en augmenter les m\u00e9rites, d\u00e9clare William Schaffner, sp\u00e9cialiste en maladies infectieuses de la facult\u00e9 de m\u00e9decine de l\u2019universit\u00e9 Vanderbilt de Nashville, qui n\u2019a pas pris part \u00e0 la pr\u00e9sente \u00e9tude. Il ajoute que les r\u00e9centes d\u00e9couvertes pourraient \u00ab\u00a0avec un peu de chance, persuader plus de patients \u00e0 se faire vacciner\u00a0\u00bb.<\/p>\n<p data-paragraph-id=\"5605980-6\">Les scientifiques tentent encore de comprendre comment ce vaccin pourrait participer \u00e0 pr\u00e9venir certaines maladies cardiovasculaires. Pour le moment, le lien semble \u00eatre dans la diminution du mal caus\u00e9 par le virus varicelle-zona (VZV).<\/p>\n<p data-paragraph-id=\"5605980-7\">\u00ab\u00a0Apr\u00e8s gu\u00e9rison de la varicelle, le VZV contenu dans les plaques cutan\u00e9es n\u2019est pas \u00e9limin\u00e9 par le syst\u00e8me immunitaire\u00a0; il reste dormant dans les cellules nerveuses\u00a0\u00bb, explique Albert Shaw, professeur de maladies infectieuses au sein de la facult\u00e9 de m\u00e9decine de l\u2019universit\u00e9 de Yale. Alors que l\u2019immunit\u00e9 diminue avec l\u2019\u00e2ge ou la maladie, le virus peut refaire son apparition sous la forme d\u2019un zona, une \u00e9ruption cutan\u00e9e particuli\u00e8rement douloureuse localis\u00e9e la plupart du temps sur une zone nerveuse du c\u00f4t\u00e9 du corps.<\/p>\n<p data-paragraph-id=\"5605980-8\">Mais le zona ne cause pas uniquement une \u00e9ruption cutan\u00e9e et un inconfort, ajoute Albert Shaw. Il peut \u00e9galement affecter le foie et les poumons, provoquer fi\u00e8vre, frissons, maux de t\u00eate et fatigue. Dans 10 \u00e0 15\u00a0% des cas, les douleurs nerveuses de la maladie durent durant des mois. Le zona peut \u00e9galement toucher les yeux et l\u2019oreille interne, et entra\u00eener \u00ab\u00a0une perte permanente de la vision ou de l\u2019audition\u00a0\u00bb, remarque Jeffrey Cohen, dermatologue de l\u2019universit\u00e9 de Yale.<\/p>\n<p data-paragraph-id=\"5605980-9\">Au-del\u00e0 de ces dommages directs, le virus est, de surcro\u00eet, li\u00e9 \u00e0 de plus hauts risques d\u2019infarctus du myocarde et d\u2019AVC, comme l&rsquo;explique Emily Rayens, \u00e9pid\u00e9miologiste au sein de Kaiser Permanente, <a href=\"https:\/\/academic.oup.com\/cid\/advance-article\/doi\/10.1093\/cid\/ciaf440\/8229580\" target=\"_blank\" rel=\"nofollow noopener noreferrer\">qui a r\u00e9cemment publi\u00e9 une recherche d\u00e9monstrative<\/a> sur le sujet.<\/p>\n<p data-paragraph-id=\"5605980-10\">Deux m\u00e9canismes cl\u00e9s aident \u00e0 expliquer cette connexion. L\u2019un implique l\u2019inflammation syst\u00e9mique qui survient lorsqu\u2019une infection aussi importante que le VZV endommage les nerfs et affaiblit le syst\u00e8me circulatoire, explique Fawziah Lalji, chercheuse en maladies infectieuses au sein de l\u2019universit\u00e9 de Colombie-Britannique. Cette inflammation peut \u00e9galement endommager les cellules endoth\u00e9liales fragiles qui tapissent la paroi interne des vaisseaux sanguins. On parle alors de l\u00e9sions de l\u2019endoth\u00e9lium. Les vaisseaux endommag\u00e9s sont plus susceptibles de former des caillots et de bloquer la circulation, explique William Schaffner, ce qui est parfois \u00e0 l\u2019origine des infarctus et des AVC.<\/p>\n<p data-paragraph-id=\"5605980-11\">En outre, le zona fait entrer le syst\u00e8me immunitaire dans un \u00e9tat de surtravail, ce qui \u00e9puise les processus r\u00e9gulateurs normaux du corps. Fawziah Lalji explique que cela peut perturber la capacit\u00e9 du corps \u00e0 g\u00e9rer efficacement les caillots, la gu\u00e9rison et l\u2019int\u00e9grit\u00e9 des vaisseaux sanguins. En cons\u00e9quence, les risques de thromboses (formation de caillots) sont plus importants, comme le sont les n\u00e9croses (mort des tissus \u00e0 cause d\u2019une circulation sanguine trop faible) et les an\u00e9vrismes (explosion des parois des vaisseaux sanguins).<\/p>\n<p data-paragraph-id=\"5605980-12\">Le vaccin contre le zona pourrait att\u00e9nuer tous ces risques \u00ab\u00a0en interrompant la cha\u00eene d\u2019\u00e9v\u00e9nements inflammatoires et vasculaires, diminuant ainsi les risques cardiovasculaires\u00a0\u00bb, d\u00e9clare Dong Keon Yon, sp\u00e9cialiste en maladies infectieuses de la facult\u00e9 de m\u00e9decine de l\u2019universit\u00e9 Kyung Hee de S\u00e9oul. Le scientifique a, lui aussi, \u00e9tudi\u00e9 <a href=\"https:\/\/www.escardio.org\/The-ESC\/Press-Office\/Press-releases\/shingles-vaccine-lowers-the-risk-of-heart-disease-for-up-to-eight-years\" target=\"_blank\" rel=\"nofollow noopener noreferrer\">les bienfaits cardiovasculaires du vaccin<\/a>. Cela signifie que le vaccin offre les deux bienfaits primaires de la vaccination\u00a0: emp\u00eacher le zona de se d\u00e9clarer et en r\u00e9duire la s\u00e9v\u00e9rit\u00e9 s\u2019il survient. En d\u2019autres termes, le vaccin est en mesure de stopper la progression du virus et d\u2019en \u00e9teindre les feux s\u2019ils se d\u00e9clarent.<\/p>\n<p data-paragraph-id=\"5605980-13\">Malgr\u00e9 tous ces potentiels bienfaits, Charles Williams met en garde\u00a0: la plupart des preuves r\u00e9colt\u00e9es jusqu\u2019\u00e0 pr\u00e9sent proviennent d\u2019\u00e9tudes d\u2019observation, qui n\u2019attestent pas de la causalit\u00e9. Les personnes en bonne sant\u00e9 pourraient tout simplement \u00eatre les plus susceptibles de se faire vacciner.<\/p>\n<p data-paragraph-id=\"5605980-14\">Et parce que la plupart des \u00e9tudes ont \u00e9t\u00e9 con\u00e7ues sp\u00e9cifiquement pour \u00e9valuer la pr\u00e9vention contre le zona plut\u00f4t que d\u2019en v\u00e9rifier les retomb\u00e9es cardiovasculaires. Ces d\u00e9couvertes risquent de ne pas prendre compl\u00e8tement en compte les effets chez les personnes pr\u00e9sentant un haut risque de d\u00e9velopper des troubles cardiovasculaires. Un point d\u2019importance pris en compte dans d\u2019<a href=\"https:\/\/bmjpublichealth.bmj.com\/content\/2\/1\/e000671\" target=\"_blank\" rel=\"nofollow noopener noreferrer\">autres recherches<\/a>.<\/p>\n<p data-paragraph-id=\"5605980-15\">D&rsquo;autres recherches r\u00e9alis\u00e9es \u00e0 l&rsquo;\u00e9chelle mondiale confirment les nouvelles d\u00e9couvertes et soulignent les b\u00e9n\u00e9fices additionnels li\u00e9s \u00e0 la pr\u00e9vention du zona.<\/p>\n<p data-paragraph-id=\"5605980-16\">En 2024, <a href=\"https:\/\/bmjpublichealth.bmj.com\/content\/2\/1\/e000671\" target=\"_blank\" rel=\"nofollow noopener noreferrer\">une \u00e9tude canadienne<\/a> dirig\u00e9e par Fawziah Lalji a montr\u00e9 \u00e0 quel point le zona pouvait repr\u00e9senter un danger pour le c\u0153ur et le cerveau. Le risque d\u2019AVC est presque multipli\u00e9 par deux au cours du mois qui suit l\u2019infection et reste \u00e9lev\u00e9 de fa\u00e7on significative jusqu\u2019\u00e0 un an apr\u00e8s la maladie.<\/p>\n<p data-paragraph-id=\"5605980-17\">Ensuite, en ao\u00fbt 2025, <a href=\"https:\/\/academic.oup.com\/cid\/advance-article\/doi\/10.1093\/cid\/ciaf440\/8229580\" target=\"_blank\" rel=\"nofollow noopener noreferrer\">une \u00e9tude de cohorte am\u00e9ricaine<\/a>, co-\u00e9crite par Emily Rayens, a r\u00e9v\u00e9l\u00e9 que le vaccin contre le zona ne faisait pas que diminuer les risques d\u2019infarctus, mais r\u00e9duisait de surcro\u00eet la possibilit\u00e9 de d\u00e9velopper un zona ophtalmique, une complication qui menace la vision, et une inflammation de la r\u00e9tine.<\/p>\n<p data-paragraph-id=\"5605980-18\">Et l\u2019\u00e9tude qui est peut-\u00eatre la plus convaincante, men\u00e9e \u00e0 S\u00e9oul par Dong Keon Yoo et ses coll\u00e8gues, a suivi des participants pendant plus de douze ans. Dans les r\u00e9sultats publi\u00e9s, il ressort que ceux qui avaient \u00e9t\u00e9 vaccin\u00e9s contre le zona voyaient le risque de souffrir d\u2019\u00e9v\u00e9nements cardiovasculaires majeurs, comme un infarctus, un AVC ou un arr\u00eat cardiaque, <a href=\"https:\/\/www.escardio.org\/The-ESC\/Press-Office\/Press-releases\/shingles-vaccine-lowers-the-risk-of-heart-disease-for-up-to-eight-years\" target=\"_blank\" rel=\"nofollow noopener noreferrer\">diminuer de 26\u00a0%<\/a>.<\/p>\n<p data-paragraph-id=\"5605980-19\">De <a href=\"https:\/\/www.nature.com\/articles\/s41586-025-08800-x\" target=\"_blank\" rel=\"nofollow noopener noreferrer\">multiples \u00e9tudes<\/a> sugg\u00e8rent \u00e0 pr\u00e9sent que la vaccination contre le zona pourrait \u00e9galement r\u00e9duire les risques <a href=\"https:\/\/www.nationalgeographic.fr\/sciences\/medecine-sante-le-vaccin-contre-le-zona-pourrait-reduire-les-risques-de-demence\" rel=\"nofollow noopener\" target=\"_blank\">de d\u00e9velopper une forme de d\u00e9mence<\/a>. William Schaffner explique que ce bienfait serait d\u00fb \u00e0 la capacit\u00e9 qu\u2019ont les virus du zona et ses cousins d\u2019infecter les cellules nerveuses et les vaisseaux sanguins du cerveau. La vaccination serait donc en mesure de pr\u00e9venir \u00e0 la fois cette infection et d\u2019en att\u00e9nuer les dommages si elle survient.<\/p>\n<p data-paragraph-id=\"5605980-20\">Dong Keon Yoo consid\u00e8re ces d\u00e9couvertes comme importantes parce qu\u2019\u00ab une simple inflammation et une l\u00e9sion vasculaire peuvent compromettre la sant\u00e9 cardiaque. Elles peuvent \u00e9galement affecter l\u2019afflux sanguin au sein du cerveau ou contribuer \u00e0 une neuroinflammation ; et tout ceci est li\u00e9 au d\u00e9clin cognitif. \u00bb<\/p>\n<p data-paragraph-id=\"5605980-21\">\u00ab Ensemble, d\u00e9clare William Schaffner, ces \u00e9tudes nous racontent une histoire coh\u00e9rente. \u00bb<\/p>\n<p data-paragraph-id=\"5605980-22\">C\u2019est une histoire marqu\u00e9e par la connaissance que l\u2019on a d\u00e9j\u00e0 des dangers que repr\u00e9sente un zona non-trait\u00e9. \u00ab Le zona est une maladie qui ne fait pas que causer une \u00e9ruption cutan\u00e9e douloureuse. Elle peut endommager les poumons, le foie et le cerveau, et peut m\u00eame engager le pronostic vital, en particulier chez les personnes immunod\u00e9prim\u00e9es \u00bb, avertit Albert Shaw. \u00ab\u00a0\u00c9viter de tels risques constitue une justification valable pour se faire vacciner, et les avantages potentiels qui en d\u00e9coulent soutiennent encore davantage cette d\u00e9marche. \u00bb<\/p>\n","protected":false},"excerpt":{"rendered":"Le zona est une infection dont personne ne veut souffrir. Ceux qui ont endur\u00e9 ces \u00e9ruptions cutan\u00e9es parlent&hellip;\n","protected":false},"author":2,"featured_media":366773,"comment_status":"","ping_status":"","sticky":false,"template":"","format":"standard","meta":{"footnotes":""},"categories":[10],"tags":[1011,27,72,71],"class_list":{"0":"post-366772","1":"post","2":"type-post","3":"status-publish","4":"format-standard","5":"has-post-thumbnail","7":"category-sante","8":"tag-fr","9":"tag-france","10":"tag-health","11":"tag-sante"},"share_on_mastodon":{"url":"https:\/\/pubeurope.com\/@fr\/115148485070623084","error":""},"_links":{"self":[{"href":"https:\/\/www.europesays.com\/fr\/wp-json\/wp\/v2\/posts\/366772","targetHints":{"allow":["GET"]}}],"collection":[{"href":"https:\/\/www.europesays.com\/fr\/wp-json\/wp\/v2\/posts"}],"about":[{"href":"https:\/\/www.europesays.com\/fr\/wp-json\/wp\/v2\/types\/post"}],"author":[{"embeddable":true,"href":"https:\/\/www.europesays.com\/fr\/wp-json\/wp\/v2\/users\/2"}],"replies":[{"embeddable":true,"href":"https:\/\/www.europesays.com\/fr\/wp-json\/wp\/v2\/comments?post=366772"}],"version-history":[{"count":0,"href":"https:\/\/www.europesays.com\/fr\/wp-json\/wp\/v2\/posts\/366772\/revisions"}],"wp:featuredmedia":[{"embeddable":true,"href":"https:\/\/www.europesays.com\/fr\/wp-json\/wp\/v2\/media\/366773"}],"wp:attachment":[{"href":"https:\/\/www.europesays.com\/fr\/wp-json\/wp\/v2\/media?parent=366772"}],"wp:term":[{"taxonomy":"category","embeddable":true,"href":"https:\/\/www.europesays.com\/fr\/wp-json\/wp\/v2\/categories?post=366772"},{"taxonomy":"post_tag","embeddable":true,"href":"https:\/\/www.europesays.com\/fr\/wp-json\/wp\/v2\/tags?post=366772"}],"curies":[{"name":"wp","href":"https:\/\/api.w.org\/{rel}","templated":true}]}}