{"id":366776,"date":"2025-09-04T22:54:12","date_gmt":"2025-09-04T22:54:12","guid":{"rendered":"https:\/\/www.europesays.com\/fr\/366776\/"},"modified":"2025-09-04T22:54:12","modified_gmt":"2025-09-04T22:54:12","slug":"ce-que-nous-reserve-arte-cette-saison","status":"publish","type":"post","link":"https:\/\/www.europesays.com\/fr\/366776\/","title":{"rendered":"ce que nous r\u00e9serve Arte cette saison"},"content":{"rendered":"<p>\u00ab Arte n\u2019a jamais \u00e9t\u00e9 plus vu, partag\u00e9, regard\u00e9 qu\u2019aujourd&rsquo;hui.\u00a0\u00bb Bruno Patino, le\u00a0pr\u00e9sident d\u2019Arte France, a le sourire <a href=\"https:\/\/www.ledauphine.com\/societe\/2025\/08\/30\/cyril-hanouna-sur-w9-lea-salame-au-20h-anne-sophie-lapix-sur-rtl-les-nouveautes-de-la-rentree\" target=\"_blank\" rel=\"nofollow noopener\">en cette rentr\u00e9e<\/a>. Il faut dire que cha\u00eene num\u00e9ro sept de la TNT se porte bien\u00a0: depuis le d\u00e9but l&rsquo;ann\u00e9e ses audiences sont \u00e0 un \u00ab niveau historique\u00a0\u00bb (3,1 % de part d&rsquo;audience, +7 % en cinq ans) et la marque cartonne sur le num\u00e9rique. Au premier semestre, ses vid\u00e9os ont \u00e9t\u00e9 vues 1,54 milliard de fois, soit le double d&rsquo;il y a cinq ans.<\/p>\n<p>La recette du succ\u00e8s d&rsquo;Arte\u00a0? \u00ab\u00a0\u00a0Une offre qui ne ressemble \u00e0 aucune autre\u00a0\u00bb, soutient Bruno Patino. Et le pr\u00e9sident d&rsquo;Arte France de citer <a href=\"https:\/\/www.ledauphine.com\/societe\/2024\/09\/05\/docus-infos-series-ce-qui-vous-attend-sur-arte-des-cette-rentree\" target=\"_blank\" rel=\"nofollow noopener\">les plus grandes r\u00e9ussites de l&rsquo;an dernier<\/a> (le documentaire sur DJ Mehdi, la s\u00e9rie d&rsquo;animation Samuel etc.), ainsi que <a href=\"https:\/\/www.ledauphine.com\/culture-loisirs\/2025\/02\/14\/victoires-de-la-musique-2025-alain-souchon-et-foule-sentimentale-ouvrent-la-ceremonie-le-palmares-complet\" target=\"_blank\" rel=\"nofollow noopener\">les nombreuses cr\u00e9ations prim\u00e9es<\/a>.<\/p>\n<p>The Deal et Etty\u00a0: deux cr\u00e9ations remarqu\u00e9es<\/p>\n<p>Pour sa saison 2025-2026, Arte vise encore plus grand et compte s&rsquo;imposer comme \u00ab\u00a0une v\u00e9ritable plateforme europ\u00e9enne\u00a0\u00bb, indique Heike Hempel, la pr\u00e9sidente du groupe, qui travaille avec 12\u00a0cha\u00eenes partenaires \u00e0 travers le continent. Un \u00ab\u00a0instrument de soft power\u00a0\u00bb qui a \u00e9t\u00e9 lou\u00e9 par le tandem franco-allemand, lors d&rsquo;un <a href=\"https:\/\/www.ledauphine.com\/defense-guerre-conflit\/2025\/08\/29\/poutine-se-sera-joue-de-trump-macron-et-merz-veulent-des-sanctions-supplementaires-contre-moscou\" target=\"_blank\" rel=\"nofollow noopener\">conseil des ministres commun<\/a>, en plein bouleversement du monde.<\/p>\n<p>La programmation \u00ab\u00a0fictions\u00a0\u00bb de la cha\u00eene sera d&rsquo;ailleurs une \u00ab\u00a0chambre d\u2019\u00e9cho ou d\u2019anticipation\u00a0\u00bb de l&rsquo;actualit\u00e9, souligne Boris Razon, le directeur \u00e9ditorial d\u2019Arte France. Parmi les temps forts\u00a0: la diffusion des s\u00e9ries The Deal (en octobre) et Etty (en 2026). La premi\u00e8re, remarqu\u00e9e au festival S\u00e9ries Mania, est un huis clos qui se d\u00e9roule \u00e0 Gen\u00e8ve en 2015, au moment des n\u00e9gociations sur le nucl\u00e9aire iranien, et nous plonge dans l&rsquo;intimit\u00e9 des participants. La seconde, s\u00e9lectionn\u00e9e \u00e0 la Mostra de Venise, raconte l&rsquo;histoire vraie d&rsquo;Etty Hillesum, une juive qui s&rsquo;est fait volontairement interner, mais l&rsquo;inscrit dans un monde contemporain. Elle a \u00e9t\u00e9 r\u00e9alis\u00e9e par Hagai Levi, l&rsquo;homme derri\u00e8re <a href=\"https:\/\/www.ledauphine.com\/societe\/2022\/03\/31\/on-a-vu-en-therapie-saison-2-la-serie-psy-d-arte-qui-fait-du-bien%20\" target=\"_blank\" rel=\"nofollow noopener\">En th\u00e9rapie<\/a>.<\/p>\n<p>Parler des conflits autrement<\/p>\n<p>Une large couverture sera accord\u00e9e aux conflits qui secouent la plan\u00e8te. Dans Le Dessous des Cartes\u00a0\u2013\u00a0qui se d\u00e9cline d\u00e9sormais sur Twitch et atteindra bient\u00f4t le million d&rsquo;abonn\u00e9s sur YouTube\u00a0\u2013, mais pas seulement. Le conflit isra\u00e9lo-palestinien fera l&rsquo;objet de nombreux documentaires (Isra\u00ebl et les Palestiniens, Tsahal, Dans Gaza, etc.), tout comme la guerre en Ukraine. Mention sp\u00e9ciale \u00e0 Cuba &amp; Alaska (en 2026), deux amies ukrainiennes qui se battent en premi\u00e8re ligne, avec des armes mais aussi leur humour.<\/p>\n<p>Trump contre la loi (2026), L\u2019Am\u00e9rique en guerre contre ses femmes (2026)&#8230; Plusieurs documentaires donneront \u00e0 voir la mont\u00e9e du populisme aux \u00c9tats-Unis. Dans High School Radical (en novembre sur arte.tv), Max, un jeune journaliste, partira \u00e0 la recherche de ses anciens copains am\u00e9ricains, qui ont bien chang\u00e9 depuis son ann\u00e9e \u00e0 l&rsquo;\u00e9tranger.<\/p>\n<p>Les Groos adapt\u00e9 en s\u00e9rie<\/p>\n<p>Arte mettra aussi l&rsquo;accent sur l&rsquo;intime. \u00c0 travers des s\u00e9ries sur l&rsquo;amour et le d\u00e9sir, d&rsquo;abord, comme Infid\u00e8les (ou Faithless, en cours de diffusion), Los a\u00f1os nuevos (en novembre) et Les saisons (en d\u00e9cembre). Mais aussi via des documentaires sur les \u00e9volutions de notre soci\u00e9t\u00e9 \u2013 Paternit\u00e9, une m\u00e9tamorphose d\u00e9crypt\u00e9e (en octobre), Inceste, le combat d&rsquo;une vie (en 2026), Transition de genre, accompagner son enfant (en octobre), etc.<\/p>\n<p>Parmi les autres documentaires que l&rsquo;on attend avec impatience\u00a0: L&#8217;empire LVHM (en 2026), Les derni\u00e8res heures du Titanic (en 2026) et Homo plasticus (en novembre), une enqu\u00eate sur l&rsquo;invasion de microplastiques. C\u00f4t\u00e9 s\u00e9ries, on a h\u00e2te de d\u00e9couvrir l&rsquo;adaptation des Groos en s\u00e9rie (en 2026), ces sketchs qui ont d\u00e9j\u00e0 trouv\u00e9 leur public sur TikTok et Instagram.<\/p>\n<p>Et c&rsquo;est sans parler de l&rsquo;offre culturelle de la cha\u00eene, qui proposera de nombreuses retransmissions de spectacles au cours de l&rsquo;ann\u00e9e (Zaho de Sagazan, Ga\u00ebl Faye, etc.), mais aussi des cycles consacr\u00e9s \u00e0 de c\u00e9l\u00e8bres r\u00e9alisateurs (Anne Fontaine, Claude Chabrol, Michel Piccoli, etc.).<\/p>\n","protected":false},"excerpt":{"rendered":"\u00ab Arte n\u2019a jamais \u00e9t\u00e9 plus vu, partag\u00e9, regard\u00e9 qu\u2019aujourd&rsquo;hui.\u00a0\u00bb Bruno Patino, le\u00a0pr\u00e9sident d\u2019Arte France, a le sourire&hellip;\n","protected":false},"author":2,"featured_media":366777,"comment_status":"","ping_status":"","sticky":false,"template":"","format":"standard","meta":{"footnotes":""},"categories":[8],"tags":[1687,58,59,107,1011,27,329,104,2205],"class_list":{"0":"post-366776","1":"post","2":"type-post","3":"status-publish","4":"format-standard","5":"has-post-thumbnail","7":"category-divertissement","8":"tag-culture-loisirs","9":"tag-divertissement","10":"tag-entertainment","11":"tag-fil-info","12":"tag-fr","13":"tag-france","14":"tag-france-monde","15":"tag-societe","16":"tag-television-medias"},"share_on_mastodon":{"url":"https:\/\/pubeurope.com\/@fr\/115148493216464175","error":""},"_links":{"self":[{"href":"https:\/\/www.europesays.com\/fr\/wp-json\/wp\/v2\/posts\/366776","targetHints":{"allow":["GET"]}}],"collection":[{"href":"https:\/\/www.europesays.com\/fr\/wp-json\/wp\/v2\/posts"}],"about":[{"href":"https:\/\/www.europesays.com\/fr\/wp-json\/wp\/v2\/types\/post"}],"author":[{"embeddable":true,"href":"https:\/\/www.europesays.com\/fr\/wp-json\/wp\/v2\/users\/2"}],"replies":[{"embeddable":true,"href":"https:\/\/www.europesays.com\/fr\/wp-json\/wp\/v2\/comments?post=366776"}],"version-history":[{"count":0,"href":"https:\/\/www.europesays.com\/fr\/wp-json\/wp\/v2\/posts\/366776\/revisions"}],"wp:featuredmedia":[{"embeddable":true,"href":"https:\/\/www.europesays.com\/fr\/wp-json\/wp\/v2\/media\/366777"}],"wp:attachment":[{"href":"https:\/\/www.europesays.com\/fr\/wp-json\/wp\/v2\/media?parent=366776"}],"wp:term":[{"taxonomy":"category","embeddable":true,"href":"https:\/\/www.europesays.com\/fr\/wp-json\/wp\/v2\/categories?post=366776"},{"taxonomy":"post_tag","embeddable":true,"href":"https:\/\/www.europesays.com\/fr\/wp-json\/wp\/v2\/tags?post=366776"}],"curies":[{"name":"wp","href":"https:\/\/api.w.org\/{rel}","templated":true}]}}