{"id":366780,"date":"2025-09-04T22:56:12","date_gmt":"2025-09-04T22:56:12","guid":{"rendered":"https:\/\/www.europesays.com\/fr\/366780\/"},"modified":"2025-09-04T22:56:12","modified_gmt":"2025-09-04T22:56:12","slug":"jusqua-17-milliard-deuros-de-medicaments-non-consommes-chaque-annee-actualites","status":"publish","type":"post","link":"https:\/\/www.europesays.com\/fr\/366780\/","title":{"rendered":"Jusqu&rsquo;\u00e0 1,7 milliard d&rsquo;euros de m\u00e9dicaments non consomm\u00e9s chaque ann\u00e9e : Actualit\u00e9s"},"content":{"rendered":"<p class=\"lead \">Les m\u00e9dicaments prescrits en ville mais non consomm\u00e9s repr\u00e9sentent chaque ann\u00e9e en France entre 561 millions et 1,7 milliard d\u2019euros, selon une \u00e9valuation de la Cour des comptes publi\u00e9e jeudi qui appelle \u00e0 identifier les produits les plus jet\u00e9s et les raisons de ce gaspillage.<\/p>\n<p class=\"lead \">A ce jour, \u00ab\u00a0les modalit\u00e9s de collecte et de traitement des m\u00e9dicaments non utilis\u00e9s ne permettent pas de conna\u00eetre de mani\u00e8re pr\u00e9cise les montants et la nature des d\u00e9penses de m\u00e9dicaments qui auraient pu \u00eatre \u00e9vit\u00e9s\u00a0\u00bb, souligne la Cour des comptes.<\/p>\n<p class=\"lead \">Son \u00e9valuation des co\u00fbts a \u00e9t\u00e9 r\u00e9alis\u00e9e \u00e0 partir des quantit\u00e9s de m\u00e9dicaments non utilis\u00e9s collect\u00e9es par l&rsquo;organisme Cyclamed charg\u00e9 de leur r\u00e9cup\u00e9ration.<\/p>\n<p class=\"lead \">La facture atteint jusqu\u2019\u00e0 1,7 milliard d&rsquo;euros si le calcul prend en compte tous les m\u00e9dicaments mais elle tombe autour de 561 \u00e0 788 millions d&rsquo;euros si les plus co\u00fbteux en sont exclus, d\u00e9taille la Cour des comptes.<\/p>\n<p class=\"lead \">Le volume de m\u00e9dicaments jet\u00e9s et collect\u00e9s par Cyclamed repr\u00e9sentait 8.503 tonnes en 2023.<\/p>\n<p class=\"lead \">Le potentiel de r\u00e9duction de ces d\u00e9chets peut \u00eatre \u00e9valu\u00e9 entre 224 millions \u00e0 867 millions d&rsquo;euros, selon l&rsquo;enqu\u00eate conduite par la Cour des comptes.<\/p>\n<p class=\"lead \">Il est \u00ab\u00a0indispensable que les pouvoirs publics am\u00e9liorent leur connaissance de l\u2019usage des produits de sant\u00e9, prescrits, dispens\u00e9s et rembours\u00e9s, et comprennent pourquoi certains d\u2019entre eux ne sont pas utilis\u00e9s\u00a0\u00bb, \u00e9crit l&rsquo;instance de surveillance des finances publiques.<\/p>\n<p class=\"lead \">Elle pr\u00e9conise de s&rsquo;appuyer sur l&rsquo;expertise de Cyclamed pour quantifier les m\u00e9dicaments non utilis\u00e9s, \u00e9valuer la proportion des m\u00e9dicaments p\u00e9rim\u00e9s, identifier les produits les plus gaspill\u00e9s et en d\u00e9terminer les raisons afin de \u00ab\u00a0susciter des mesures de pr\u00e9vention\u00a0\u00bb.<\/p>\n<p class=\"lead \">La redistribution des m\u00e9dicaments non utilis\u00e9s pourrait \u00eatre, selon elle, \u00ab\u00a0une mesure prometteuse\u00a0\u00bb, en particulier pour les m\u00e9dicaments co\u00fbteux ou tr\u00e8s prescrits.<\/p>\n<p class=\"lead \">De m\u00eame, certains dispositifs m\u00e9dicaux (b\u00e9quilles, fauteuils roulants, d\u00e9ambulateurs etc..) pourraient \u00eatre r\u00e9utilis\u00e9s, remis en \u00e9tat ou recycl\u00e9s pour r\u00e9cup\u00e9rer au moins leurs composants, pr\u00e9conise le rapport.<\/p>\n<p class=\"lead \">Parmi ses autres recommandations pour un meilleur usage des produits de sant\u00e9 (m\u00e9dicaments et dispositifs m\u00e9dicaux), la Cour des comptes propose d&rsquo;inciter les industriels \u00e0 adapter les conditionnements et les d\u00e9lais de p\u00e9remption.<\/p>\n<p class=\"lead \">Les produits de sant\u00e9 ont repr\u00e9sent\u00e9 un co\u00fbt de 36,05 milliards d&rsquo;euros pour l\u2019assurance maladie en 2023, dont 25,26 milliards au titre des m\u00e9dicaments et 10,79 milliards au titre des dispositifs m\u00e9dicaux.<\/p>\n<p class=\"lead \">Le gouvernement vise une r\u00e9duction des d\u00e9penses de sant\u00e9 de l&rsquo;ordre de cinq milliards d&rsquo;euros l&rsquo;an prochain.<\/p>\n<p class=\"small font-weight-bold text-gray3 \"> publi\u00e9 le 4 septembre \u00e0 20h04, AFP<\/p>\n<p>                             Partager<\/p>\n","protected":false},"excerpt":{"rendered":"Les m\u00e9dicaments prescrits en ville mais non consomm\u00e9s repr\u00e9sentent chaque ann\u00e9e en France entre 561 millions et 1,7&hellip;\n","protected":false},"author":2,"featured_media":366781,"comment_status":"","ping_status":"","sticky":false,"template":"","format":"standard","meta":{"footnotes":""},"categories":[6],"tags":[13790,1003,35,33,34,590,1011,27,20709],"class_list":{"0":"post-366780","1":"post","2":"type-post","3":"status-publish","4":"format-standard","5":"has-post-thumbnail","7":"category-economie","8":"tag-conomie","9":"tag-budget","10":"tag-business","11":"tag-economie","12":"tag-economy","13":"tag-finance","14":"tag-fr","15":"tag-france","16":"tag-mdicaments"},"share_on_mastodon":{"url":"https:\/\/pubeurope.com\/@fr\/115148500769521869","error":""},"_links":{"self":[{"href":"https:\/\/www.europesays.com\/fr\/wp-json\/wp\/v2\/posts\/366780","targetHints":{"allow":["GET"]}}],"collection":[{"href":"https:\/\/www.europesays.com\/fr\/wp-json\/wp\/v2\/posts"}],"about":[{"href":"https:\/\/www.europesays.com\/fr\/wp-json\/wp\/v2\/types\/post"}],"author":[{"embeddable":true,"href":"https:\/\/www.europesays.com\/fr\/wp-json\/wp\/v2\/users\/2"}],"replies":[{"embeddable":true,"href":"https:\/\/www.europesays.com\/fr\/wp-json\/wp\/v2\/comments?post=366780"}],"version-history":[{"count":0,"href":"https:\/\/www.europesays.com\/fr\/wp-json\/wp\/v2\/posts\/366780\/revisions"}],"wp:featuredmedia":[{"embeddable":true,"href":"https:\/\/www.europesays.com\/fr\/wp-json\/wp\/v2\/media\/366781"}],"wp:attachment":[{"href":"https:\/\/www.europesays.com\/fr\/wp-json\/wp\/v2\/media?parent=366780"}],"wp:term":[{"taxonomy":"category","embeddable":true,"href":"https:\/\/www.europesays.com\/fr\/wp-json\/wp\/v2\/categories?post=366780"},{"taxonomy":"post_tag","embeddable":true,"href":"https:\/\/www.europesays.com\/fr\/wp-json\/wp\/v2\/tags?post=366780"}],"curies":[{"name":"wp","href":"https:\/\/api.w.org\/{rel}","templated":true}]}}