{"id":366783,"date":"2025-09-04T22:58:10","date_gmt":"2025-09-04T22:58:10","guid":{"rendered":"https:\/\/www.europesays.com\/fr\/366783\/"},"modified":"2025-09-04T22:58:10","modified_gmt":"2025-09-04T22:58:10","slug":"des-militants-propalestiniens-tentent-de-forcer-lentree-dune-synagogue","status":"publish","type":"post","link":"https:\/\/www.europesays.com\/fr\/366783\/","title":{"rendered":"des militants propalestiniens tentent de forcer l\u2019entr\u00e9e d\u2019une synagogue"},"content":{"rendered":"<p>Trois militants pro-palestiniens ont \u00e9t\u00e9 interpell\u00e9s et plac\u00e9s en garde \u00e0 vue jeudi soir \u00e0 Nice apr\u00e8s avoir tent\u00e9 d\u2019entrer \u00abde force\u00bb dans une synagogue.<\/p>\n<p class=\"fig-paragraph\">Trois militants\u00a0<a href=\"https:\/\/www.lefigaro.fr\/tag\/palestine\" target=\"_blank\" rel=\"sponsored noopener nofollow\" data-gtm-custom-categorie=\"navigation\" data-gtm-custom-action=\"crossclick\" data-gtm-custom-label=\"Contextuel\" data-gtm-event=\"customEventSPE\">propalestiniens<\/a>\u00a0ont \u00e9t\u00e9 interpell\u00e9s et plac\u00e9s en garde \u00e0 vue jeudi soir \u00e0\u00a0<a href=\"https:\/\/www.lefigaro.fr\/nice\" target=\"_blank\" data-fig-type=\"Section\" rel=\"sponsored noopener nofollow\" data-gtm-custom-categorie=\"navigation\" data-gtm-custom-action=\"crossclick\" data-gtm-custom-label=\"Contextuel\" data-gtm-event=\"customEventSPE\" data-fig-domain=\"LEFIGARO\">Nice<\/a>\u00a0apr\u00e8s avoir tent\u00e9 d&rsquo;entrer \u00abde force\u00bb dans une synagogue, a-t-on appris aupr\u00e8s de la pr\u00e9fecture et du parquet.<\/p>\n<p class=\"fig-paragraph\">La police a \u00e9t\u00e9 inform\u00e9e vers 19 heures que \u00abplusieurs personnes dont certaines porteuses de drapeaux palestiniens tentaient de rentrer\u00bb dans cet \u00e9difice de la communaut\u00e9 Loubavitch du centre de Nice, o\u00f9 se tenait une r\u00e9union d&rsquo;information sur l&rsquo;alyah, l&rsquo;immigration des juifs en Isra\u00ebl, d\u00e9taille le parquet de Nice dans un message \u00e0 la presse.<\/p>\n<p>                                    <a class=\"fig-a11y-skip a11y-hidden\" href=\"#fig-a11y-skip-main-inarticle\"><br \/>\n        Passer la publicit\u00e9<br \/>\n    <\/a><\/p>\n<p>Une femme enceinte bouscul\u00e9e<\/p>\n<p class=\"fig-paragraph\">\u00abLes premiers \u00e9l\u00e9ments r\u00e9unis mettaient en cause plusieurs individus pour des faits de violences et d&rsquo;injures en raison de la religion, ces derniers ayant tent\u00e9 de p\u00e9n\u00e9trer de force au sein du lieu de culte\u00bb, poursuit-il. Une femme enceinte a \u00e9t\u00e9 bouscul\u00e9e, selon la pr\u00e9fecture qui a communiqu\u00e9 sur X.<\/p>\n<p class=\"fig-paragraph\">Trois militants, deux femmes quadrag\u00e9naires et un homme sexag\u00e9naire, ont \u00e9t\u00e9 interpell\u00e9s et plac\u00e9s en garde \u00e0 vue dans le cadre d&rsquo;une enqu\u00eate en flagrance ouverte pour violences aggrav\u00e9es par trois circonstances (sur personne vuln\u00e9rable, en r\u00e9union et en raison de la religion) et injures publiques en raison de la religion.<\/p>\n<p>\u00abIntrusion intol\u00e9rable\u00bb<\/p>\n<p class=\"fig-paragraph\">Le pr\u00e9fet des Alpes-Maritimes, Laurent Hottiaux, a condamn\u00e9 \u00abtr\u00e8s fermement cet acte\u00bb sur X et annonc\u00e9 que des policiers resteraient devant la synagogue \u00abautant que n\u00e9cessaire\u00bb.<\/p>\n<p class=\"fig-paragraph\">Tout comme le maire Horizons de Nice, Christian Estrosi qui a d\u00e9nonc\u00e9 toujours sur X une \u00abintrusion intol\u00e9rable\u00bb, rappelant la nette progression en France des actes antis\u00e9mites depuis le 7 octobre 2023, date des attaques sans pr\u00e9c\u00e9dent du Hamas contre Isra\u00ebl et du d\u00e9clenchement de la guerre \u00e0 Gaza.<\/p>\n","protected":false},"excerpt":{"rendered":"Trois militants pro-palestiniens ont \u00e9t\u00e9 interpell\u00e9s et plac\u00e9s en garde \u00e0 vue jeudi soir \u00e0 Nice apr\u00e8s avoir&hellip;\n","protected":false},"author":2,"featured_media":366784,"comment_status":"","ping_status":"","sticky":false,"template":"","format":"standard","meta":{"footnotes":""},"categories":[4],"tags":[11,2898,2829,2971,2972,2973,2974,2975,1011,27,2969,2970,2987,2980,12,2897,2976,2977,2978,2985,2986,2979,2981,2982,2983,2984,2991,2992,2993,2994,2996,2997,2998,2999,3000,3001,3002,2995,3003,3004,3005,3007,2268,25,2988,2989,2990,2968,3006],"class_list":{"0":"post-366783","1":"post","2":"type-post","3":"status-publish","4":"format-standard","5":"has-post-thumbnail","7":"category-france","8":"tag-actualites","9":"tag-alpes-maritimes","10":"tag-baumettes","11":"tag-carabacel","12":"tag-caucade","13":"tag-cimiez","14":"tag-cremat","15":"tag-fabron","16":"tag-fr","17":"tag-france","18":"tag-larenas","19":"tag-lariane","20":"tag-le-ray","21":"tag-lingostiere","22":"tag-news","23":"tag-nice-cote-dazur","24":"tag-nice-gairaut","25":"tag-nice-gambetta","26":"tag-nice-jean-medecin","27":"tag-nice-le-piol","28":"tag-nice-le-port","29":"tag-nice-liberation","30":"tag-nice-magnan","31":"tag-nice-mantega-mont-boron","32":"tag-nice-pasteur","33":"tag-nice-pessicart","34":"tag-nice-rue-de-france","35":"tag-nice-saint-antoine","36":"tag-nice-saint-augustin","37":"tag-nice-saint-isidore","38":"tag-nice-saint-maurice","39":"tag-nice-saint-pancrace","40":"tag-nice-saint-philippe","41":"tag-nice-saint-pierre-de-feric","42":"tag-nice-saint-roch","43":"tag-nice-saint-roman-de-bellet","44":"tag-nice-saint-sylvestre","45":"tag-nice-sainte-marguerite","46":"tag-nice-thiers","47":"tag-nice-ventabrun","48":"tag-nice-vernier","49":"tag-nice-vinaigrier","50":"tag-ogc-nice","51":"tag-republique-francaise","52":"tag-rimiez","53":"tag-riquier","54":"tag-roquebilliere","55":"tag-sud-est","56":"tag-vieux-nice"},"share_on_mastodon":{"url":"","error":"Validation failed: Text character limit of 500 exceeded"},"_links":{"self":[{"href":"https:\/\/www.europesays.com\/fr\/wp-json\/wp\/v2\/posts\/366783","targetHints":{"allow":["GET"]}}],"collection":[{"href":"https:\/\/www.europesays.com\/fr\/wp-json\/wp\/v2\/posts"}],"about":[{"href":"https:\/\/www.europesays.com\/fr\/wp-json\/wp\/v2\/types\/post"}],"author":[{"embeddable":true,"href":"https:\/\/www.europesays.com\/fr\/wp-json\/wp\/v2\/users\/2"}],"replies":[{"embeddable":true,"href":"https:\/\/www.europesays.com\/fr\/wp-json\/wp\/v2\/comments?post=366783"}],"version-history":[{"count":0,"href":"https:\/\/www.europesays.com\/fr\/wp-json\/wp\/v2\/posts\/366783\/revisions"}],"wp:featuredmedia":[{"embeddable":true,"href":"https:\/\/www.europesays.com\/fr\/wp-json\/wp\/v2\/media\/366784"}],"wp:attachment":[{"href":"https:\/\/www.europesays.com\/fr\/wp-json\/wp\/v2\/media?parent=366783"}],"wp:term":[{"taxonomy":"category","embeddable":true,"href":"https:\/\/www.europesays.com\/fr\/wp-json\/wp\/v2\/categories?post=366783"},{"taxonomy":"post_tag","embeddable":true,"href":"https:\/\/www.europesays.com\/fr\/wp-json\/wp\/v2\/tags?post=366783"}],"curies":[{"name":"wp","href":"https:\/\/api.w.org\/{rel}","templated":true}]}}