{"id":366785,"date":"2025-09-04T22:59:12","date_gmt":"2025-09-04T22:59:12","guid":{"rendered":"https:\/\/www.europesays.com\/fr\/366785\/"},"modified":"2025-09-04T22:59:12","modified_gmt":"2025-09-04T22:59:12","slug":"le-trafic-ter-impacte-plusieurs-centaines-de-foyers-prives-delectricite","status":"publish","type":"post","link":"https:\/\/www.europesays.com\/fr\/366785\/","title":{"rendered":"le trafic TER impact\u00e9, plusieurs centaines de foyers priv\u00e9s d\u2019\u00e9lectricit\u00e9"},"content":{"rendered":"<p>Si le d\u00e9partement de l\u2019Ard\u00e8che n\u2019est plus sous vigilance orange pour les orages depuis 18 heures, M\u00e9t\u00e9o-France a prolong\u00e9 ce niveau jusqu\u2019\u00e0 20 heures, dans la Dr\u00f4me. Les deux d\u00e9partements <a href=\"https:\/\/www.ledauphine.com\/environnement\/2025\/09\/04\/orages-trois-departements-places-en-vigilance-orange-ce-jeudi-apres-midi\" target=\"_blank\" rel=\"noopener\">avaient bascul\u00e9<\/a> en orange \u00e0 partir de 14 heures, ce jeudi 4 septembre.<\/p>\n<p>Dans la Dr\u00f4me, 1\u00a0200 foyers sont priv\u00e9s d\u2019\u00e9lectricit\u00e9. Principalement sur les secteurs de Bourg-de-P\u00e9age, Alixan, Chatuzange-le-Goubet, <a href=\"https:\/\/www.ledauphine.com\/faits-divers-justice\/2025\/09\/04\/fortes-pluies-des-routes-et-magasins-inondes-a-dieulefit\" target=\"_blank\" rel=\"noopener\">et Dieulefit.<\/a> \u00c0 <a href=\"https:\/\/www.ledauphine.com\/environnement\/2025\/09\/04\/la-grele-fait-de-gros-degats-sur-le-centre-du-village\" target=\"_blank\" rel=\"noopener\">Hauterives<\/a>, le village a \u00e9t\u00e9 touch\u00e9 par un \u00e9pisode de gr\u00eale causant des d\u00e9g\u00e2ts dans les jardins et les voitures.\u00a0La Roanne est sortie de son lit \u00e0 Pradelle et a emport\u00e9 <a href=\"https:\/\/www.ledauphine.com\/transport\/2025\/07\/12\/le-pont-sur-la-roanne-va-subir-des-travaux-de-renforcement\" target=\"_blank\" rel=\"noopener\">le passage \u00e0 gu\u00e9 mis en place pour les travaux<\/a> de renforcement du pont.<\/p>\n<p>Sur la rive gauche du Rh\u00f4ne, les sapeurs-pompiers ont r\u00e9alis\u00e9 une trentaine d\u2019interventions li\u00e9es \u00e0 ces intemp\u00e9ries. Peu avant 19 heures, ils sont toujours mobilis\u00e9s sur le terrain, notamment dans les secteurs de Dieulefit, o\u00f9 le magasin Super U a \u00e9t\u00e9 inond\u00e9 sur une superficie d\u2019environ 1\u00a0000 m2. Plusieurs interventions sont \u00e9galement en cours dans des habitations \u00e0 Luc-en-Diois o\u00f9 un ruisseau est sorti de son lit dans le centre du village. Plusieurs routes ont ou sont toujours coup\u00e9es \u00e0 la circulation\u00a0: la RD 9 \u00e0 La B\u00e9gude-de-Mazenc et la RD 94 \u00e0 Aubres.<\/p>\n<p>Le trafic des TER est impact\u00e9 dans le sens Valence\/Lyon suite \u00e0 un impact de foudre<\/p>\n<p>Le trafic des TER est impact\u00e9 dans le sens Valence\/Lyon suite \u00e0 un impact de foudre qui a endommag\u00e9 la cat\u00e9naire et des \u00e9l\u00e9ments de l\u2019infrastructure dans le secteur de Saint-Vallier. Des d\u00e9tournements sont r\u00e9alis\u00e9s via Saint-Rambert-d&rsquo;Albon. Les gares de Tain, Saint-Vallier et Saint-Rambert-d\u2019Albon ne sont pas desservies. Les r\u00e9parations vont \u00eatre effectu\u00e9es ce soir, indique la SNCF.<\/p>\n<p>Par ailleurs, le trafic entre Valence et Avignon est aussi perturb\u00e9 \u00e0 cause d&rsquo;un train de marchandise en panne.<\/p>\n<p>En Ard\u00e8che \u00e0 18 heures, 300 foyers \u00e9taient priv\u00e9s d\u2019\u00e9lectricit\u00e9. Les communes impact\u00e9es sont Cornas, Saint-P\u00e9ray, Saint-Romain-de-Lerps, Saint-Victor et Etables. Les \u00e9quipes d\u2019Enedis sont mobilis\u00e9es sur place.\u00a0 Les sapeurs-pompiers ont r\u00e9alis\u00e9 huit interventions dans le Nord du d\u00e9partement pour des inondations de locaux.<\/p>\n","protected":false},"excerpt":{"rendered":"Si le d\u00e9partement de l\u2019Ard\u00e8che n\u2019est plus sous vigilance orange pour les orages depuis 18 heures, M\u00e9t\u00e9o-France a&hellip;\n","protected":false},"author":2,"featured_media":366786,"comment_status":"","ping_status":"","sticky":false,"template":"","format":"standard","meta":{"footnotes":""},"categories":[2],"tags":[11,4646,50125,2730,6436,2737,2735,436,1011,27,50126,8423,12,50127,27020],"class_list":{"0":"post-366785","1":"post","2":"type-post","3":"status-publish","4":"format-standard","5":"has-post-thumbnail","7":"category-actualites","8":"tag-actualites","9":"tag-ardeche","10":"tag-dieulefit","11":"tag-drome","12":"tag-edition-montelimar-drome-provencale","13":"tag-edition-romans-nord-drome","14":"tag-edition-valence-rhone-crussol-vallee-de-la-drome","15":"tag-environnement","16":"tag-fr","17":"tag-france","18":"tag-hauterives","19":"tag-meteorologie-climat","20":"tag-news","21":"tag-pradelle","22":"tag-vallee-du-rhone"},"share_on_mastodon":{"url":"https:\/\/pubeurope.com\/@fr\/115148512591036093","error":""},"_links":{"self":[{"href":"https:\/\/www.europesays.com\/fr\/wp-json\/wp\/v2\/posts\/366785","targetHints":{"allow":["GET"]}}],"collection":[{"href":"https:\/\/www.europesays.com\/fr\/wp-json\/wp\/v2\/posts"}],"about":[{"href":"https:\/\/www.europesays.com\/fr\/wp-json\/wp\/v2\/types\/post"}],"author":[{"embeddable":true,"href":"https:\/\/www.europesays.com\/fr\/wp-json\/wp\/v2\/users\/2"}],"replies":[{"embeddable":true,"href":"https:\/\/www.europesays.com\/fr\/wp-json\/wp\/v2\/comments?post=366785"}],"version-history":[{"count":0,"href":"https:\/\/www.europesays.com\/fr\/wp-json\/wp\/v2\/posts\/366785\/revisions"}],"wp:featuredmedia":[{"embeddable":true,"href":"https:\/\/www.europesays.com\/fr\/wp-json\/wp\/v2\/media\/366786"}],"wp:attachment":[{"href":"https:\/\/www.europesays.com\/fr\/wp-json\/wp\/v2\/media?parent=366785"}],"wp:term":[{"taxonomy":"category","embeddable":true,"href":"https:\/\/www.europesays.com\/fr\/wp-json\/wp\/v2\/categories?post=366785"},{"taxonomy":"post_tag","embeddable":true,"href":"https:\/\/www.europesays.com\/fr\/wp-json\/wp\/v2\/tags?post=366785"}],"curies":[{"name":"wp","href":"https:\/\/api.w.org\/{rel}","templated":true}]}}