{"id":366787,"date":"2025-09-04T23:00:24","date_gmt":"2025-09-04T23:00:24","guid":{"rendered":"https:\/\/www.europesays.com\/fr\/366787\/"},"modified":"2025-09-04T23:00:24","modified_gmt":"2025-09-04T23:00:24","slug":"derniers-jours-pour-profiter-de-la-braderie-de-top-chaleur-au-chambon-feugerolles","status":"publish","type":"post","link":"https:\/\/www.europesays.com\/fr\/366787\/","title":{"rendered":"Derniers jours pour profiter de la braderie de Top Chaleur au Chambon-Feugerolles"},"content":{"rendered":"<p><strong>(Publi-reportage) Le d\u00e9p\u00f4t Top Chaleur, situ\u00e9 au Chambon-Feugerolles, organise une derni\u00e8re grande braderie de rentr\u00e9e cette semaine et jusqu&rsquo;au samedi 6 septembre 18 heures. Il s&rsquo;agit de la derni\u00e8re opportunit\u00e9 de l&rsquo;ann\u00e9e pour s&rsquo;\u00e9quiper en chauffage au bois avant la fermeture du d\u00e9p\u00f4t pour tout l&rsquo;hiver.<\/strong><\/p>\n<p>Pendant quatre jours, particuliers et familles peuvent d\u00e9couvrir sur place le plus grand magasin de chauffage au bois de France. Plusieurs centaines d&rsquo;appareils sont propos\u00e9s : po\u00eales \u00e0 granul\u00e9s, po\u00eales \u00e0 bois, cuisini\u00e8res et inserts, avec des conditions avantageuses.<\/p>\n<p>L&rsquo;\u00e9v\u00e9nement met en avant des d\u00e9stockages massifs et des opportunit\u00e9s uniques. C&rsquo;est aussi l&rsquo;occasion de voir les produits en vrai, de comparer les mod\u00e8les et de b\u00e9n\u00e9ficier des conseils des \u00e9quipes de Top Chaleur.<\/p>\n<p>Attention : le d\u00e9p\u00f4t fermera ses portes samedi soir et ne rouvrira qu&rsquo;au printemps 2026.<\/p>\n<p>Pour tous ceux qui souhaitent anticiper l&rsquo;hiver et r\u00e9duire leur facture \u00e9nerg\u00e9tique, c&rsquo;est maintenant ou jamais.<\/p>\n<p>D\u00e9p\u00f4t Top Chaleur \u2013 63 rue du Professeur-Calmette, Chambon-Feugerolles (entre Firminy et Le Chambon-Feugerolles)<\/p>\n<p>Ouvert de 10 heures \u00e0 12 heures et 14 heures \u00e0 18 heures.<\/p>\n<p>Samedi 6 septembre : 10 heures \u00e0 18 heures non stop.<\/p><\/p>\n","protected":false},"excerpt":{"rendered":"(Publi-reportage) Le d\u00e9p\u00f4t Top Chaleur, situ\u00e9 au Chambon-Feugerolles, organise une derni\u00e8re grande braderie de rentr\u00e9e cette semaine et&hellip;\n","protected":false},"author":2,"featured_media":366788,"comment_status":"","ping_status":"","sticky":false,"template":"","format":"standard","meta":{"footnotes":""},"categories":[9653],"tags":[1111,2281,11,2430,1777,674,2282,1011,27,2280,2284,2285,2283,12,25,4001],"class_list":{"0":"post-366787","1":"post","2":"type-post","3":"status-publish","4":"format-standard","5":"has-post-thumbnail","7":"category-saint-etienne","8":"tag-actu","9":"tag-actualite-43","10":"tag-actualites","11":"tag-auvergne-rhone-alpes","12":"tag-eu","13":"tag-europe","14":"tag-faits-divers-auvergne","15":"tag-fr","16":"tag-france","17":"tag-information-haute-loire","18":"tag-infos-43","19":"tag-journal-haute-loire","20":"tag-la-commere-43","21":"tag-news","22":"tag-republique-francaise","23":"tag-saint-etienne"},"share_on_mastodon":{"url":"https:\/\/pubeurope.com\/@fr\/115148516630466912","error":""},"_links":{"self":[{"href":"https:\/\/www.europesays.com\/fr\/wp-json\/wp\/v2\/posts\/366787","targetHints":{"allow":["GET"]}}],"collection":[{"href":"https:\/\/www.europesays.com\/fr\/wp-json\/wp\/v2\/posts"}],"about":[{"href":"https:\/\/www.europesays.com\/fr\/wp-json\/wp\/v2\/types\/post"}],"author":[{"embeddable":true,"href":"https:\/\/www.europesays.com\/fr\/wp-json\/wp\/v2\/users\/2"}],"replies":[{"embeddable":true,"href":"https:\/\/www.europesays.com\/fr\/wp-json\/wp\/v2\/comments?post=366787"}],"version-history":[{"count":0,"href":"https:\/\/www.europesays.com\/fr\/wp-json\/wp\/v2\/posts\/366787\/revisions"}],"wp:featuredmedia":[{"embeddable":true,"href":"https:\/\/www.europesays.com\/fr\/wp-json\/wp\/v2\/media\/366788"}],"wp:attachment":[{"href":"https:\/\/www.europesays.com\/fr\/wp-json\/wp\/v2\/media?parent=366787"}],"wp:term":[{"taxonomy":"category","embeddable":true,"href":"https:\/\/www.europesays.com\/fr\/wp-json\/wp\/v2\/categories?post=366787"},{"taxonomy":"post_tag","embeddable":true,"href":"https:\/\/www.europesays.com\/fr\/wp-json\/wp\/v2\/tags?post=366787"}],"curies":[{"name":"wp","href":"https:\/\/api.w.org\/{rel}","templated":true}]}}