{"id":366795,"date":"2025-09-04T23:04:10","date_gmt":"2025-09-04T23:04:10","guid":{"rendered":"https:\/\/www.europesays.com\/fr\/366795\/"},"modified":"2025-09-04T23:04:10","modified_gmt":"2025-09-04T23:04:10","slug":"la-commission-locale-de-leau-de-la-crau-est-installee","status":"publish","type":"post","link":"https:\/\/www.europesays.com\/fr\/366795\/","title":{"rendered":"La Commission locale de l\u2019eau de la Crau est install\u00e9e"},"content":{"rendered":"\n<p>\u00ab En 1554 Adam de Craponne obtenait l\u2019autorisation de d\u00e9river les eaux de la Durance pour alimenter notre territoire. En 2025, Monsieur le pr\u00e9fet de R\u00e9gion Georges-Fran\u00e7ois Leclerc installe la Commission locale (CLE) du Sch\u00e9ma d\u2019am\u00e9nagement et de gestion des eaux de la Crau pour que, collectivement nous mettions en place un projet de territoire visant la r\u00e9silience des usages de l\u2019eau dans un contexte de rar\u00e9faction de la ressource.\u00a0\u00bb Quelques jours apr\u00e8s son \u00e9lection \u00e0 la t\u00eate de la nouvelle assembl\u00e9e, C\u00e9line Tramontin, par ailleurs pr\u00e9sidente du syndicat mixte de la nappe Symcrau, dit sa \u00ab\u00a0d\u00e9termination\u00a0\u00bb \u00e0 remplir sa mission.<\/p>\n<p>Les enjeux sont grands. Sur ce territoire de 52\u00a0000\u00a0hectares situ\u00e9s sur le pal\u00e9o-delta de la Durance, la nappe phr\u00e9atique de la Crau est vitale\u00a0: elle alimente pr\u00e8s de 300\u00a0000\u00a0habitants en eau potable et fournit chaque ann\u00e9e pr\u00e8s de 70\u00a0millions de m\u00e8tres cubes aux nombreux agriculteurs et aux sites industriels. Seulement, le constat de l\u2019\u00e9tude prospective Sinergi, r\u00e9alis\u00e9e entre juin\u00a02018 et septembre\u00a02020, est sans appel\u00a0: sans action, le territoire de La\u00a0Crau pourrait faire face \u00e0 un d\u00e9ficit en eau critique d\u2019ici 2050. En cause\u00a0: le changement climatique, le d\u00e9veloppement urbain et le vieillissement des infrastructures.<\/p>\n<p>C\u00e9line Tramontin l\u2019affirme\u00a0: \u00ab\u00a0La r\u00e9silience de la Crau vis-\u00e0-vis du changement climatique passera n\u00e9cessairement par une r\u00e9duction de la pression de pr\u00e9l\u00e8vement exerc\u00e9e en Durance. Nous devrons faire mieux avec moins ou tout du moins avec moins en \u00e9t\u00e9.\u00a0\u00bb<\/p>\n","protected":false},"excerpt":{"rendered":"\u00ab En 1554 Adam de Craponne obtenait l\u2019autorisation de d\u00e9river les eaux de la Durance pour alimenter notre&hellip;\n","protected":false},"author":2,"featured_media":366796,"comment_status":"","ping_status":"","sticky":false,"template":"","format":"standard","meta":{"footnotes":""},"categories":[9619],"tags":[1111,11,1777,674,1011,27,2861,12,882,25,2310],"class_list":{"0":"post-366795","1":"post","2":"type-post","3":"status-publish","4":"format-standard","5":"has-post-thumbnail","7":"category-toulon","8":"tag-actu","9":"tag-actualites","10":"tag-eu","11":"tag-europe","12":"tag-fr","13":"tag-france","14":"tag-gestion","15":"tag-news","16":"tag-provence-alpes-cote-dazur","17":"tag-republique-francaise","18":"tag-toulon"},"share_on_mastodon":{"url":"https:\/\/pubeurope.com\/@fr\/115148532243935158","error":""},"_links":{"self":[{"href":"https:\/\/www.europesays.com\/fr\/wp-json\/wp\/v2\/posts\/366795","targetHints":{"allow":["GET"]}}],"collection":[{"href":"https:\/\/www.europesays.com\/fr\/wp-json\/wp\/v2\/posts"}],"about":[{"href":"https:\/\/www.europesays.com\/fr\/wp-json\/wp\/v2\/types\/post"}],"author":[{"embeddable":true,"href":"https:\/\/www.europesays.com\/fr\/wp-json\/wp\/v2\/users\/2"}],"replies":[{"embeddable":true,"href":"https:\/\/www.europesays.com\/fr\/wp-json\/wp\/v2\/comments?post=366795"}],"version-history":[{"count":0,"href":"https:\/\/www.europesays.com\/fr\/wp-json\/wp\/v2\/posts\/366795\/revisions"}],"wp:featuredmedia":[{"embeddable":true,"href":"https:\/\/www.europesays.com\/fr\/wp-json\/wp\/v2\/media\/366796"}],"wp:attachment":[{"href":"https:\/\/www.europesays.com\/fr\/wp-json\/wp\/v2\/media?parent=366795"}],"wp:term":[{"taxonomy":"category","embeddable":true,"href":"https:\/\/www.europesays.com\/fr\/wp-json\/wp\/v2\/categories?post=366795"},{"taxonomy":"post_tag","embeddable":true,"href":"https:\/\/www.europesays.com\/fr\/wp-json\/wp\/v2\/tags?post=366795"}],"curies":[{"name":"wp","href":"https:\/\/api.w.org\/{rel}","templated":true}]}}