{"id":366797,"date":"2025-09-04T23:05:39","date_gmt":"2025-09-04T23:05:39","guid":{"rendered":"https:\/\/www.europesays.com\/fr\/366797\/"},"modified":"2025-09-04T23:05:39","modified_gmt":"2025-09-04T23:05:39","slug":"le-stade-toulousain-recevra-toulon-au-stadium","status":"publish","type":"post","link":"https:\/\/www.europesays.com\/fr\/366797\/","title":{"rendered":"Le Stade Toulousain recevra Toulon au Stadium !"},"content":{"rendered":"<p>C\u2019est devenu une tradition bien ancr\u00e9e. Chaque ann\u00e9e, le Stade Toulousain d\u00e9localise plusieurs de ses rencontres dans la plus grande enceinte de la Ville rose : le Stadium, fief du T\u00e9f\u00e9c\u00e9 en football, avec ses 33 000 places.<\/p>\n<p>Et cette saison encore, les champions de France en titre y donneront rendez-vous \u00e0 leurs supporters pour des affiches de prestige.<\/p>\n<p>Les co\u00e9quipiers de Julien Marchand fouleront une premi\u00e8re fois la pelouse du Stadium \u00e0 l\u2019occasion de la 8\u1d49 journ\u00e9e de Top 14, face \u00e0 Toulon, le week-end du 25-26 octobre r\u00e9v\u00e8le Midi Olympique.<\/p>\n<p>Un classique du championnat, toujours attendu. M\u00eame si l\u2019an dernier, \u00e0 la m\u00eame \u00e9poque et dans la m\u00eame enceinte, il n\u2019y avait de choc que le nom. Les Toulousains s\u2019\u00e9taient impos\u00e9s 57 \u00e0 5 face \u00e0 un Toulon compl\u00e8tement remani\u00e9.<\/p>\n<p>Comme chaque ann\u00e9e, l\u2019autre rendez-vous immanquable sera le \u00ab Boxing Day \u00bb, o\u00f9 les Rouge et Noir recevront La Rochelle, le week-end du 27-28 d\u00e9cembre. Un choc qui s\u2019annonce explosif, avec des airs de finale avant l\u2019heure.<\/p>\n<p>Enfin, le club disputera au moins un autre match au Stadium au mois d\u2019avril. L\u2019adversaire reste \u00e0 d\u00e9terminer, mais le choix pourrait \u00eatre li\u00e9 au parcours europ\u00e9en des Toulousains. En cas de qualification, le huiti\u00e8me de finale de Champions Cup (3-5 avril) pourrait se jouer devant un public record.<\/p>\n<p>En attendant, les supporters savent d\u00e9j\u00e0 qu\u2019ils auront droit \u00e0 plusieurs soir\u00e9es d\u2019exception dans l\u2019antre toulousaine. Des rendez-vous qui promettent d\u2019allier ferveur populaire et rugby de tr\u00e8s haut niveau.<\/p>\n","protected":false},"excerpt":{"rendered":"C\u2019est devenu une tradition bien ancr\u00e9e. Chaque ann\u00e9e, le Stade Toulousain d\u00e9localise plusieurs de ses rencontres dans la&hellip;\n","protected":false},"author":2,"featured_media":366798,"comment_status":"","ping_status":"","sticky":false,"template":"","format":"standard","meta":{"footnotes":""},"categories":[9619],"tags":[1111,11,1777,674,1011,27,12,882,25,2310],"class_list":{"0":"post-366797","1":"post","2":"type-post","3":"status-publish","4":"format-standard","5":"has-post-thumbnail","7":"category-toulon","8":"tag-actu","9":"tag-actualites","10":"tag-eu","11":"tag-europe","12":"tag-fr","13":"tag-france","14":"tag-news","15":"tag-provence-alpes-cote-dazur","16":"tag-republique-francaise","17":"tag-toulon"},"share_on_mastodon":{"url":"https:\/\/pubeurope.com\/@fr\/115148536246826335","error":""},"_links":{"self":[{"href":"https:\/\/www.europesays.com\/fr\/wp-json\/wp\/v2\/posts\/366797","targetHints":{"allow":["GET"]}}],"collection":[{"href":"https:\/\/www.europesays.com\/fr\/wp-json\/wp\/v2\/posts"}],"about":[{"href":"https:\/\/www.europesays.com\/fr\/wp-json\/wp\/v2\/types\/post"}],"author":[{"embeddable":true,"href":"https:\/\/www.europesays.com\/fr\/wp-json\/wp\/v2\/users\/2"}],"replies":[{"embeddable":true,"href":"https:\/\/www.europesays.com\/fr\/wp-json\/wp\/v2\/comments?post=366797"}],"version-history":[{"count":0,"href":"https:\/\/www.europesays.com\/fr\/wp-json\/wp\/v2\/posts\/366797\/revisions"}],"wp:featuredmedia":[{"embeddable":true,"href":"https:\/\/www.europesays.com\/fr\/wp-json\/wp\/v2\/media\/366798"}],"wp:attachment":[{"href":"https:\/\/www.europesays.com\/fr\/wp-json\/wp\/v2\/media?parent=366797"}],"wp:term":[{"taxonomy":"category","embeddable":true,"href":"https:\/\/www.europesays.com\/fr\/wp-json\/wp\/v2\/categories?post=366797"},{"taxonomy":"post_tag","embeddable":true,"href":"https:\/\/www.europesays.com\/fr\/wp-json\/wp\/v2\/tags?post=366797"}],"curies":[{"name":"wp","href":"https:\/\/api.w.org\/{rel}","templated":true}]}}