{"id":366801,"date":"2025-09-04T23:07:10","date_gmt":"2025-09-04T23:07:10","guid":{"rendered":"https:\/\/www.europesays.com\/fr\/366801\/"},"modified":"2025-09-04T23:07:10","modified_gmt":"2025-09-04T23:07:10","slug":"septeo-associe-son-nom-au-stade-de-rugby-de-montpellier","status":"publish","type":"post","link":"https:\/\/www.europesays.com\/fr\/366801\/","title":{"rendered":"Septeo associe son nom au stade de rugby de Montpellier"},"content":{"rendered":"<p>L\u2019\u00e9diteur montpelli\u00e9rain a remport\u00e9 pendant l\u2019\u00e9t\u00e9 l\u2019appel d\u2019offre pour le \u00ab\u00a0naming\u00a0\u00bb du stade de rugby de la ville. Pour les trois prochaines ann\u00e9es, l\u2019enceinte du Montpellier H\u00e9rault Rugby (MHR) portera le nom de Septeo Stadium.<\/p>\n<p>\u00ab\u00a0C\u2019est une grande fiert\u00e9 de donner notre nom \u00e0 ce stade ici, \u00e0 Montpellier. Cette d\u00e9marche traduit parfaitement nos valeurs fondatrices : responsabilit\u00e9, esprit d\u2019\u00e9quipe, performance et plaisir, que nous partageons naturellement avec le rugby\u00a0\u00bb, a d\u00e9clar\u00e9 son PPG Hugues Galambrun.<\/p>\n<p>Fond\u00e9 en 2013, Septeo s\u2019est hiss\u00e9 l\u2019an dernier \u00e0 la 10\u00e8me\u00a0place du <a href=\"https:\/\/www.channelnews.fr\/top-250-le-secteur-des-editeurs-de-logiciels-francais-a-progresse-de-76-en-2023-140381\" rel=\"nofollow noopener\" target=\"_blank\">palmar\u00e8s Numeum<\/a> des \u00e9diteurs fran\u00e7ais avec un chiffre d\u2019affaires de 420 millions d\u2019euros. La valorisation du groupe a aussi grimp\u00e9 \u00e0 3 milliards d\u2019euros <a href=\"https:\/\/www.channelnews.fr\/septeo-valorise-3-milliards-par-la-famille-bettencourt-meyers-140711\" rel=\"nofollow noopener\" target=\"_blank\">avec l\u2019entr\u00e9e au capital de nouveaux investisseurs<\/a> dont T\u00e9thys Invest, la holding d\u2019investissement de la Famille Bettencourt-Meyers.<\/p>\n<p>Si sa notori\u00e9t\u00e9 commence \u00e0 \u00eatre bien \u00e9tablie dans l\u2019univers de la tech et le monde professionnel, elle l\u2019est moins aupr\u00e8s du grand public, d\u2019o\u00f9 l\u2019int\u00e9r\u00eat de ce partenariat sportif avec Montpellier M\u00e9diterran\u00e9e M\u00e9tropole.<\/p>\n<p>\u00ab\u00a0C\u2019est aussi un moyen pour nous, acteur de la tech europ\u00e9enne, de montrer que l\u2019innovation a sa place dans l\u2019espace public et de continuer \u00e0 inspirer au-del\u00e0 de nos logiciels\u00a0\u00bb, commente le PDG.<\/p>\n<p>Le co\u00fbt annuel du contrat serait de 480.000 euros selon nos confr\u00e8res de Midi Libre. Le Septeo Stadium sera inaugur\u00e9 festivement ce samedi 6 septembre \u00e0 l\u2019occasion du premier match de la saison de TOP 14 du MHR contre le RC Toulon.<\/p>\n","protected":false},"excerpt":{"rendered":"L\u2019\u00e9diteur montpelli\u00e9rain a remport\u00e9 pendant l\u2019\u00e9t\u00e9 l\u2019appel d\u2019offre pour le \u00ab\u00a0naming\u00a0\u00bb du stade de rugby de la ville.&hellip;\n","protected":false},"author":2,"featured_media":366802,"comment_status":"","ping_status":"","sticky":false,"template":"","format":"standard","meta":{"footnotes":""},"categories":[9599],"tags":[1111,11,1777,674,1011,27,2208,12,2680,25],"class_list":{"0":"post-366801","1":"post","2":"type-post","3":"status-publish","4":"format-standard","5":"has-post-thumbnail","7":"category-montpellier","8":"tag-actu","9":"tag-actualites","10":"tag-eu","11":"tag-europe","12":"tag-fr","13":"tag-france","14":"tag-montpellier","15":"tag-news","16":"tag-occitanie","17":"tag-republique-francaise"},"share_on_mastodon":{"url":"https:\/\/pubeurope.com\/@fr\/115148543944223219","error":""},"_links":{"self":[{"href":"https:\/\/www.europesays.com\/fr\/wp-json\/wp\/v2\/posts\/366801","targetHints":{"allow":["GET"]}}],"collection":[{"href":"https:\/\/www.europesays.com\/fr\/wp-json\/wp\/v2\/posts"}],"about":[{"href":"https:\/\/www.europesays.com\/fr\/wp-json\/wp\/v2\/types\/post"}],"author":[{"embeddable":true,"href":"https:\/\/www.europesays.com\/fr\/wp-json\/wp\/v2\/users\/2"}],"replies":[{"embeddable":true,"href":"https:\/\/www.europesays.com\/fr\/wp-json\/wp\/v2\/comments?post=366801"}],"version-history":[{"count":0,"href":"https:\/\/www.europesays.com\/fr\/wp-json\/wp\/v2\/posts\/366801\/revisions"}],"wp:featuredmedia":[{"embeddable":true,"href":"https:\/\/www.europesays.com\/fr\/wp-json\/wp\/v2\/media\/366802"}],"wp:attachment":[{"href":"https:\/\/www.europesays.com\/fr\/wp-json\/wp\/v2\/media?parent=366801"}],"wp:term":[{"taxonomy":"category","embeddable":true,"href":"https:\/\/www.europesays.com\/fr\/wp-json\/wp\/v2\/categories?post=366801"},{"taxonomy":"post_tag","embeddable":true,"href":"https:\/\/www.europesays.com\/fr\/wp-json\/wp\/v2\/tags?post=366801"}],"curies":[{"name":"wp","href":"https:\/\/api.w.org\/{rel}","templated":true}]}}