{"id":366803,"date":"2025-09-04T23:10:19","date_gmt":"2025-09-04T23:10:19","guid":{"rendered":"https:\/\/www.europesays.com\/fr\/366803\/"},"modified":"2025-09-04T23:10:19","modified_gmt":"2025-09-04T23:10:19","slug":"choisir-une-activite-pour-la-rentree","status":"publish","type":"post","link":"https:\/\/www.europesays.com\/fr\/366803\/","title":{"rendered":"Choisir une activit\u00e9 pour la rentr\u00e9e"},"content":{"rendered":"<p>   <img decoding=\"async\" src=\"https:\/\/www.europesays.com\/fr\/wp-content\/uploads\/2025\/09\/1757027419_900_1200x680\" alt=\"illustration agrandir l'image\" style=\"--_image-preview:url('data:image\/jpeg;base64,\/9j\/2wBDACgcHiMeGSgjISMtKygwPGRBPDc3PHtYXUlkkYCZlo+AjIqgtObDoKrarYqMyP\/L2u71\/\/\/\/m8H\/\/\/\/6\/+b9\/\/j\/2wBDASstLTw1PHZBQXb4pYyl+Pj4+Pj4+Pj4+Pj4+Pj4+Pj4+Pj4+Pj4+Pj4+Pj4+Pj4+Pj4+Pj4+Pj4+Pj4+Pj4+Pj\/wAARCAAqACoDASIAAhEBAxEB\/8QAGAAAAwEBAAAAAAAAAAAAAAAAAAEDAgT\/xAAYEAEBAQEBAAAAAAAAAAAAAAAAERIBAv\/EABYBAQEBAAAAAAAAAAAAAAAAAAACAf\/EABURAQEAAAAAAAAAAAAAAAAAAAAR\/9oADAMBAAIRAxEAPwDtoqWj01itOpaPQKUVPQ0Dm0ekqdTVRXno9Jc6dKRXQ0lT0VsSACVGKQBqismD\/9k=');\" loading=\"eager\" fetchpriority=\"high\" aria-hidden=\"true\" class=\"svelte-1pnmlwx rounded\" onload=\"this.__e=event\" onerror=\"this.__e=event\"\/> La Photo, activit\u00e9 loisir &#8211; Isabelle Le Brun    <\/p>\n<p class=\"g-ici-body-regular-3 info svelte-1a514ib\">Diffus\u00e9 le mercredi 3 septembre 2025 \u00e0 9:09 <\/p>\n<p class=\"g-ici-body-regular-3 info svelte-1a514ib\">Publi\u00e9 le mercredi 3 septembre 2025 \u00e0 9:09 <\/p>\n<p class=\"g-ici-body-bold-1 standFirst svelte-g22axr\">C&rsquo;est la rentr\u00e9e et c&rsquo;est le d\u00e9but des forums des associations.<br \/>\n\u00e0 Pont-Audemer, Bonsecours, Rouen etct<br \/>\nChacun cherche son activit\u00e9 pour cette rentr\u00e9e<br \/>\nPhoto, Th\u00e9atre, sport etc<\/p>\n<p><a target=\"_blank\" rel=\"nofollow noopener noreferrer\" class=\"IciLink ici-link IciArticleLink g-ici-body-regular-1 underline brand svelte-lu7k6w\" href=\"https:\/\/www.cheminsdacteur.fr\/\">La Com\u00e9die errante \u00ab\u00a0chemin d&rsquo;acteur\u00a0\u00bb<\/a>\u00a0avec Bob Villette qui fait du th\u00e9atre\u00a0 depuis plus de 40 ans, il donne des cours \u00e0 Oissel, Ymare Cl\u00e9on Maromme Montigny<\/p>\n<p>Marion Mouill\u00e8re et l&rsquo;association\u00a0<a target=\"_blank\" rel=\"nofollow noopener noreferrer\" class=\"IciLink ici-link IciArticleLink g-ici-body-regular-1 underline brand svelte-lu7k6w\" href=\"https:\/\/adress-normandie.org\/reseau\/a-deux-mains\/\">\u00ab\u00a0A deux mains\u00a0\u00bb<\/a>\u00a0donne des cours de langue des signes \u00e0 Rouen et Lillebonne<\/p>\n<ul class=\"SocialNetworks svelte-bt5901\">\n<li class=\"svelte-bt5901\"><\/li>\n<li class=\"svelte-bt5901\"><\/li>\n<li class=\"svelte-bt5901\"><\/li>\n<li class=\"svelte-bt5901\"><\/li>\n<li class=\"svelte-bt5901\"><\/li>\n<\/ul>\n<p class=\"g-ici-body-regular-3 description svelte-1vha4t1\">Tous les vendredis, recevez le meilleur de la semaine d\u2019ici Normandie (Seine-Maritime &#8211; Eure)\u00a0: certifi\u00e9 100% local\u00a0!<\/p>\n<p>En cliquant sur \u00ab\u00a0S\u2019abonner\u00a0\u00bb, j&rsquo;accepte que les donn\u00e9es recueillies par<br \/>\n        Radio France soient destin\u00e9es \u00e0 l&rsquo;envoi par courrier \u00e9lectronique de<br \/>\n        contenus et d&rsquo;informations relatifs aux programmes. Plus d&rsquo;informations.<\/p>\n<p>Les \u00e9pisodes de l\u2019\u00e9mission\u00a0: Bienvenue chez vous, ici Normandie<\/p>\n<p class=\"IciLink ici-link disabled title no-color g-ici-title-5 svelte-lu7k6w\">Bienvenue chez vous, ici Normandie<\/p>\n<p>Sur le m\u00eame th\u00e8me<\/p>\n<ul slot=\"container\" class=\"content svelte-bu824\">\n<li class=\"IciCard  standard svelte-19qbux1\">\n<p class=\"standfirst g-ici-body-regular-2 svelte-19qbux1\">La rentr\u00e9e scolaire, le retour au travail apr\u00e8s les vacances d&rsquo;\u00e9t\u00e9 g\u00e9n\u00e8re chez certains un stress ou de l&rsquo;angoisse<br \/>\nPr\u00e8s d&rsquo;1 salari\u00e9 sur 2 se sent stress\u00e9 \u00e0 l&rsquo;id\u00e9e de reprendre le chemin du bureau avec les cong\u00e9s d&rsquo;\u00e9t\u00e9<br \/>\nChangement de Rythme, mails en retard, il faut se reconnecter.<\/p>\n<\/li>\n<li class=\"IciCard  standard svelte-19qbux1\">\n<p class=\"standfirst g-ici-body-regular-2 svelte-19qbux1\">Que pensent les commer\u00e7ants du centre-ville de Rouen, de la pi\u00e9tonnisation de certaines rues d&rsquo;ici la fin de l&rsquo;ann\u00e9e ?<br \/>\nLe pr\u00e9sident du premier r\u00e9seau de commer\u00e7ants, Rouen Shopping, est l&rsquo;invit\u00e9 de France Bleu Normandie, ce mardi.\n<\/p>\n<\/li>\n<li class=\"IciCard  standard svelte-19qbux1\">\n<p class=\"standfirst g-ici-body-regular-2 svelte-19qbux1\">Corinne Serfati Chetrit, l&rsquo;avocate de la pr\u00e9sidente de la communaut\u00e9 juive de Rouen et de l&rsquo;Observatoire juif de France, \u00e9tait l&rsquo;invit\u00e9e d&rsquo;ici Normandie ce mercredi 8 janvier, suite \u00e0 la d\u00e9couverte de tags antis\u00e9mites sur les murs de la synagogue de Rouen et la r\u00e9sidence du rabbin.<\/p>\n<\/li>\n<\/ul>\n","protected":false},"excerpt":{"rendered":"La Photo, activit\u00e9 loisir &#8211; Isabelle Le Brun Diffus\u00e9 le mercredi 3 septembre 2025 \u00e0 9:09 Publi\u00e9 le&hellip;\n","protected":false},"author":2,"featured_media":366804,"comment_status":"","ping_status":"","sticky":false,"template":"","format":"standard","meta":{"footnotes":""},"categories":[9587],"tags":[1111,11,1777,674,1011,27,12,5161,25,9590],"class_list":{"0":"post-366803","1":"post","2":"type-post","3":"status-publish","4":"format-standard","5":"has-post-thumbnail","7":"category-rouen","8":"tag-actu","9":"tag-actualites","10":"tag-eu","11":"tag-europe","12":"tag-fr","13":"tag-france","14":"tag-news","15":"tag-normandie","16":"tag-republique-francaise","17":"tag-rouen"},"share_on_mastodon":{"url":"https:\/\/pubeurope.com\/@fr\/115148556172152000","error":""},"_links":{"self":[{"href":"https:\/\/www.europesays.com\/fr\/wp-json\/wp\/v2\/posts\/366803","targetHints":{"allow":["GET"]}}],"collection":[{"href":"https:\/\/www.europesays.com\/fr\/wp-json\/wp\/v2\/posts"}],"about":[{"href":"https:\/\/www.europesays.com\/fr\/wp-json\/wp\/v2\/types\/post"}],"author":[{"embeddable":true,"href":"https:\/\/www.europesays.com\/fr\/wp-json\/wp\/v2\/users\/2"}],"replies":[{"embeddable":true,"href":"https:\/\/www.europesays.com\/fr\/wp-json\/wp\/v2\/comments?post=366803"}],"version-history":[{"count":0,"href":"https:\/\/www.europesays.com\/fr\/wp-json\/wp\/v2\/posts\/366803\/revisions"}],"wp:featuredmedia":[{"embeddable":true,"href":"https:\/\/www.europesays.com\/fr\/wp-json\/wp\/v2\/media\/366804"}],"wp:attachment":[{"href":"https:\/\/www.europesays.com\/fr\/wp-json\/wp\/v2\/media?parent=366803"}],"wp:term":[{"taxonomy":"category","embeddable":true,"href":"https:\/\/www.europesays.com\/fr\/wp-json\/wp\/v2\/categories?post=366803"},{"taxonomy":"post_tag","embeddable":true,"href":"https:\/\/www.europesays.com\/fr\/wp-json\/wp\/v2\/tags?post=366803"}],"curies":[{"name":"wp","href":"https:\/\/api.w.org\/{rel}","templated":true}]}}