{"id":366805,"date":"2025-09-04T23:11:17","date_gmt":"2025-09-04T23:11:17","guid":{"rendered":"https:\/\/www.europesays.com\/fr\/366805\/"},"modified":"2025-09-04T23:11:17","modified_gmt":"2025-09-04T23:11:17","slug":"romain-gentil-designe-chef-de-file-de-grenoble-capitale-citoyenne","status":"publish","type":"post","link":"https:\/\/www.europesays.com\/fr\/366805\/","title":{"rendered":"Romain Gentil d\u00e9sign\u00e9 chef de file de Grenoble capitale citoyenne"},"content":{"rendered":"<p>Le r\u00e9sul\u00adtat \u00e9tait couru d\u2019a\u00advance\u00a0: le samedi 30 ao\u00fbt 2025, Romain Gentil a \u00e9t\u00e9 offi\u00adciel\u00adle\u00adment d\u00e9si\u00adgn\u00e9 chef de file du col\u00adlec\u00adtif <a href=\"https:\/\/www.placegrenet.fr\/2025\/03\/28\/municipales-2026-naissance-du-collectif-grenoble-capitale-citoyenne-pour-une-alternative-politique-de-gauche\/649471\" target=\"_blank\" rel=\"noopener nofollow\">Grenoble capi\u00adtale citoyenne<\/a> (G2C), com\u00adpos\u00e9 (pour l\u2019heure) de trois for\u00adma\u00adtions\u00a0: <a href=\"https:\/\/campdebasecitoyen.fr\/\" target=\"_blank\" rel=\"noopener nofollow\">Camp de base citoyen<\/a>, <a href=\"https:\/\/faces-grenoble.fr\/\" target=\"_blank\" rel=\"noopener nofollow\">Faces<\/a> et <a href=\"https:\/\/parti-equinoxe.fr\/\" target=\"_blank\" rel=\"noopener nofollow\">\u00c9quinoxe<\/a>.<\/p>\n<p>Pourquoi couru d\u2019a\u00advance\u00a0? Parce que l\u2019autre can\u00addi\u00addat, Pascal Clouaire, s\u2019\u00e9\u00adtait <a href=\"https:\/\/www.placegrenet.fr\/2025\/08\/28\/municipales-2026-le-collectif-grenoble-capitale-citoyenne-se-divise-avant-meme-de-designer-son-chef-de-file\/658391\" target=\"_blank\" rel=\"noopener nofollow\">retir\u00e9 du scru\u00adtin<\/a>, apr\u00e8s avoir repro\u00adch\u00e9 \u00e0 Romain Gentil, par ailleurs chef de file de Place publique sur Grenoble, son manque de clart\u00e9 quant \u00e0 une pos\u00adsible alliance avec LFI dans le cadre des municipales.<\/p>\n<p><a href=\"https:\/\/www.europesays.com\/fr\/wp-content\/uploads\/2025\/09\/CollectifGrenobleCapitaleCioyenneCreditJoelKermabon-1.jpg\" target=\"_blank\" rel=\"noopener\"><img fetchpriority=\"high\" decoding=\"async\" aria-describedby=\"caption-attachment-649473\" class=\"wp-image-649473 size-full\" src=\"data:image\/svg+xml,%3Csvg%20xmlns=\" http:=\"\" alt=\"Des membres du collectif Grenoble Capitale citoyenne, avant la division. \u00a9 Jo\u00ebl Kermabon - Place Gre'net\" width=\"1342\" height=\"691\" data-lazy- data-lazy- data-lazy-src=\"https:\/\/www.europesays.com\/fr\/wp-content\/uploads\/2025\/09\/CollectifGrenobleCapitaleCioyenneCreditJoelKermabon-1.jpg\"\/><\/a><\/p>\n<p id=\"caption-attachment-649473\" class=\"wp-caption-text\">Des membres du col\u00adlec\u00adtif Grenoble Capitale citoyenne, avant la divi\u00adsion. \u00a9 Jo\u00ebl Kermabon \u2013 Place Gre\u2019net<\/p>\n<p>L\u2019\u00e9lection de Romain Gentil peut-elle \u00eatre jug\u00e9e ill\u00e9\u00adgi\u00adtime\u00a0? Pas du tout, r\u00e9pond le prin\u00adci\u00adpal int\u00e9\u00adress\u00e9. Le recours au vote au juge\u00adment majo\u00adri\u00adtaire, qui inclut la pos\u00adsi\u00adbi\u00adlit\u00e9 d\u2019in\u00addi\u00adquer une men\u00adtion, valide \u00e0 ses yeux le pro\u00adces\u00adsus. Ainsi, sur 112 votes expri\u00adm\u00e9s (pour un corps \u00e9lec\u00adto\u00adral de 166 per\u00adsonnes), Romain Gentil obtient 82 men\u00adtions \u00ab\u00a0excellent\u00a0\u00bb, 22 men\u00adtions \u00ab\u00a0tr\u00e8s bien\u00a0\u00bb, 2 men\u00adtions \u00ab\u00a0bien\u00a0\u00bb, 3 men\u00adtions \u00ab\u00a0pas\u00adsable\u00a0\u00bb et 3 men\u00adtions \u00ab\u00a0\u00e0 reje\u00adter\u00a0\u00bb. \u00ab\u00a0Je suis tr\u00e8s fier et heu\u00adreux de ce r\u00e9sul\u00adtat\u00a0\u00bb, com\u00admente le candidat.<\/p>\n<p>\u00c0 pr\u00e9\u00adsent que Romain Gentil est offi\u00adciel\u00adle\u00adment chef de file de G2C, il ne manque pas de r\u00e9pondre aux cri\u00adtiques de Pascal Clouaire. Non sans regret\u00adter, indique-t-il, \u00ab\u00a0les d\u00e9cla\u00adra\u00adtions de Pascal qui ne refl\u00e8tent pas la fa\u00e7on dont ont \u00e9t\u00e9 men\u00e9es les dis\u00adcus\u00adsions en interne\u00a0\u00bb.\u00a0\u00ab\u00a0Ces affaires auraient d\u00fb res\u00adter entre nous. On d\u00e9plore que le linge sale ait \u00e9t\u00e9 lav\u00e9 sur la place publique\u00a0\u00bb, ajoute-t-il. Tout en affir\u00admant qu\u2019il serait \u00ab\u00a0heu\u00adreux\u00a0\u00bb de pou\u00advoir conti\u00adnuer \u00e0 tra\u00advailler avec Camp de base citoyen, le parti de Pascal Clouaire.<\/p>\n","protected":false},"excerpt":{"rendered":"Le r\u00e9sul\u00adtat \u00e9tait couru d\u2019a\u00advance\u00a0: le samedi 30 ao\u00fbt 2025, Romain Gentil a \u00e9t\u00e9 offi\u00adciel\u00adle\u00adment d\u00e9si\u00adgn\u00e9 chef de&hellip;\n","protected":false},"author":2,"featured_media":366806,"comment_status":"","ping_status":"","sticky":false,"template":"","format":"standard","meta":{"footnotes":""},"categories":[9566],"tags":[1111,11,2430,1777,674,1011,27,2731,12,25],"class_list":{"0":"post-366805","1":"post","2":"type-post","3":"status-publish","4":"format-standard","5":"has-post-thumbnail","7":"category-grenoble","8":"tag-actu","9":"tag-actualites","10":"tag-auvergne-rhone-alpes","11":"tag-eu","12":"tag-europe","13":"tag-fr","14":"tag-france","15":"tag-grenoble","16":"tag-news","17":"tag-republique-francaise"},"share_on_mastodon":{"url":"https:\/\/pubeurope.com\/@fr\/115148559859279016","error":""},"_links":{"self":[{"href":"https:\/\/www.europesays.com\/fr\/wp-json\/wp\/v2\/posts\/366805","targetHints":{"allow":["GET"]}}],"collection":[{"href":"https:\/\/www.europesays.com\/fr\/wp-json\/wp\/v2\/posts"}],"about":[{"href":"https:\/\/www.europesays.com\/fr\/wp-json\/wp\/v2\/types\/post"}],"author":[{"embeddable":true,"href":"https:\/\/www.europesays.com\/fr\/wp-json\/wp\/v2\/users\/2"}],"replies":[{"embeddable":true,"href":"https:\/\/www.europesays.com\/fr\/wp-json\/wp\/v2\/comments?post=366805"}],"version-history":[{"count":0,"href":"https:\/\/www.europesays.com\/fr\/wp-json\/wp\/v2\/posts\/366805\/revisions"}],"wp:featuredmedia":[{"embeddable":true,"href":"https:\/\/www.europesays.com\/fr\/wp-json\/wp\/v2\/media\/366806"}],"wp:attachment":[{"href":"https:\/\/www.europesays.com\/fr\/wp-json\/wp\/v2\/media?parent=366805"}],"wp:term":[{"taxonomy":"category","embeddable":true,"href":"https:\/\/www.europesays.com\/fr\/wp-json\/wp\/v2\/categories?post=366805"},{"taxonomy":"post_tag","embeddable":true,"href":"https:\/\/www.europesays.com\/fr\/wp-json\/wp\/v2\/tags?post=366805"}],"curies":[{"name":"wp","href":"https:\/\/api.w.org\/{rel}","templated":true}]}}