{"id":366811,"date":"2025-09-04T23:14:23","date_gmt":"2025-09-04T23:14:23","guid":{"rendered":"https:\/\/www.europesays.com\/fr\/366811\/"},"modified":"2025-09-04T23:14:23","modified_gmt":"2025-09-04T23:14:23","slug":"space-2025-a-quoi-sattendre-au-salon-international-de-lelevage-qui-ouvre-a-rennes-le-16-septembre","status":"publish","type":"post","link":"https:\/\/www.europesays.com\/fr\/366811\/","title":{"rendered":"Space 2025 : \u00e0 quoi s\u2019attendre au salon international de l\u2019\u00e9levage qui ouvre \u00e0 Rennes le 16 septembre"},"content":{"rendered":"<p>\u00ab\u00a0C\u2019est une \u00e9dition sous le signe des <strong>records<\/strong> mais aussi des c\u00e9l\u00e9brations\u00a0\u00bb, se f\u00e9licitent les organisateurs du <a href=\"https:\/\/www.reussir.fr\/space-2025-lia-sera-au-centre-du-salon-de-lelevage-de-louest?utm_source=article&amp;utm_medium=body&amp;utm_campaign=71946649-a4f3-4ace-b6eb-0f18ac175c11\" rel=\"nofollow noopener\" target=\"_blank\"><strong>Space<\/strong><\/a> en conf\u00e9rence de presse le 3 septembre \u00e0 Paris. \u00c0 13 jours de l\u2019ouverture du <strong>salon de l\u2019\u00e9levage<\/strong> \u00e0 Rennes (Space 2025), <strong>1225 exposants<\/strong> y sont attendus dont 301 nouveaux. \u00ab\u00a0On est sur une <strong>participation\u00a0record<\/strong> d\u2019apr\u00e8s Covid\u00a0\u00bb, affirme <strong>Anne Marie Qu\u00e9m\u00e9ner<\/strong>, commissaire g\u00e9n\u00e9ral du Space. Le salon souhaite aussi renforcer son \u00ab\u00a0esprit de <strong>convivialit\u00e9<\/strong>\u00a0\u00bb, comme l\u2019affirme son <strong>nouveau pr\u00e9sident Didier Lucas<\/strong>, aussi pr\u00e9sident de la Chambre d\u2019agriculture des C\u00f4tes d\u2019Armor\u00a0: \u00ab<strong>\u00a0<\/strong>Je veux que chaque agriculteur qui vient au Space s\u2019y trouve bien [\u2026] et que les <strong>exposants<\/strong> fassent de belles rencontres et puissent aussi, \u00e9changer, communiquer et [leur] apporter des r\u00e9ponses\u00a0\u00bb.\u00a0<\/p>\n<p class=\"lireaussi\">Lire aussi\u00a0: <a href=\"https:\/\/www.reussir.fr\/qui-est-didier-lucas-le-nouveau-president-du-space?utm_source=article&amp;utm_medium=body&amp;utm_campaign=71946649-a4f3-4ace-b6eb-0f18ac175c11\" rel=\"nofollow noopener\" target=\"_blank\">Qui est Didier Lucas, le nouveau pr\u00e9sident du Space ?<\/a><\/p>\n<p>43 laur\u00e9ats Innov\u2019Space annonc\u00e9s pour l\u2019ann\u00e9e des 30 ans du label<\/p>\n<p>Cette ann\u00e9e, le Space c\u00e9l\u00e8bre les 30 ans du <strong>label Innov\u2019Space<\/strong>. 43 laur\u00e9ats sont annonc\u00e9s cette ann\u00e9e, \u00ab avec un record dans le secteur du <strong>machinisme<\/strong>\u00a0\u00bb qui remporte 11 innovations, pr\u00e9cise Anne Marie Qu\u00e9m\u00e9ner.\u00a0<\/p>\n<p class=\"lireaussi\">Lire aussi\u00a0: <a href=\"https:\/\/www.reussir.fr\/porc\/space-2025-douze-nouveautes-porc-primees-innovspace?utm_source=article&amp;utm_medium=body&amp;utm_campaign=71946649-a4f3-4ace-b6eb-0f18ac175c11\" rel=\"nofollow noopener\" target=\"_blank\">Space 2025\u00a0: douze nouveaut\u00e9s porc prim\u00e9es Innov\u2019space<\/a><\/p>\n<p>Combien de conf\u00e9rences pr\u00e9vues au Space\u00a0?<\/p>\n<p>Au niveau des <strong>conf\u00e9rences<\/strong>, \u00ab\u00a0le programme n\u2019a jamais \u00e9t\u00e9 aussi dense\u00a0\u00bb, soutient Anne Marie Qu\u00e9m\u00e9ner. Pr\u00e8s de <strong>110 conf\u00e9rences<\/strong> sont pr\u00e9vues, sur des sujets divers et notamment sur le th\u00e8me de l\u2019ann\u00e9e\u00a0: <strong>l\u2019intelligence artificielle<\/strong>, IA aussi pour l\u2019intelligence agricole. \u00ab\u00a0Personne ne conna\u00eet aujourd&rsquo;hui\u00a0l&rsquo;importance de l&rsquo;intelligence artificielle pour nos \u00e9levages de demain\u00a0\u00bb, explique Didier Lucas. \u00ab\u00a0Je pense que ce sont les \u00e9changes entre nous\u00a0qui permettront demain d&rsquo;avoir une <strong>IA\u00a0au service des agriculteurs<\/strong> et aux services des entreprises\u00a0\u00bb, affirme-t-il. Un <strong>hackathon<\/strong> sera aussi organis\u00e9, en lien avec ce th\u00e8me de l\u2019ann\u00e9e sur l\u2019IA.\u00a0<\/p>\n<p class=\"lireaussi\">Lire aussi\u00a0: <a href=\"https:\/\/www.reussir.fr\/space-2025-lia-sera-au-centre-du-salon-de-lelevage-de-louest?utm_source=article&amp;utm_medium=body&amp;utm_campaign=71946649-a4f3-4ace-b6eb-0f18ac175c11\" rel=\"nofollow noopener\" target=\"_blank\">Space\u00a02025\u00a0: l\u2019IA sera au centre du salon de l\u2019\u00e9levage de l\u2019Ouest<\/a><\/p>\n<p>Quelles mesures sanitaires pour les animaux au Space\u00a0?\u00a0<\/p>\n<p>Sur les <strong>concours d\u2019animaux<\/strong>, \u00ab\u00a0on sait d\u00e9j\u00e0 qu\u2019on ne fera <strong>pas le plein<\/strong>\u00a0\u00bb, regrette <strong>Jean-Yves Rissel,\u00a0<\/strong>responsable des pr\u00e9sentations animales du Space. Cette ann\u00e9e encore, l\u2019\u00e9dition est marqu\u00e9e par la <strong>fi\u00e8vre catharrale ovine<\/strong> (FCO) en forte progression dans l\u2019Ouest. Mais la <strong>dermatose nodulaire contagieuse bovine<\/strong> (DNC) a conduit \u00e0 <strong>l\u2019annulation<\/strong> de l\u2019\u00e9v\u00e8nement <strong>Miss Montb\u00e9liarde<\/strong>, remplac\u00e9 par un concours interr\u00e9gional. \u00ab\u00a0On avait beaucoup d&rsquo;animaux qui venaient des <strong>Vosges<\/strong>, du <strong>Jura<\/strong>. Donc, il y a un mois et demi, on a pris cette d\u00e9cision que je pense sage,\u00a0parce qu&rsquo;\u00e0 l&rsquo;\u00e9poque on ne ma\u00eetrisait rien de l&rsquo;\u00e9volution de <strong>dermatose<\/strong>\u00a0\u00bb, justifie Jean-Yves Rissel.\u00a0<\/p>\n<p>L\u2019\u00e9v\u00e8nement Miss Montb\u00e9liarde annul\u00e9 \u00e0 cause de la DNC<\/p>\n<p>Concernant les animaux pr\u00e9sents, un <strong>protocole sanitaire<\/strong> a \u00e9t\u00e9 mis en place comme pour l\u2019\u00e9dition 2024. Une premi\u00e8re <strong>d\u00e9sinsectisation<\/strong> a \u00e9t\u00e9 faite par les \u00e9leveurs le 22 ao\u00fbt, et une seconde le 1er septembre par un v\u00e9t\u00e9rinaire qui a aussi proc\u00e9d\u00e9 \u00e0 un <strong>test PCR<\/strong>. \u00ab\u00a0En fonction des r\u00e9sultats des PCR et du nombre d&rsquo;animaux, collectivement, on d\u00e9cidera ce qu&rsquo;on peut organiser au Space\u00a0\u00bb, explique Jean-Yves Rissel.<\/p>\n<p>Pour les <strong>pr\u00e9sentations animales<\/strong>, \u00ab\u00a0on n&rsquo;a rien chang\u00e9 pour le moment \u00bb soutient le responsable, \u00ab\u00a0mais on sait qu&rsquo;on aura sans doute un peu <strong>moins d&rsquo;animaux<\/strong>\u00a0\u00bb. La <strong>vente aux ench\u00e8res\u00a0<\/strong>du mardi soir est quant \u00e0 elle bien <strong>maintenue<\/strong>, avec des ventes en directe et en visio.<\/p>\n<p>Des pi\u00e8ges \u00e0 insectes install\u00e9s au-dessus des animaux<\/p>\n<p>Sur place, des <strong>pi\u00e8ges \u00e0 insectes<\/strong> seront install\u00e9s au-dessus des animaux, ainsi que des <strong>ventilateurs<\/strong>. Les camions seront nettoy\u00e9s et d\u00e9sinsectis\u00e9s individuellement. Et huit jours avant l\u2019ouverture, des <strong>comptages d\u2019insectes<\/strong> seront faits pour v\u00e9rifier s\u2019ils sont porteurs ou non de virus. \u00ab\u00a0On a confiance dans notre <strong>r\u00e8glement sanitaire<\/strong>\u00a0\u00bb, affirme Jean-Yves Rissel.<\/p>\n<p class=\"lireaussi\">Lire aussi :\u00a0<a href=\"https:\/\/www.reussir.fr\/lait\/space-2025-les-montbeliardes-et-les-salers-lhonneur?utm_source=article&amp;utm_medium=body&amp;utm_campaign=71946649-a4f3-4ace-b6eb-0f18ac175c11\" rel=\"nofollow noopener\" target=\"_blank\">Space 2025 : les vaches Montb\u00e9liardes et les Salers \u00e0 l\u2019honneur en septembre \u00e0 Rennes<\/a><\/p>\n<p>La ministre de l\u2019Agriculture annonc\u00e9e pour l\u2019inauguration<\/p>\n<p>Cette ann\u00e9e, la <strong>ministre de l\u2019Agriculture<\/strong> et de la souverainet\u00e9 alimentaire Annie Genevard est annonc\u00e9e le premier jour, \u00ab\u00a0malgr\u00e9 l\u2019incertitude\u00a0\u00bb du r\u00e9sultat du vote de confiance pr\u00e9vu le 8 septembre.\u00a0\u00a0Le Space accueillera de nombreuses <strong>d\u00e9l\u00e9gations internationales<\/strong>, ainsi que des repr\u00e9sentants europ\u00e9ens et nationaux. Cette <strong>dimension internationale<\/strong> du salon se retrouve aussi au niveau des <strong>exposants<\/strong>, avec plus de 371 entreprises \u00e9trang\u00e8res de 40 pays diff\u00e9rents.\u00a0<\/p>\n<p>La Chine en forte progression au Space<\/p>\n<p>La <strong>Chine<\/strong> est le cinqui\u00e8me pays le plus repr\u00e9sent\u00e9, en forte progression par rapport aux \u00e9ditions pr\u00e9c\u00e9dentes. \u00ab\u00a0La Chine continue sa progression dans tous les secteurs de l&rsquo;activit\u00e9, [\u2026] on les voit maintenant arriver sur des secteurs vraiment tr\u00e8s diversifi\u00e9s, comme ceux de la <strong>nutrition<\/strong>, des <strong>\u00e9quipements<\/strong>, des tracteurs\u00a0\u00bb pr\u00e9cise la commissaire g\u00e9n\u00e9ral du Space Anne Marie Qu\u00e9m\u00e9ner.\u00a0<\/p>\n<p>L\u2019espace jeunes renouvel\u00e9, et un engagement pour les femmes en agriculture<\/p>\n<p>Pr\u00e9sent depuis 3 ans, <strong>l\u2019espace jeunes<\/strong> sera de nouveau mis en place au Space. Des rencontres y prendront place entre jeunes de <strong>formations agricoles<\/strong> avec des coll\u00e9giens et lyc\u00e9ens d\u2019\u00e9tudes g\u00e9n\u00e9ralistes. L\u2019objectif est de \u00ab\u00a0leur donner la parole sur leurs visions et leurs ambitions par rapport \u00e0 leurs <strong>futures professions<\/strong>\u00a0\u00bb, affirme Anne Marie Qu\u00e9m\u00e9ner.\u00a0<\/p>\n<p>Jeunes agriculteurs et agricultrices \u00e0 l\u2019honneur<\/p>\n<p>Le Space souhaite aussi s\u2019engager pour la <strong>place des femmes<\/strong> en agriculture, et a mis en place pour cela des <strong>portraits d\u2019agricultrices<\/strong> dans chaque hall du salon. Avec Octobre Rose, des bonnets seront vendus sur place pour soutenir la <strong>Ligue contre le cancer<\/strong>. Et cinq plateaux sur la place des femmes en agriculture auront lieu \u00e0 la <strong>Space TV<\/strong>.\u00a0<\/p>\n<p class=\"lireaussi\">Lire aussi\u00a0: <a href=\"https:\/\/www.reussir.fr\/space-2024-plus-de-100-000-visiteurs-accueillis-une-affluence-record?utm_source=article&amp;utm_medium=body&amp;utm_campaign=71946649-a4f3-4ace-b6eb-0f18ac175c11\" rel=\"nofollow noopener\" target=\"_blank\">Space 2024 : plus de 100 000 visiteurs accueillis, une affluence record<\/a><\/p>\n","protected":false},"excerpt":{"rendered":"\u00ab\u00a0C\u2019est une \u00e9dition sous le signe des records mais aussi des c\u00e9l\u00e9brations\u00a0\u00bb, se f\u00e9licitent les organisateurs du Space&hellip;\n","protected":false},"author":2,"featured_media":366812,"comment_status":"","ping_status":"","sticky":false,"template":"","format":"standard","meta":{"footnotes":""},"categories":[2821],"tags":[1111,11,829,1777,674,1011,27,12,584,25],"class_list":{"0":"post-366811","1":"post","2":"type-post","3":"status-publish","4":"format-standard","5":"has-post-thumbnail","7":"category-rennes","8":"tag-actu","9":"tag-actualites","10":"tag-bretagne","11":"tag-eu","12":"tag-europe","13":"tag-fr","14":"tag-france","15":"tag-news","16":"tag-rennes","17":"tag-republique-francaise"},"share_on_mastodon":{"url":"https:\/\/pubeurope.com\/@fr\/115148571514744376","error":""},"_links":{"self":[{"href":"https:\/\/www.europesays.com\/fr\/wp-json\/wp\/v2\/posts\/366811","targetHints":{"allow":["GET"]}}],"collection":[{"href":"https:\/\/www.europesays.com\/fr\/wp-json\/wp\/v2\/posts"}],"about":[{"href":"https:\/\/www.europesays.com\/fr\/wp-json\/wp\/v2\/types\/post"}],"author":[{"embeddable":true,"href":"https:\/\/www.europesays.com\/fr\/wp-json\/wp\/v2\/users\/2"}],"replies":[{"embeddable":true,"href":"https:\/\/www.europesays.com\/fr\/wp-json\/wp\/v2\/comments?post=366811"}],"version-history":[{"count":0,"href":"https:\/\/www.europesays.com\/fr\/wp-json\/wp\/v2\/posts\/366811\/revisions"}],"wp:featuredmedia":[{"embeddable":true,"href":"https:\/\/www.europesays.com\/fr\/wp-json\/wp\/v2\/media\/366812"}],"wp:attachment":[{"href":"https:\/\/www.europesays.com\/fr\/wp-json\/wp\/v2\/media?parent=366811"}],"wp:term":[{"taxonomy":"category","embeddable":true,"href":"https:\/\/www.europesays.com\/fr\/wp-json\/wp\/v2\/categories?post=366811"},{"taxonomy":"post_tag","embeddable":true,"href":"https:\/\/www.europesays.com\/fr\/wp-json\/wp\/v2\/tags?post=366811"}],"curies":[{"name":"wp","href":"https:\/\/api.w.org\/{rel}","templated":true}]}}