{"id":366813,"date":"2025-09-04T23:15:11","date_gmt":"2025-09-04T23:15:11","guid":{"rendered":"https:\/\/www.europesays.com\/fr\/366813\/"},"modified":"2025-09-04T23:15:11","modified_gmt":"2025-09-04T23:15:11","slug":"previsions-du-vendredi-5-septembre-2025-2","status":"publish","type":"post","link":"https:\/\/www.europesays.com\/fr\/366813\/","title":{"rendered":"pr\u00e9visions du vendredi 5 septembre 2025"},"content":{"rendered":"<p>La journ\u00e9e de Strasbourg sera marqu\u00e9e par le d\u00e9veloppement de nuages dans le ciel. Il faudra emporter son parapluie pour se prot\u00e9ger des pluies \u00e9parses. Les temp\u00e9ratures tourneront autour des 17\u00b0C. Un petit vent de sud-ouest soufflera au cours de la matin\u00e9e. L&rsquo;apr\u00e8s-midi, des nuages ne voudront pas c\u00e9der leur place au soleil. Les temp\u00e9ratures seront de 19\u00b0C au minimum et de 21\u00b0C au maximum. On annonce une embellie pour cette soir\u00e9e. Pendant que vous dormirez, dans la nuit de vendredi \u00e0 samedi, le ciel sera clair.<\/p>\n<p>Les nuages dans le ciel de demain g\u00eanent l&rsquo;arriv\u00e9e du soleil \u00e0 Strasbourg. On verra l&rsquo;apparition de nuages. Le temps va se r\u00e9chauffer avec une augmentation de quelques degr\u00e9s. Il va faire 18\u00b0C en moyenne. Le matin, on pr\u00e9voit des valeurs d&rsquo;environ 17\u00b0C. Un vent de nord-est rafra\u00eechira quelque peu l&rsquo;atmosph\u00e8re. La ville aura quelques \u00e9claircies demain apr\u00e8s-midi. C&rsquo;est une hausse de plusieurs degr\u00e9s que vont conna\u00eetre les temp\u00e9ratures. Ces valeurs seront comprises entre 21 et 25\u00b0C. C&rsquo;est \u00e0 un ciel couvert de nuages qu&rsquo;il faudra s&rsquo;attendre demain soir. Un vent de sud-est soufflera un peu, avec 7 km\/h.<\/p>\n<p>Une am\u00e9lioration est pr\u00e9vue les jours suivants. Il fera 28\u00b0C en moyenne pour des journ\u00e9es avec une m\u00e9t\u00e9o ensoleill\u00e9e.<\/p>\n<p><\/p>\n","protected":false},"excerpt":{"rendered":"La journ\u00e9e de Strasbourg sera marqu\u00e9e par le d\u00e9veloppement de nuages dans le ciel. Il faudra emporter son&hellip;\n","protected":false},"author":2,"featured_media":366814,"comment_status":"","ping_status":"","sticky":false,"template":"","format":"standard","meta":{"footnotes":""},"categories":[2820],"tags":[1111,11,2389,2649,1777,674,1011,27,775,12,2119,25,640],"class_list":{"0":"post-366813","1":"post","2":"type-post","3":"status-publish","4":"format-standard","5":"has-post-thumbnail","7":"category-strasbourg","8":"tag-actu","9":"tag-actualites","10":"tag-alsace","11":"tag-bas-rhin","12":"tag-eu","13":"tag-europe","14":"tag-fr","15":"tag-france","16":"tag-grand-est","17":"tag-news","18":"tag-previsions-meteo","19":"tag-republique-francaise","20":"tag-strasbourg"},"share_on_mastodon":{"url":"https:\/\/pubeurope.com\/@fr\/115148575645981068","error":""},"_links":{"self":[{"href":"https:\/\/www.europesays.com\/fr\/wp-json\/wp\/v2\/posts\/366813","targetHints":{"allow":["GET"]}}],"collection":[{"href":"https:\/\/www.europesays.com\/fr\/wp-json\/wp\/v2\/posts"}],"about":[{"href":"https:\/\/www.europesays.com\/fr\/wp-json\/wp\/v2\/types\/post"}],"author":[{"embeddable":true,"href":"https:\/\/www.europesays.com\/fr\/wp-json\/wp\/v2\/users\/2"}],"replies":[{"embeddable":true,"href":"https:\/\/www.europesays.com\/fr\/wp-json\/wp\/v2\/comments?post=366813"}],"version-history":[{"count":0,"href":"https:\/\/www.europesays.com\/fr\/wp-json\/wp\/v2\/posts\/366813\/revisions"}],"wp:featuredmedia":[{"embeddable":true,"href":"https:\/\/www.europesays.com\/fr\/wp-json\/wp\/v2\/media\/366814"}],"wp:attachment":[{"href":"https:\/\/www.europesays.com\/fr\/wp-json\/wp\/v2\/media?parent=366813"}],"wp:term":[{"taxonomy":"category","embeddable":true,"href":"https:\/\/www.europesays.com\/fr\/wp-json\/wp\/v2\/categories?post=366813"},{"taxonomy":"post_tag","embeddable":true,"href":"https:\/\/www.europesays.com\/fr\/wp-json\/wp\/v2\/tags?post=366813"}],"curies":[{"name":"wp","href":"https:\/\/api.w.org\/{rel}","templated":true}]}}