{"id":366815,"date":"2025-09-04T23:16:21","date_gmt":"2025-09-04T23:16:21","guid":{"rendered":"https:\/\/www.europesays.com\/fr\/366815\/"},"modified":"2025-09-04T23:16:21","modified_gmt":"2025-09-04T23:16:21","slug":"a-strasbourg-pierre-jakubowicz-est-candidat-aux-municipales-2026","status":"publish","type":"post","link":"https:\/\/www.europesays.com\/fr\/366815\/","title":{"rendered":"\u00e0 Strasbourg, Pierre Jakubowicz est candidat aux municipales 2026"},"content":{"rendered":"<p>    <img loading=\"lazy\" width=\"1800\" height=\"900\" src=\"https:\/\/www.europesays.com\/fr\/wp-content\/uploads\/2025\/08\/jeanne-callthepolice.jpg\" class=\"attachment-full size-full\" alt=\"\" id=\"imageLove\" decoding=\"async\"  \/><\/p>\n<p id=\"breadcrumbs\"><a href=\"https:\/\/pokaa.fr\/\" target=\"_blank\" rel=\"noopener\">Accueil<\/a> \/ <a href=\"https:\/\/pokaa.fr\/categories\/municipales-2026\/\" target=\"_blank\" rel=\"noopener\">Municipales 2026<\/a> \/ Fin du \u00ab\u00a0suspens\u00a0\u00bb : \u00e0 Strasbourg, Pierre Jakubowicz est candidat aux municipales 2026<\/p>\n<p>                    Municipales 2026<\/p>\n<p><b>Ce 4 septembre, Pierre Jakubowicz (Horizons) s\u2019est d\u00e9clar\u00e9 candidat aux municipales de 2026. La fin d\u2019un suspens cousu de fil blanc pour l\u2019un des plus actifs conseillers municipaux d\u2019opposition, qui assume d\u00e9sormais avoir les yeux riv\u00e9s sur la mairie. <\/b><\/p>\n<p class=\"p1\">Pour Pierre Jakubowicz, la question n\u2019\u00e9tait pas de savoir s\u2019il allait \u00eatre candidat, mais plut\u00f4t quand il allait d\u00e9cider de l\u2019annoncer. <b>Sans doute le conseiller municipal d\u2019opposition le plus actif depuis le d\u00e9but du mandat de Jeanne Barseghian<\/b>, il a patiemment construit sa campagne ces derni\u00e8res ann\u00e9es, de proposition en proposition.<\/p>\n<p class=\"p1\">Tram avenue des Vosges, <a target=\"_blank\" href=\"https:\/\/pokaa.fr\/2024\/11\/26\/curiosite-politique-pierre-jakubowicz-veut-creer-12-kiosques-dans-les-quartiers-de-strasbourg\/\" rel=\"noopener\">\u00ab\u00a0Koeurs de quartier\u00a0\u00bb<\/a>, <a target=\"_blank\" href=\"https:\/\/pokaa.fr\/2025\/04\/06\/municipales-2026-a-strasbourg-pierre-jakubowicz-mise-sur-25-deleguees-dans-les-quartiers\/\" rel=\"noopener\">\u00e9quipe de 25 d\u00e9l\u00e9gu\u00e9(e)s pour quadriller Strasbourg<\/a> ou encore ses premi\u00e8res propositions pour \u00ab\u00a0penser Strasbourg en grand\u00a0\u00bb : <b>Pierre Jakubowicz n\u2019a pas manqu\u00e9 d\u2019occuper le terrain, public comme m\u00e9diatique<\/b>.<\/p>\n<p>                <a href=\"https:\/\/pokaa.fr\/2023\/11\/15\/sans-tram-nord-projet-alternatif-de-lopposition-strasbourgeoise-pour-lavenue-des-vosges-2023\/\" target=\"_blank\" rel=\"noopener\"><br \/>\n                    <img width=\"450\" height=\"270\" src=\"https:\/\/www.europesays.com\/fr\/wp-content\/uploads\/2025\/09\/3-450x270.png\" class=\"attachment-card-horizontal--same-subject size-card-horizontal--same-subject wp-post-image\" alt=\"promenade des vosges\" decoding=\"async\" loading=\"lazy\"\/>                <\/a><\/p>\n<p class=\"p1\"><b>Il n\u2019y avait plus qu\u2019\u00e0 attendre l\u2019annonce de sa candidature : c\u2019est chose faite depuis ce 4 septembre<\/b>.<b> <\/b>Pour ce faire, il a choisi ses canaux de diffusion : les DNA, puis le plateau de France 3 Alsace. Avec un m\u00eame message : \u00ab\u00a0Je veux \u00eatre maire pour r\u00e9unir et r\u00e9ussir ensemble Strasbourg\u00a0\u00bb.<\/p>\n<p>    <img width=\"335\" height=\"600\" src=\"https:\/\/www.europesays.com\/fr\/wp-content\/uploads\/2025\/09\/img-7979-335x600.jpg\" class=\"attachment-image-size-M size-image-size-M\" alt=\"Pierre Jakubowicz\" decoding=\"async\" loading=\"lazy\"  \/>         \u00a9 Nicolas Kaspar \/ Pokaa <\/p>\n<p>Quelles priorit\u00e9s pour Pierre Jakubowicz ?<\/p>\n<p class=\"p1\">Pour le programme, il faudra attendre un peu ; <b>et on ne peut pour l\u2019instant que se fier \u00e0 ce que le d\u00e9sormais candidat aux municipales nous confiait au mois de juin dernier<\/b>. <a target=\"_blank\" href=\"https:\/\/pierrejakubowicz.eu\/je-veux-etre-maire-pour-reunir-et-reussir-ensemble-strasbourg\/\" rel=\"noopener\">Mais si l\u2019on regarde son article pour annoncer sa candidature<\/a>, on peut se faire une petite id\u00e9e de ses priorit\u00e9s.<\/p>\n<p>                <a href=\"https:\/\/pokaa.fr\/2025\/06\/20\/municipales-2026-pierre-jakubowicz-imagine-strasbourg-en-grand-avec-son-programme\/\" target=\"_blank\" rel=\"noopener\"><br \/>\n                    <img width=\"450\" height=\"270\" src=\"https:\/\/www.europesays.com\/fr\/wp-content\/uploads\/2025\/09\/b1-450x270.png\" class=\"attachment-card-horizontal--same-subject size-card-horizontal--same-subject wp-post-image\" alt=\"\" decoding=\"async\" loading=\"lazy\"\/>                <\/a><\/p>\n<p class=\"p1\">Si l\u2019on enl\u00e8ve<b> <\/b>les premiers objectifs, encore flous, de \u00ab\u00a0r\u00e9unir aujourd\u2019hui\u00a0\u00bb et de \u00ab\u00a0r\u00e9ussir demain\u00a0\u00bb, <b>Pierre Jakubowicz annonce vouloir \u00eatre le maire de la s\u00e9curit\u00e9 <\/b>: \u00ab\u00a0J\u2019assumerai moi-m\u00eame la responsabilit\u00e9 de la s\u00e9curit\u00e9\u00a0et de la Police municipale pour y mettre toute l\u2019autorit\u00e9 morale et politique n\u00e9cessaire.\u00a0\u00bb Un th\u00e8me qu\u2019il partagera dans la campagne avec Jean-Philippe Vetter.<\/p>\n<p class=\"p1\">Par la suite, le candidat Horizons promet d\u2019\u00eatre le maire de la proximit\u00e9, et que <b>\u00ab\u00a0chaque quartier sera dot\u00e9 d\u2019un maire de quartier<\/b>, disponible et accessible, qui disposera de budgets et d\u2019agents d\u00e9di\u00e9s\u00a0\u00bb. Il annonce \u00e9galement qu\u2019il sera le maire qui facilite la vie et la ville, sans toutefois d\u00e9velopper de mesures, <b>et s\u2019engage \u00e0 ne pas augmenter les imp\u00f4ts durant son mandat, s\u2019il est \u00e9lu, \u00e9tant le maire du pouvoir d\u2019achat.<\/b><\/p>\n<p>    <img width=\"800\" height=\"600\" src=\"https:\/\/www.europesays.com\/fr\/wp-content\/uploads\/2025\/09\/img-0050-grande-800x600.jpeg\" class=\"attachment-image-size-L size-image-size-L\" alt=\"pierre jakubowicz\" decoding=\"async\" loading=\"lazy\"  \/>         \u00a9 Nicolas Kaspar \/ Pokaa <\/p>\n<p>Une union ? Et si oui, avec qui ?<\/p>\n<p class=\"p1\">D\u00e9sormais sorti du bois, <b>Pierre Jakubowicz va devoir s\u2019atteler \u00e0 la question des potentielles unions entre la droite, le centre-droit, le centre-gauche et toutes les constellations de nuances politiques<\/b>. Sujet que tous les partis appellent de leur voeux, mais pour le moment infructueuses, chacun souhaitant accueillir les autres chez soi. Pour l\u2019instant, il pourra sans doute compter sur l\u2019appui du Modem, et notamment de Rebecca Breitman.<\/p>\n<p class=\"p1\"><b>L\u2019annonce de Pierre Jakubowicz a d\u2019ailleurs pris de vitesse celle du ou de la futur(e) candidat(e) Renaissance, regroupant notamment \u00c9tienne Loos, Nicolas Matt ou Fabienne Keller<\/b>. Ce n\u2019est d\u2019ailleurs sans doute pas un hasard que le parti pr\u00e9sidentiel ait envoy\u00e9 un communiqu\u00e9 de presse le 3 septembre, indiquant que les investitures et les soutiens aux \u00e9lections municipales seraient annonc\u00e9es apr\u00e8s le congr\u00e8s national de rentr\u00e9e d\u2019Arras les 20 et 21 septembre.<\/p>\n<p>    <img width=\"600\" height=\"450\" src=\"https:\/\/www.europesays.com\/fr\/wp-content\/uploads\/2025\/09\/img-1551-600x450.jpg\" class=\"attachment-image-size-M size-image-size-M\" alt=\"jakubowicz breitmann\" decoding=\"async\" loading=\"lazy\"  \/>         \u00a9\u00a0Strasbourg on y croit \/ Document remis <\/p>\n<p class=\"p1\">Quant \u00e0 une potentielle union avec Jean-Philippe Vetter, elle reste improbable. S\u2019il appelle une union de ses voeux, <b>il a \u00e9galement de nombreuses fois rappel\u00e9 son exp\u00e9rience \u00e0 mener campagne ; comme un message \u00e0 ses alli\u00e9s (futurs adversaires ?) qu\u2019une union devrait se faire autour de lui<\/b>. Enfin, c\u00f4t\u00e9 PS du Bas-Rhin, ces derniers partiront seuls, et d\u00e9signeront leur t\u00eate de liste en novembre.<\/p>\n<p class=\"p1\"><strong>La question de l\u2019union au premier tour risque alors d\u2019\u00eatre compliqu\u00e9e, mais elle se posera sans doute au second. Et probablement que les r\u00e9sultats du premier tour feront foi. En attendant, la campagne des municipales repart de plus belle.<\/strong><\/p>\n","protected":false},"excerpt":{"rendered":"Accueil \/ Municipales 2026 \/ Fin du \u00ab\u00a0suspens\u00a0\u00bb : \u00e0 Strasbourg, Pierre Jakubowicz est candidat aux municipales 2026&hellip;\n","protected":false},"author":2,"featured_media":366816,"comment_status":"","ping_status":"","sticky":false,"template":"","format":"standard","meta":{"footnotes":""},"categories":[2820],"tags":[1111,11,1777,674,1011,27,775,3434,49909,12,4333,25,640],"class_list":{"0":"post-366815","1":"post","2":"type-post","3":"status-publish","4":"format-standard","5":"has-post-thumbnail","7":"category-strasbourg","8":"tag-actu","9":"tag-actualites","10":"tag-eu","11":"tag-europe","12":"tag-fr","13":"tag-france","14":"tag-grand-est","15":"tag-municipales-2026","16":"tag-municipales-strasbourg","17":"tag-news","18":"tag-pierre-jakubowicz","19":"tag-republique-francaise","20":"tag-strasbourg"},"share_on_mastodon":{"url":"https:\/\/pubeurope.com\/@fr\/115148579571021467","error":""},"_links":{"self":[{"href":"https:\/\/www.europesays.com\/fr\/wp-json\/wp\/v2\/posts\/366815","targetHints":{"allow":["GET"]}}],"collection":[{"href":"https:\/\/www.europesays.com\/fr\/wp-json\/wp\/v2\/posts"}],"about":[{"href":"https:\/\/www.europesays.com\/fr\/wp-json\/wp\/v2\/types\/post"}],"author":[{"embeddable":true,"href":"https:\/\/www.europesays.com\/fr\/wp-json\/wp\/v2\/users\/2"}],"replies":[{"embeddable":true,"href":"https:\/\/www.europesays.com\/fr\/wp-json\/wp\/v2\/comments?post=366815"}],"version-history":[{"count":0,"href":"https:\/\/www.europesays.com\/fr\/wp-json\/wp\/v2\/posts\/366815\/revisions"}],"wp:featuredmedia":[{"embeddable":true,"href":"https:\/\/www.europesays.com\/fr\/wp-json\/wp\/v2\/media\/366816"}],"wp:attachment":[{"href":"https:\/\/www.europesays.com\/fr\/wp-json\/wp\/v2\/media?parent=366815"}],"wp:term":[{"taxonomy":"category","embeddable":true,"href":"https:\/\/www.europesays.com\/fr\/wp-json\/wp\/v2\/categories?post=366815"},{"taxonomy":"post_tag","embeddable":true,"href":"https:\/\/www.europesays.com\/fr\/wp-json\/wp\/v2\/tags?post=366815"}],"curies":[{"name":"wp","href":"https:\/\/api.w.org\/{rel}","templated":true}]}}