{"id":366819,"date":"2025-09-04T23:18:13","date_gmt":"2025-09-04T23:18:13","guid":{"rendered":"https:\/\/www.europesays.com\/fr\/366819\/"},"modified":"2025-09-04T23:18:13","modified_gmt":"2025-09-04T23:18:13","slug":"nice-des-militants-pro-palestiniens-tentent-de-sintroduire-dans-une-synagogue-trois-personnes-interpellees","status":"publish","type":"post","link":"https:\/\/www.europesays.com\/fr\/366819\/","title":{"rendered":"Nice\u00a0: des militants pro-palestiniens tentent de s\u2019introduire dans une synagogue, trois personnes interpell\u00e9es"},"content":{"rendered":"<p class=\"paragraph text_align_left lp-f-body-02\">Un groupe de militants pro-palestiniens \u00ab s\u2019est introduit \u00bb dans la synagogue Beth Habad, en plein centre de Nice, jeudi en fin de journ\u00e9e, a annonc\u00e9 le pr\u00e9fet des Alpes-Maritimes Laurent Hottiaux dans un communiqu\u00e9 diffus\u00e9 sur X. En milieu de soir\u00e9e, le d\u00e9put\u00e9 ni\u00e7ois et <a href=\"https:\/\/www.leparisien.fr\/elections\/municipales\/municipales-eric-ciotti-annonce-sa-candidature-a-la-mairie-de-nice-27-08-2025-IZ4ATI56IBAVFCFXP5X45AZDLY.php\" target=\"_blank\" rel=\"noreferrer nofollow noopener\">futur candidat \u00e0 la mairie \u00c9ric Ciotti<\/a> a lui d\u00e9nonc\u00e9 un acte \u00ab insupportable et ignoble \u00bb.<\/p>\n<blockquote class=\"twitter-tweet\">\n<p lang=\"fr\" dir=\"ltr\">Nice : Intrusion de militants pro-palestiniens dans le Beth Habad de la rue Rossini. Ils bousculent une femme enceinte et tentent d&rsquo;entrer de force dans la synagogue. <a href=\"https:\/\/t.co\/RY2GDYARup\" rel=\"nofollow\">pic.twitter.com\/RY2GDYARup<\/a><\/p>\n<p>\u2014 Radio Shalom (@radioshalom94_8) <a href=\"https:\/\/twitter.com\/radioshalom94_8\/status\/1963691286428328312?ref_src=twsrc%5Etfw\" rel=\"nofollow noopener\" target=\"_blank\">September 4, 2025<\/a><\/p><\/blockquote>\n<p class=\"paragraph text_align_left lp-f-body-02\">Les faits se sont d\u00e9roul\u00e9s aux alentours de 19 heures. \u00ab Plusieurs personnes dont certaines porteuses de drapeaux palestiniens tentaient de rentrer \u00bb dans cet \u00e9difice de la communaut\u00e9 Loubavitch, o\u00f9 se tenait une r\u00e9union d\u2019informations sur <a href=\"https:\/\/www.leparisien.fr\/societe\/1200-demandes-depuis-lattaque-du-7-octobre-de-plus-en-plus-de-francais-juifs-songent-a-emigrer-en-israel-20-12-2023-R72NNGXXC5GZRMLFBPEKJKUIVM.php\" target=\"_blank\" rel=\"noreferrer nofollow noopener\">l\u2019alyah<\/a>, l\u2019immigration des juifs en Isra\u00ebl, d\u00e9taille le parquet de Nice dans un message \u00e0 la presse.<\/p>\n<p class=\"paragraph text_align_left lp-f-body-02\">\u00ab Les premiers \u00e9l\u00e9ments r\u00e9unis mettaient en cause plusieurs individus pour des faits de violences et d\u2019injures en raison de la religion, ces derniers ayant tent\u00e9 de p\u00e9n\u00e9trer de force au sein du lieu de culte \u00bb, poursuit-il. Une femme enceinte a \u00e9t\u00e9 bouscul\u00e9e, indique le pr\u00e9fet. <\/p>\n<p>La police en renfort devant le lieu de culte<\/p>\n<p class=\"paragraph text_align_left lp-f-body-02\">Trois militants, deux femmes quadrag\u00e9naires et un homme sexag\u00e9naire, ont \u00e9t\u00e9 interpel\u00e9s et plac\u00e9s en garde \u00e0 vue dans le cadre d\u2019une enqu\u00eate en flagrance ouverte pour violences aggrav\u00e9es par trois circonstances : sur personne vuln\u00e9rable, en r\u00e9union et en raison de la religion et injures publiques en raison de la religion.<\/p>\n<p class=\"lp-card-podcast-highlighting__title  lp-f-subtitle-05\">[4\/4] C\u00e9cile Vallin, les secrets d\u2019une disparition<\/p>\n<p class=\"lp-card-podcast-highlighting__description lp-f-ui-05\">Crime story raconte chaque semaine les grandes affaires criminelles.<\/p>\n<p><a class=\"lp-card-podcast-highlighting__call-to-action\" data-page-type=\"HP\" data-block-name=\"podcast-highlight\">\u00c9couter<\/a><\/p>\n<p class=\"paragraph text_align_left lp-f-body-02\">\u00ab J\u2019ai imm\u00e9diatement plac\u00e9 la compagnie d\u2019intervention de la police nationale en s\u00e9curisation de ce lieu de culte et qui y restera autant que n\u00e9cessaire \u00bb, annonce par ailleurs Laurent Hottiaux.<\/p>\n<blockquote class=\"twitter-tweet\">\n<p lang=\"fr\" dir=\"ltr\">Aujourd&rsquo;hui \u00e0 19h, un petit groupe d&rsquo;individus, militants pro- palestiniens, se sont introduits au sein d\u2019une \u0301synagogue, situ\u00e9e rue Rossini \u00e0 Nice. Une femme enceinte a \u00e9t\u00e9 bouscul\u00e9e.<br \/>3 individus ont \u00e9t\u00e9 tr\u00e8s rapidement interpell\u00e9s par les effectifs de la Police nationale et de\u2026<\/p>\n<p>\u2014 Pr\u00e9fet des Alpes-Maritimes\ud83c\uddeb\ud83c\uddf7 (@prefet06) <a href=\"https:\/\/twitter.com\/prefet06\/status\/1963675076198547623?ref_src=twsrc%5Etfw\" rel=\"nofollow noopener\" target=\"_blank\">September 4, 2025<\/a><\/p><\/blockquote>\n<p class=\"paragraph text_align_left lp-f-body-02\">\u00ab Insupportable et ignoble : des militants palestiniens ont tent\u00e9 \u00e0 Nice de s\u2019introduire au centre Beth Habad, bousculant les gens pr\u00e9sents \u00bb, a de son c\u00f4t\u00e9 comment\u00e9 \u00c9ric Ciotti sur son compte X. \u00ab Que les auteurs de ces agressions antis\u00e9mites sachent que nous les combattrons toujours. \u00bb<\/p>\n<p><script async src=\"https:\/\/platform.twitter.com\/widgets.js\" charset=\"utf-8\"><\/script><\/p>\n","protected":false},"excerpt":{"rendered":"Un groupe de militants pro-palestiniens \u00ab s\u2019est introduit \u00bb dans la synagogue Beth Habad, en plein centre de&hellip;\n","protected":false},"author":2,"featured_media":366820,"comment_status":"","ping_status":"","sticky":false,"template":"","format":"standard","meta":{"footnotes":""},"categories":[2819],"tags":[1111,11,1777,674,118,1011,27,12,2401,882,25],"class_list":{"0":"post-366819","1":"post","2":"type-post","3":"status-publish","4":"format-standard","5":"has-post-thumbnail","7":"category-nice","8":"tag-actu","9":"tag-actualites","10":"tag-eu","11":"tag-europe","12":"tag-faits-divers","13":"tag-fr","14":"tag-france","15":"tag-news","16":"tag-nice","17":"tag-provence-alpes-cote-dazur","18":"tag-republique-francaise"},"share_on_mastodon":{"url":"https:\/\/pubeurope.com\/@fr\/115148587233802987","error":""},"_links":{"self":[{"href":"https:\/\/www.europesays.com\/fr\/wp-json\/wp\/v2\/posts\/366819","targetHints":{"allow":["GET"]}}],"collection":[{"href":"https:\/\/www.europesays.com\/fr\/wp-json\/wp\/v2\/posts"}],"about":[{"href":"https:\/\/www.europesays.com\/fr\/wp-json\/wp\/v2\/types\/post"}],"author":[{"embeddable":true,"href":"https:\/\/www.europesays.com\/fr\/wp-json\/wp\/v2\/users\/2"}],"replies":[{"embeddable":true,"href":"https:\/\/www.europesays.com\/fr\/wp-json\/wp\/v2\/comments?post=366819"}],"version-history":[{"count":0,"href":"https:\/\/www.europesays.com\/fr\/wp-json\/wp\/v2\/posts\/366819\/revisions"}],"wp:featuredmedia":[{"embeddable":true,"href":"https:\/\/www.europesays.com\/fr\/wp-json\/wp\/v2\/media\/366820"}],"wp:attachment":[{"href":"https:\/\/www.europesays.com\/fr\/wp-json\/wp\/v2\/media?parent=366819"}],"wp:term":[{"taxonomy":"category","embeddable":true,"href":"https:\/\/www.europesays.com\/fr\/wp-json\/wp\/v2\/categories?post=366819"},{"taxonomy":"post_tag","embeddable":true,"href":"https:\/\/www.europesays.com\/fr\/wp-json\/wp\/v2\/tags?post=366819"}],"curies":[{"name":"wp","href":"https:\/\/api.w.org\/{rel}","templated":true}]}}