{"id":366821,"date":"2025-09-04T23:20:14","date_gmt":"2025-09-04T23:20:14","guid":{"rendered":"https:\/\/www.europesays.com\/fr\/366821\/"},"modified":"2025-09-04T23:20:14","modified_gmt":"2025-09-04T23:20:14","slug":"nantes-un-protocole-pour-debloquer-la-construction-de-500-logements-dici-2027-sur-lile-de-nantes","status":"publish","type":"post","link":"https:\/\/www.europesays.com\/fr\/366821\/","title":{"rendered":"NANTES : Un protocole pour d\u00e9bloquer la construction de 500 logements d\u2019ici 2027 sur l\u2019Ile de Nantes"},"content":{"rendered":"<p><strong>Nantes M\u00e9tropole, le Groupe Caisse des D\u00e9p\u00f4ts et la Samoa signent un protocole de partenariat pour d\u00e9bloquer la construction de 500 logements d\u2019ici 2027 sur l\u2019Ile de Nantes.<\/strong><\/p>\n<p>Dans un contexte de crise nationale du logement, et dans une p\u00e9riode marqu\u00e9e par l\u2019inflation, Nantes M\u00e9tropole, le Groupe Caisse des D\u00e9p\u00f4ts (Banque des Territoires, CDC Habitat et ICADE) et la Samoa, signent un protocole de partenariat pour d\u00e9bloquer la production de 500 logements d\u2019ici 2027 sur l\u2019Ile de Nantes. Ce protocole de partenariat avait \u00e9t\u00e9 adopt\u00e9 lors du Conseil m\u00e9tropolitain des 26 et 27 juin 2025 derniers.<\/p>\n<p>Cette initiative s\u2019inscrit dans le cadre du programme national \u00ab Territoires Engag\u00e9s pour le Logement \u00bb pour lequel Nantes M\u00e9tropole a \u00e9t\u00e9 s\u00e9lectionn\u00e9e en 2024, parmi 22 territoires laur\u00e9ats.<\/p>\n<p>\u00c0 cette occasion, vous \u00eates convi\u00e9s \u00e0 une visite du quartier R\u00e9publique de l\u2019Ile de Nantes puis \u00e0 la signature du protocole de partenariat :<\/p>\n<p>Vendredi 5 septembre 2025 \u00e0 partir de 14h15<br \/>Rendez-vous Place des voisins,<br \/>16 rue Franceline Ribard (Bloc A), 44200 Nantes<\/p>\n<p>\u2013 \u00c0 14h15 : visite guid\u00e9e de 30 minutes par la Samoa et des op\u00e9rateurs immobiliers pour pr\u00e9senter les op\u00e9rations concern\u00e9es dans le quartier R\u00e9publique (d\u00e9part de la visite Place des voisins, 16 Rue Franceline Ribard)<br \/>\u2013 \u00c0 14h45 : rendez-vous devant le b\u00e2timent Gina (24 Boulevard Gis\u00e8le Halimi, 44200 Nantes) pour la signature du protocole de partenariat pour l\u2019Ile de Nantes \u00ab Territoires engag\u00e9s pour le logement \u00bb.<\/p>\n<p>En pr\u00e9sence de :<br \/>\u2013 Johanna Rolland, maire de Nantes, pr\u00e9sidente de Nantes M\u00e9tropole, pr\u00e9sidente de la Samoa<br \/>\u2013 Ivan Lespagnol, Directeur R\u00e9gional Pays de la Loire de la Banque des Territoires-Caisse des D\u00e9p\u00f4ts<br \/>\u2013 Fabrice Rigoulet-Roze, Pr\u00e9fet de la r\u00e9gion Pays-de-la-Loire, Pr\u00e9fet de la Loire-Atlantique<\/p>\n","protected":false},"excerpt":{"rendered":"Nantes M\u00e9tropole, le Groupe Caisse des D\u00e9p\u00f4ts et la Samoa signent un protocole de partenariat pour d\u00e9bloquer la&hellip;\n","protected":false},"author":2,"featured_media":366822,"comment_status":"","ping_status":"","sticky":false,"template":"","format":"standard","meta":{"footnotes":""},"categories":[2818],"tags":[1111,11,1777,674,1011,27,766,12,2636,25],"class_list":{"0":"post-366821","1":"post","2":"type-post","3":"status-publish","4":"format-standard","5":"has-post-thumbnail","7":"category-nantes","8":"tag-actu","9":"tag-actualites","10":"tag-eu","11":"tag-europe","12":"tag-fr","13":"tag-france","14":"tag-nantes","15":"tag-news","16":"tag-pays-de-la-loire","17":"tag-republique-francaise"},"share_on_mastodon":{"url":"https:\/\/pubeurope.com\/@fr\/115148595084059131","error":""},"_links":{"self":[{"href":"https:\/\/www.europesays.com\/fr\/wp-json\/wp\/v2\/posts\/366821","targetHints":{"allow":["GET"]}}],"collection":[{"href":"https:\/\/www.europesays.com\/fr\/wp-json\/wp\/v2\/posts"}],"about":[{"href":"https:\/\/www.europesays.com\/fr\/wp-json\/wp\/v2\/types\/post"}],"author":[{"embeddable":true,"href":"https:\/\/www.europesays.com\/fr\/wp-json\/wp\/v2\/users\/2"}],"replies":[{"embeddable":true,"href":"https:\/\/www.europesays.com\/fr\/wp-json\/wp\/v2\/comments?post=366821"}],"version-history":[{"count":0,"href":"https:\/\/www.europesays.com\/fr\/wp-json\/wp\/v2\/posts\/366821\/revisions"}],"wp:featuredmedia":[{"embeddable":true,"href":"https:\/\/www.europesays.com\/fr\/wp-json\/wp\/v2\/media\/366822"}],"wp:attachment":[{"href":"https:\/\/www.europesays.com\/fr\/wp-json\/wp\/v2\/media?parent=366821"}],"wp:term":[{"taxonomy":"category","embeddable":true,"href":"https:\/\/www.europesays.com\/fr\/wp-json\/wp\/v2\/categories?post=366821"},{"taxonomy":"post_tag","embeddable":true,"href":"https:\/\/www.europesays.com\/fr\/wp-json\/wp\/v2\/tags?post=366821"}],"curies":[{"name":"wp","href":"https:\/\/api.w.org\/{rel}","templated":true}]}}