{"id":366823,"date":"2025-09-04T23:21:17","date_gmt":"2025-09-04T23:21:17","guid":{"rendered":"https:\/\/www.europesays.com\/fr\/366823\/"},"modified":"2025-09-04T23:21:17","modified_gmt":"2025-09-04T23:21:17","slug":"une-plaque-commemorative-en-hommage-aux-etrangers-morts-pour-la-france","status":"publish","type":"post","link":"https:\/\/www.europesays.com\/fr\/366823\/","title":{"rendered":"une plaque comm\u00e9morative en hommage aux \u00e9trangers morts pour la France"},"content":{"rendered":"<p>Devant une centaine de personnes rassembl\u00e9es le 28\u00a0ao\u00fbt dernier place du 11-Novembre, avec Pierre Hurmic, maire de Bordeaux, Laurent Montoya est \u00e9mu et heureux. La Ville a accept\u00e9 de sceller une plaque comm\u00e9morative en l\u2019honneur des combattantes et des combattants \u00e9trangers morts pour la France. Cette initiative personnelle a \u00e9t\u00e9 soutenue par cinq associations m\u00e9morielles locales espagnoles.<\/p>\n<p>C\u2019est en se plongeant dans les archives laiss\u00e9es par son p\u00e8re, r\u00e9sistant espagnol r\u00e9fugi\u00e9 \u00e0 Bordeaux, que Laurent Montoya a eu l\u2019id\u00e9e de lancer ce projet d\u2019hommage \u00e0 tous les \u00e9trangers qui ont perdu la vie pour la patrie fran\u00e7aise. De page en page, il d\u00e9couvre que son p\u00e8re a pass\u00e9 une d\u00e9cennie de sa vie \u00e0 naviguer de camps en camps de r\u00e9fugi\u00e9s, puis a \u00e9t\u00e9 d\u00e9port\u00e9 en Allemagne dans un camp de concentration apr\u00e8s avoir \u0153uvr\u00e9 dans des actions de r\u00e9sistance sur le sol bordelais. \u00ab\u00a0Il ne parlait jamais de ses profondes s\u00e9quelles physiques et morales\u00a0\u00bb, se souvient Laurent Montoya.<\/p>\n<p>Des refus<\/p>\n<p>Pour rendre hommage \u00e0 toutes ces femmes et tous ces hommes de toutes nationalit\u00e9s qui se sont battus et sont morts pour la France, il a propos\u00e9 \u00e0 une trentaine de communes environnantes de Bordeaux de poser des plaques comm\u00e9moratives.<\/p>\n<p>\u00ab\u00a0Je suis assez surpris\u00a0! \u00c0 part Blaye et Bordeaux, qui viennent d\u2019installer leur plaque, seule une petite poign\u00e9e d\u2019autres communes ont r\u00e9pondu positivement. Pour les autres, c\u2019est non. J\u2019ai un peu de mal \u00e0 entendre certaines raisons de refus\u00a0: \u00e7a co\u00fbte trop cher pour nous\u2026 Les monuments aux morts sont r\u00e9serv\u00e9s aux Fran\u00e7ais\u2026\u00a0\u00bb<\/p>\n<p>En remerciant chaleureusement Laurent Montoya pour son initiative, le maire de Bordeaux a quant \u00e0 lui salu\u00e9 l\u2019initiative\u00a0: \u00ab\u00a0\u00c0 l\u2019heure o\u00f9 le repli sur soi et le nationalisme gagnent dangereusement du terrain, nous tenons \u00e0 r\u00e9affirmer l\u2019esprit de libert\u00e9 de la ville de Bordeaux.\u00a0\u00bb<\/p>\n","protected":false},"excerpt":{"rendered":"Devant une centaine de personnes rassembl\u00e9es le 28\u00a0ao\u00fbt dernier place du 11-Novembre, avec Pierre Hurmic, maire de Bordeaux,&hellip;\n","protected":false},"author":2,"featured_media":366824,"comment_status":"","ping_status":"","sticky":false,"template":"","format":"standard","meta":{"footnotes":""},"categories":[2817],"tags":[1111,11,1997,1777,674,1011,27,12,2219,25],"class_list":{"0":"post-366823","1":"post","2":"type-post","3":"status-publish","4":"format-standard","5":"has-post-thumbnail","7":"category-bordeaux","8":"tag-actu","9":"tag-actualites","10":"tag-bordeaux","11":"tag-eu","12":"tag-europe","13":"tag-fr","14":"tag-france","15":"tag-news","16":"tag-nouvelle-aquitaine","17":"tag-republique-francaise"},"share_on_mastodon":{"url":"https:\/\/pubeurope.com\/@fr\/115148599070616967","error":""},"_links":{"self":[{"href":"https:\/\/www.europesays.com\/fr\/wp-json\/wp\/v2\/posts\/366823","targetHints":{"allow":["GET"]}}],"collection":[{"href":"https:\/\/www.europesays.com\/fr\/wp-json\/wp\/v2\/posts"}],"about":[{"href":"https:\/\/www.europesays.com\/fr\/wp-json\/wp\/v2\/types\/post"}],"author":[{"embeddable":true,"href":"https:\/\/www.europesays.com\/fr\/wp-json\/wp\/v2\/users\/2"}],"replies":[{"embeddable":true,"href":"https:\/\/www.europesays.com\/fr\/wp-json\/wp\/v2\/comments?post=366823"}],"version-history":[{"count":0,"href":"https:\/\/www.europesays.com\/fr\/wp-json\/wp\/v2\/posts\/366823\/revisions"}],"wp:featuredmedia":[{"embeddable":true,"href":"https:\/\/www.europesays.com\/fr\/wp-json\/wp\/v2\/media\/366824"}],"wp:attachment":[{"href":"https:\/\/www.europesays.com\/fr\/wp-json\/wp\/v2\/media?parent=366823"}],"wp:term":[{"taxonomy":"category","embeddable":true,"href":"https:\/\/www.europesays.com\/fr\/wp-json\/wp\/v2\/categories?post=366823"},{"taxonomy":"post_tag","embeddable":true,"href":"https:\/\/www.europesays.com\/fr\/wp-json\/wp\/v2\/tags?post=366823"}],"curies":[{"name":"wp","href":"https:\/\/api.w.org\/{rel}","templated":true}]}}