{"id":366825,"date":"2025-09-04T23:22:12","date_gmt":"2025-09-04T23:22:12","guid":{"rendered":"https:\/\/www.europesays.com\/fr\/366825\/"},"modified":"2025-09-04T23:22:12","modified_gmt":"2025-09-04T23:22:12","slug":"encadrement-des-loyers-a-bordeaux-un-quart-des-logements-depasse-le-plafond-autorise","status":"publish","type":"post","link":"https:\/\/www.europesays.com\/fr\/366825\/","title":{"rendered":"Encadrement des loyers \u00e0 Bordeaux\u00a0: un quart des logements d\u00e9passe le plafond autoris\u00e9"},"content":{"rendered":"<p>Un quart des loyers est au dessus du plafond autoris\u00e9 par l&rsquo;encadrement des loyers \u00e0 Bordeaux, c&rsquo;est le r\u00e9sultat du barom\u00e8tre annuel publi\u00e9 ce jeudi  par la Fondation pour le logement des d\u00e9favoris\u00e9s. C&rsquo;est surtout les petites surfaces qui sont concern\u00e9es. <\/p>\n<p>Depuis que le dispositif d&rsquo;encadrement des loyers est exp\u00e9riment\u00e9 (2022), la part des logements locatifs qui ne respecte pas le plafond est pass\u00e9e de 37% \u00e0 25% en 2025 soit, un logement sur 4 sur la m\u00e9tropole bordelaise. \u00ab\u00a0C&rsquo;est bien, mais on peut encore mieux faire,\u00a0\u00bb affirme Margault Deschenes, la directrice r\u00e9gionale de la Fondation pour le logement des d\u00e9favoris\u00e9s, ex Fondation Abb\u00e9 Pierre. A Bordeaux, le d\u00e9passement moyen pour le logement locatif est de 154 euros, c&rsquo;est en dessous de la moyenne nationale qui est de 192 euros.<\/p>\n<p>Un dispositif fastidieux &#8211; Yohann locataire \u00e0 Bordeaux<\/p>\n<p>Pour b\u00e9n\u00e9ficier du dispositif, c&rsquo;est au locataire de faire les d\u00e9marches, ce qui peut s&rsquo;av\u00e9rer assez dissuasif\u00a0: \u00ab\u00a0Il faut faire la demande \u00e0 l&rsquo;agence de location et apr\u00e8s au propri\u00e9taire\u00a0 plus de 5 mois avant le renouvellement du bail. Si le propri\u00e9taire ne r\u00e9pond pas, il faut\u00a0 saisir la commission d\u00e9partementale de conciliation 4 mois avant la fin du bail, tout cela est assez fastidieux\u00a0\u00bb\u00a0affirme Yohann locataire d&rsquo;un appartement de 66 m\u00b2 en plein centre-ville de Bordeaux. Il paye 1250 euros. Avec l&rsquo;encadrement des loyers, il payerait 250 euros en moins.<\/p>\n<p>Les logements de moins de 30 m\u00b2 dans le collimateur de la Fondation<\/p>\n<p>Ce sont surtout les logements de moins de 30 m\u00b2 qui sont concern\u00e9s par un d\u00e9passement du plafond. Pour Margault Deschamps, \u00ab\u00a0cela s&rsquo;explique parce que les petites surfaces font l&rsquo;objet d&rsquo;une grande concurrence et parce qu&rsquo;elles sont moins contr\u00f4l\u00e9es. Ce sont aussi des publics fragiles qui se dirigent vers ces biens, des personnes qui sont moins au fait de leurs droits\u00a0\u00bb<\/p>\n<p>Pour savoir si votre propri\u00e9taire respecte le dispositif d&rsquo;encadrement des loyers, la m\u00e9tropole met a disposition un <a target=\"_blank\" rel=\"nofollow noopener noreferrer\" class=\"IciLink ici-link IciArticleLink g-ici-body-regular-1 underline brand svelte-lu7k6w\" href=\"https:\/\/geo.bordeaux-metropole.fr\/encadrement-des-loyers\/\">simulateur<\/a>\u00a0sur internet<\/p>\n","protected":false},"excerpt":{"rendered":"Un quart des loyers est au dessus du plafond autoris\u00e9 par l&rsquo;encadrement des loyers \u00e0 Bordeaux, c&rsquo;est le&hellip;\n","protected":false},"author":2,"featured_media":366826,"comment_status":"","ping_status":"","sticky":false,"template":"","format":"standard","meta":{"footnotes":""},"categories":[2817],"tags":[1111,11,1997,1777,674,1011,27,12,2219,25],"class_list":{"0":"post-366825","1":"post","2":"type-post","3":"status-publish","4":"format-standard","5":"has-post-thumbnail","7":"category-bordeaux","8":"tag-actu","9":"tag-actualites","10":"tag-bordeaux","11":"tag-eu","12":"tag-europe","13":"tag-fr","14":"tag-france","15":"tag-news","16":"tag-nouvelle-aquitaine","17":"tag-republique-francaise"},"share_on_mastodon":{"url":"https:\/\/pubeurope.com\/@fr\/115148603042389378","error":""},"_links":{"self":[{"href":"https:\/\/www.europesays.com\/fr\/wp-json\/wp\/v2\/posts\/366825","targetHints":{"allow":["GET"]}}],"collection":[{"href":"https:\/\/www.europesays.com\/fr\/wp-json\/wp\/v2\/posts"}],"about":[{"href":"https:\/\/www.europesays.com\/fr\/wp-json\/wp\/v2\/types\/post"}],"author":[{"embeddable":true,"href":"https:\/\/www.europesays.com\/fr\/wp-json\/wp\/v2\/users\/2"}],"replies":[{"embeddable":true,"href":"https:\/\/www.europesays.com\/fr\/wp-json\/wp\/v2\/comments?post=366825"}],"version-history":[{"count":0,"href":"https:\/\/www.europesays.com\/fr\/wp-json\/wp\/v2\/posts\/366825\/revisions"}],"wp:featuredmedia":[{"embeddable":true,"href":"https:\/\/www.europesays.com\/fr\/wp-json\/wp\/v2\/media\/366826"}],"wp:attachment":[{"href":"https:\/\/www.europesays.com\/fr\/wp-json\/wp\/v2\/media?parent=366825"}],"wp:term":[{"taxonomy":"category","embeddable":true,"href":"https:\/\/www.europesays.com\/fr\/wp-json\/wp\/v2\/categories?post=366825"},{"taxonomy":"post_tag","embeddable":true,"href":"https:\/\/www.europesays.com\/fr\/wp-json\/wp\/v2\/tags?post=366825"}],"curies":[{"name":"wp","href":"https:\/\/api.w.org\/{rel}","templated":true}]}}