{"id":366829,"date":"2025-09-04T23:24:11","date_gmt":"2025-09-04T23:24:11","guid":{"rendered":"https:\/\/www.europesays.com\/fr\/366829\/"},"modified":"2025-09-04T23:24:11","modified_gmt":"2025-09-04T23:24:11","slug":"toulouse-le-stade-toulousain-rugby-organise-son-premier-10-km-de-running","status":"publish","type":"post","link":"https:\/\/www.europesays.com\/fr\/366829\/","title":{"rendered":"TOULOUSE : Le Stade Toulousain Rugby organise son premier 10 km de running"},"content":{"rendered":"<p><strong>Le\u00a0dimanche 7 septembre, le\u00a0Stade Toulousain Rugby\u00a0organise son premier 10 km de running et mise sur cette diversification pour d\u00e9velopper sa marque.\u00a0<\/strong><\/p>\n<p>5 000 coureurs passeront devant les lieux embl\u00e9matiques de la ville rose, avec comme point de d\u00e9part et d\u2019arriv\u00e9e : le Stade Ernest-Wallon. Deux courses pour enfants, de 600m et 1,2km, compl\u00e8teront la journ\u00e9e.<\/p>\n<p>Le temps d\u2019une journ\u00e9e, le stade mythique Ernest-Wallon troquera crampons et ballons de rugby pour des baskets de course. Baptis\u00e9e \u00ab 10KM DU STADE \u00bb, cette premi\u00e8re \u00e9dition de running se veut \u00eatre un \u00e9v\u00e9nement convivial et f\u00e9d\u00e9rateur autour du sport et de la sant\u00e9. Pour mener \u00e0 bien ce projet, le club s\u2019est appuy\u00e9 sur l\u2019expertise et l\u2019exp\u00e9rience running du sp\u00e9cialiste N\u00b01 de la vente en ligne de mat\u00e9riel de course \u00e0 pied i-Run, ainsi que celles de son \u00e9quipementier Nike et du Stade Toulousain Omnisports, notamment les filiales Athl\u00e9tisme, Triathlon et Cyclisme. Les b\u00e9n\u00e9fices seront revers\u00e9s au\u00a0<strong>Fonds de Dotation du Stade Toulousain<\/strong>.<\/p>\n<p>Stade Ernest-Wallon<\/p>\n<p>114, rue des Tro\u00e8nes<\/p>\n<p>BP 42354<\/p>\n<p>31022 Toulouse Cedex 2<\/p>\n","protected":false},"excerpt":{"rendered":"Le\u00a0dimanche 7 septembre, le\u00a0Stade Toulousain Rugby\u00a0organise son premier 10 km de running et mise sur cette diversification pour&hellip;\n","protected":false},"author":2,"featured_media":366830,"comment_status":"","ping_status":"","sticky":false,"template":"","format":"standard","meta":{"footnotes":""},"categories":[2816],"tags":[1111,11,1777,674,1011,27,12,2680,25,2312],"class_list":{"0":"post-366829","1":"post","2":"type-post","3":"status-publish","4":"format-standard","5":"has-post-thumbnail","7":"category-toulouse","8":"tag-actu","9":"tag-actualites","10":"tag-eu","11":"tag-europe","12":"tag-fr","13":"tag-france","14":"tag-news","15":"tag-occitanie","16":"tag-republique-francaise","17":"tag-toulouse"},"share_on_mastodon":{"url":"https:\/\/pubeurope.com\/@fr\/115148610808063882","error":""},"_links":{"self":[{"href":"https:\/\/www.europesays.com\/fr\/wp-json\/wp\/v2\/posts\/366829","targetHints":{"allow":["GET"]}}],"collection":[{"href":"https:\/\/www.europesays.com\/fr\/wp-json\/wp\/v2\/posts"}],"about":[{"href":"https:\/\/www.europesays.com\/fr\/wp-json\/wp\/v2\/types\/post"}],"author":[{"embeddable":true,"href":"https:\/\/www.europesays.com\/fr\/wp-json\/wp\/v2\/users\/2"}],"replies":[{"embeddable":true,"href":"https:\/\/www.europesays.com\/fr\/wp-json\/wp\/v2\/comments?post=366829"}],"version-history":[{"count":0,"href":"https:\/\/www.europesays.com\/fr\/wp-json\/wp\/v2\/posts\/366829\/revisions"}],"wp:featuredmedia":[{"embeddable":true,"href":"https:\/\/www.europesays.com\/fr\/wp-json\/wp\/v2\/media\/366830"}],"wp:attachment":[{"href":"https:\/\/www.europesays.com\/fr\/wp-json\/wp\/v2\/media?parent=366829"}],"wp:term":[{"taxonomy":"category","embeddable":true,"href":"https:\/\/www.europesays.com\/fr\/wp-json\/wp\/v2\/categories?post=366829"},{"taxonomy":"post_tag","embeddable":true,"href":"https:\/\/www.europesays.com\/fr\/wp-json\/wp\/v2\/tags?post=366829"}],"curies":[{"name":"wp","href":"https:\/\/api.w.org\/{rel}","templated":true}]}}