{"id":366831,"date":"2025-09-04T23:25:11","date_gmt":"2025-09-04T23:25:11","guid":{"rendered":"https:\/\/www.europesays.com\/fr\/366831\/"},"modified":"2025-09-04T23:25:11","modified_gmt":"2025-09-04T23:25:11","slug":"previsions-du-vendredi-5-septembre-2025-3","status":"publish","type":"post","link":"https:\/\/www.europesays.com\/fr\/366831\/","title":{"rendered":"pr\u00e9visions du vendredi 5 septembre 2025"},"content":{"rendered":"<p>\u00c0 Lille les temp\u00e9ratures seront comprises entre 12 et 24\u00b0C durant la journ\u00e9e. Une petite brise de sud-ouest soufflera. Un magnifique soleil va briller et ce, tout au long de la matin\u00e9e. On anticipe des valeurs avoisinant 18\u00b0C. Le ciel va l\u00e9g\u00e8rement se d\u00e9gager dans l&rsquo;apr\u00e8s-midi avec des \u00e9claircies. L&rsquo;air ambiant va se r\u00e9chauffer avec une augmentation de plusieurs degr\u00e9s. Les temp\u00e9ratures iront de 21 \u00e0 24\u00b0C. On s&rsquo;attend \u00e0 une nuit claire entre vendredi et samedi.<\/p>\n<p>Demain, c&rsquo;est une hausse de quelques degr\u00e9s que vont conna\u00eetre les temp\u00e9ratures dans la ville de Lille. Il va faire 20\u00b0C en moyenne. Un vent de sud-est rafra\u00eechira l\u00e9g\u00e8rement l&rsquo;atmosph\u00e8re. Le matin, les Lillois vont pouvoir profiter d&rsquo;un soleil radieux. Le mercure affichera 19\u00b0C en moyenne. Le ciel sera assez lumineux, avec quelques \u00e9claircies demain apr\u00e8s-midi. Un temps plus chaud est pr\u00e9vu \u00e9tant donn\u00e9 que le mercure va enregistrer une augmentation. Les valeurs afficheront entre 24 et 25\u00b0C. Les temp\u00e9ratures tourneront autour des 20\u00b0C dans la soir\u00e9e.<\/p>\n<p>Peu de changements au fil des jours. Une m\u00e9t\u00e9o ensoleill\u00e9e, pour des temp\u00e9ratures de 27\u00b0C environ, est \u00e0 pr\u00e9voir.<\/p>\n<p><\/p>\n","protected":false},"excerpt":{"rendered":"\u00c0 Lille les temp\u00e9ratures seront comprises entre 12 et 24\u00b0C durant la journ\u00e9e. Une petite brise de sud-ouest&hellip;\n","protected":false},"author":2,"featured_media":366832,"comment_status":"","ping_status":"","sticky":false,"template":"","format":"standard","meta":{"footnotes":""},"categories":[2815],"tags":[1111,11,1777,674,1011,27,811,1307,12,1308,1309,2119,25],"class_list":{"0":"post-366831","1":"post","2":"type-post","3":"status-publish","4":"format-standard","5":"has-post-thumbnail","7":"category-lille","8":"tag-actu","9":"tag-actualites","10":"tag-eu","11":"tag-europe","12":"tag-fr","13":"tag-france","14":"tag-hauts-de-france","15":"tag-lille","16":"tag-news","17":"tag-nord","18":"tag-nord-pas-de-calais","19":"tag-previsions-meteo","20":"tag-republique-francaise"},"share_on_mastodon":{"url":"https:\/\/pubeurope.com\/@fr\/115148614731517864","error":""},"_links":{"self":[{"href":"https:\/\/www.europesays.com\/fr\/wp-json\/wp\/v2\/posts\/366831","targetHints":{"allow":["GET"]}}],"collection":[{"href":"https:\/\/www.europesays.com\/fr\/wp-json\/wp\/v2\/posts"}],"about":[{"href":"https:\/\/www.europesays.com\/fr\/wp-json\/wp\/v2\/types\/post"}],"author":[{"embeddable":true,"href":"https:\/\/www.europesays.com\/fr\/wp-json\/wp\/v2\/users\/2"}],"replies":[{"embeddable":true,"href":"https:\/\/www.europesays.com\/fr\/wp-json\/wp\/v2\/comments?post=366831"}],"version-history":[{"count":0,"href":"https:\/\/www.europesays.com\/fr\/wp-json\/wp\/v2\/posts\/366831\/revisions"}],"wp:featuredmedia":[{"embeddable":true,"href":"https:\/\/www.europesays.com\/fr\/wp-json\/wp\/v2\/media\/366832"}],"wp:attachment":[{"href":"https:\/\/www.europesays.com\/fr\/wp-json\/wp\/v2\/media?parent=366831"}],"wp:term":[{"taxonomy":"category","embeddable":true,"href":"https:\/\/www.europesays.com\/fr\/wp-json\/wp\/v2\/categories?post=366831"},{"taxonomy":"post_tag","embeddable":true,"href":"https:\/\/www.europesays.com\/fr\/wp-json\/wp\/v2\/tags?post=366831"}],"curies":[{"name":"wp","href":"https:\/\/api.w.org\/{rel}","templated":true}]}}