{"id":366834,"date":"2025-09-04T23:27:09","date_gmt":"2025-09-04T23:27:09","guid":{"rendered":"https:\/\/www.europesays.com\/fr\/366834\/"},"modified":"2025-09-04T23:27:09","modified_gmt":"2025-09-04T23:27:09","slug":"previsions-du-vendredi-5-septembre-2025-4","status":"publish","type":"post","link":"https:\/\/www.europesays.com\/fr\/366834\/","title":{"rendered":"pr\u00e9visions du vendredi 5 septembre 2025"},"content":{"rendered":"<p>Cette journ\u00e9e sera synonyme de grand soleil pour Marseille. Les temp\u00e9ratures seront comprises entre 19\u00b0C et 26\u00b0C. Un vent de nord-ouest, enregistrant 26 km\/h, soufflera. Les valeurs seront de 22\u00b0C au cours de la matin\u00e9e. L&rsquo;apr\u00e8s-midi, les temp\u00e9ratures s&rsquo;\u00e9chelonneront entre 25 et 26\u00b0C. Entre vendredi et samedi, la nuit sera claire.<\/p>\n<p>Demain, les Marseillais vont pouvoir profiter d&rsquo;un soleil radieux. Il va faire en moyenne 23\u00b0C. Un vent de sud-est rafra\u00eechira sensiblement l&rsquo;atmosph\u00e8re. Il fera 23\u00b0C en moyenne le matin. Les valeurs seront de 24\u00b0C au minimum et de 25\u00b0C au plus haut l&rsquo;apr\u00e8s-midi. Demain soir, on pr\u00e9voit des temp\u00e9ratures avoisinant 23\u00b0C.<\/p>\n<p>Le temps restera stable les prochains jours. Le temps sera ensoleill\u00e9 avec des temp\u00e9ratures d&rsquo;environ 26\u00b0C.<\/p>\n<p><\/p>\n","protected":false},"excerpt":{"rendered":"Cette journ\u00e9e sera synonyme de grand soleil pour Marseille. Les temp\u00e9ratures seront comprises entre 19\u00b0C et 26\u00b0C. Un&hellip;\n","protected":false},"author":2,"featured_media":366835,"comment_status":"","ping_status":"","sticky":false,"template":"","format":"standard","meta":{"footnotes":""},"categories":[2814],"tags":[1111,11,885,1777,674,1011,27,884,12,883,2119,882,25],"class_list":{"0":"post-366834","1":"post","2":"type-post","3":"status-publish","4":"format-standard","5":"has-post-thumbnail","7":"category-marseille","8":"tag-actu","9":"tag-actualites","10":"tag-bouches-du-rhone","11":"tag-eu","12":"tag-europe","13":"tag-fr","14":"tag-france","15":"tag-marseille","16":"tag-news","17":"tag-paca","18":"tag-previsions-meteo","19":"tag-provence-alpes-cote-dazur","20":"tag-republique-francaise"},"share_on_mastodon":{"url":"https:\/\/pubeurope.com\/@fr\/115148622614054846","error":""},"_links":{"self":[{"href":"https:\/\/www.europesays.com\/fr\/wp-json\/wp\/v2\/posts\/366834","targetHints":{"allow":["GET"]}}],"collection":[{"href":"https:\/\/www.europesays.com\/fr\/wp-json\/wp\/v2\/posts"}],"about":[{"href":"https:\/\/www.europesays.com\/fr\/wp-json\/wp\/v2\/types\/post"}],"author":[{"embeddable":true,"href":"https:\/\/www.europesays.com\/fr\/wp-json\/wp\/v2\/users\/2"}],"replies":[{"embeddable":true,"href":"https:\/\/www.europesays.com\/fr\/wp-json\/wp\/v2\/comments?post=366834"}],"version-history":[{"count":0,"href":"https:\/\/www.europesays.com\/fr\/wp-json\/wp\/v2\/posts\/366834\/revisions"}],"wp:featuredmedia":[{"embeddable":true,"href":"https:\/\/www.europesays.com\/fr\/wp-json\/wp\/v2\/media\/366835"}],"wp:attachment":[{"href":"https:\/\/www.europesays.com\/fr\/wp-json\/wp\/v2\/media?parent=366834"}],"wp:term":[{"taxonomy":"category","embeddable":true,"href":"https:\/\/www.europesays.com\/fr\/wp-json\/wp\/v2\/categories?post=366834"},{"taxonomy":"post_tag","embeddable":true,"href":"https:\/\/www.europesays.com\/fr\/wp-json\/wp\/v2\/tags?post=366834"}],"curies":[{"name":"wp","href":"https:\/\/api.w.org\/{rel}","templated":true}]}}