{"id":366840,"date":"2025-09-04T23:30:11","date_gmt":"2025-09-04T23:30:11","guid":{"rendered":"https:\/\/www.europesays.com\/fr\/366840\/"},"modified":"2025-09-04T23:30:11","modified_gmt":"2025-09-04T23:30:11","slug":"aulas-va-se-presenter-a-la-municipalite-de-lyon","status":"publish","type":"post","link":"https:\/\/www.europesays.com\/fr\/366840\/","title":{"rendered":"Aulas va se pr\u00e9senter \u00e0 la municipalit\u00e9 de Lyon"},"content":{"rendered":"<p>Aulas va se pr\u00e9senter \u00e0 la municipalit\u00e9 de Lyon &#8211; 04\/09Sur le m\u00eame sujet<a href=\"https:\/\/www.bfmtv.com\/replay-emissions\/bfm-grand-soir\/video-aulas-va-se-presenter-a-la-municipalite-de-lyon-04-09_VN-202509040972.html\" title=\"Aulas va se pr\u00e9senter \u00e0 la municipalit\u00e9 de Lyon - 04\/09\" rel=\"nofollow noopener\" target=\"_blank\"><img width=\"16\" height=\"9\" class=\"lozad\"  alt=\"Aulas va se pr\u00e9senter \u00e0 la municipalit\u00e9 de Lyon - 04\/09\"\/>en lectureAulas va se pr\u00e9senter \u00e0 la municipalit\u00e9 de Lyon &#8211; 04\/09<\/a><a href=\"https:\/\/www.bfmtv.com\/replay-emissions\/bfm-grand-soir\/video-vin-lidl-vend-une-bouteille-1-89-colere-du-secteur-04-09_VN-202509040969.html\" title=\"Vin : Lidl vend une bouteille 1,89 \u20ac, col\u00e8re du secteur - 04\/09\" rel=\"nofollow noopener\" target=\"_blank\"><img width=\"16\" height=\"9\" class=\"lozad\"  alt=\"Vin : Lidl vend une bouteille 1,89 \u20ac, col\u00e8re du secteur - 04\/09\"\/>4:41Vin : Lidl vend une bouteille 1,89 \u20ac, col\u00e8re du secteur &#8211; 04\/09<\/a><a href=\"https:\/\/rmcsport.bfmtv.com\/football\/coupe-du-monde\/video-slovaquie-2-0-allemagne-un-monument-qui-tombe-debrief-d-une-honte-historique-cote-mannschaft_VN-202509040965.html\" title=\"Slovaquie 2-0 Allemagne : &quot;Un monument qui tombe&quot;, debrief d&#039;une &quot;honte&quot; historique c\u00f4t\u00e9 Mannschaft\" rel=\"nofollow noopener\" target=\"_blank\"><img width=\"16\" height=\"9\" class=\"lozad\"  alt=\"Slovaquie 2-0 Allemagne : &quot;Un monument qui tombe&quot;, debrief d'une &quot;honte&quot; historique c\u00f4t\u00e9 Mannschaft\"\/>12:21Slovaquie 2-0 Allemagne : \u00ab\u00a0Un monument qui tombe\u00a0\u00bb, debrief d&rsquo;une \u00ab\u00a0honte\u00a0\u00bb historique c\u00f4t\u00e9 Mannschaft<\/a><a href=\"https:\/\/www.bfmtv.com\/replay-emissions\/bfm-grand-soir\/video-alexandre-jardin-veut-representer-les-gueux-04-09_VN-202509040964.html\" title=\"Alexandre Jardin veut repr\u00e9senter \u201cLes Gueux\u201d - 04\/09\" rel=\"nofollow noopener\" target=\"_blank\"><img width=\"16\" height=\"9\" class=\"lozad\"  alt=\"Alexandre Jardin veut repr\u00e9senter \u201cLes Gueux\u201d - 04\/09\"\/>21:28Alexandre Jardin veut repr\u00e9senter \u201cLes Gueux\u201d &#8211; 04\/09<\/a><a href=\"https:\/\/rmcsport.bfmtv.com\/football\/ligue-1\/video-mc-court-oughourlian-la-contre-attaque-s-organise-pour-renverser-le-duo-labrune-nasser_VN-202509040960.html\" title=\"McCourt, Oughourlian... La contre-attaque s&#039;organise pour renverser le duo Labrune-Nasser \" rel=\"nofollow noopener\" target=\"_blank\"><img width=\"16\" height=\"9\" class=\"lozad\"  alt=\"McCourt, Oughourlian... La contre-attaque s'organise pour renverser le duo Labrune-Nasser \"\/>12:02McCourt, Oughourlian&#8230; La contre-attaque s&rsquo;organise pour renverser le duo Labrune-Nasser<\/a><a href=\"https:\/\/www.bfmtv.com\/replay-emissions\/bfm-grand-soir\/video-retailleau-wauquiez-la-guerre-continue-04-09_VN-202509040958.html\" title=\"Retailleau - Wauquiez, la guerre continue - 04\/09\" rel=\"nofollow noopener\" target=\"_blank\"><img width=\"16\" height=\"9\" class=\"lozad\"  alt=\"Retailleau - Wauquiez, la guerre continue - 04\/09\"\/>37:59Retailleau &#8211; Wauquiez, la guerre continue &#8211; 04\/09<\/a><a href=\"https:\/\/www.bfmtv.com\/politique\/video-budget-2026-les-francais-doivent-etre-ecoutes-et-entendus-explique-rokhaya-diallo-auteure_VN-202509040950.html\" title=\"Budget 2026: &quot;Les Fran\u00e7ais doivent \u00eatre \u00e9cout\u00e9s et entendus&quot;, explique Rokhaya Diallo, auteure\" rel=\"nofollow noopener\" target=\"_blank\"><img width=\"16\" height=\"9\" class=\"lozad\"  alt=\"Budget 2026: &quot;Les Fran\u00e7ais doivent \u00eatre \u00e9cout\u00e9s et entendus&quot;, explique Rokhaya Diallo, auteure\"\/>1:08Budget 2026: \u00ab\u00a0Les Fran\u00e7ais doivent \u00eatre \u00e9cout\u00e9s et entendus\u00a0\u00bb, explique Rokhaya Diallo, auteure<\/a><a href=\"https:\/\/www.bfmtv.com\/international\/asie\/chine\/video-atteindre-l-immortalite-vladimir-poutine-repond-sur-son-echange-avec-xi-jinping_VN-202509040948.html\" title=\"&quot;Atteindre l&#039;immortalit\u00e9&quot;: Vladimir Poutine r\u00e9pond sur son \u00e9change avec Xi Jinping\" rel=\"nofollow noopener\" target=\"_blank\"><img width=\"16\" height=\"9\" class=\"lozad\"  alt=\"&quot;Atteindre l'immortalit\u00e9&quot;: Vladimir Poutine r\u00e9pond sur son \u00e9change avec Xi Jinping\"\/>1:17&Prime;Atteindre l&rsquo;immortalit\u00e9\u00a0\u00bb: Vladimir Poutine r\u00e9pond sur son \u00e9change avec Xi Jinping<\/a><a href=\"https:\/\/www.bfmtv.com\/politique\/parti-socialiste\/video-vote-de-confiance-pour-daniel-cohn-bendit-ce-vote-ne-veut-rien-dire-il-faut-que-les-uns-et-les-autres-trouvent-un-compromis_VN-202509040946.html\" title=\"Vote de confiance: pour Daniel Cohn-Bendit, ce vote &quot;ne veut rien dire [...] il faut que les uns et les autres trouvent un compromis&quot;\" rel=\"nofollow noopener\" target=\"_blank\"><img width=\"16\" height=\"9\" class=\"lozad\"  alt=\"Vote de confiance: pour Daniel Cohn-Bendit, ce vote &quot;ne veut rien dire [...] il faut que les uns et les autres trouvent un compromis&quot;\"\/>1:55Vote de confiance: pour Daniel Cohn-Bendit, ce vote \u00ab\u00a0ne veut rien dire [&#8230;] il faut que les uns et les autres trouvent un compromis\u00a0\u00bb<\/a><a href=\"https:\/\/www.bfmtv.com\/marseille\/replay-emissions\/virage-marseille\/video-virage-marseille-du-jeudi-4-septembre-balerdi-le-capitaine-sur-le-banc_VN-202509040945.html\" title=\"Virage Marseille du jeudi 4 septembre - Balerdi : le capitaine sur le banc ?\" rel=\"nofollow noopener\" target=\"_blank\"><img width=\"16\" height=\"9\" class=\"lozad\"  alt=\"Virage Marseille du jeudi 4 septembre - Balerdi : le capitaine sur le banc ?\"\/>23:14Virage Marseille du jeudi 4 septembre &#8211; Balerdi : le capitaine sur le banc ?<\/a><a href=\"https:\/\/www.bfmtv.com\/replay-emissions\/bfm-grand-soir\/video-troupes-au-sol-l-europe-prete-a-defier-poutine-04-09_VN-202509040944.html\" title=\"Troupes au sol : l&#039;Europe pr\u00eate \u00e0 d\u00e9fier Poutine ? - 04\/09\" rel=\"nofollow noopener\" target=\"_blank\"><img width=\"16\" height=\"9\" class=\"lozad\"  alt=\"Troupes au sol : l'Europe pr\u00eate \u00e0 d\u00e9fier Poutine ? - 04\/09\"\/>29:20Troupes au sol : l&rsquo;Europe pr\u00eate \u00e0 d\u00e9fier Poutine ? &#8211; 04\/09<\/a><a href=\"https:\/\/www.bfmtv.com\/international\/europe\/ukraine\/video-conflit-russo-ukrainien-aujourd-hui-comme-depuis-le-24-fevrier-2022-la-russie-choisit-la-guerre-assure-le-representant-de-la-france-a-l-onu_VN-202509040940.html\" title=\"Conflit russo-ukrainien: &quot;Aujourd&#039;hui, comme depuis le 24 f\u00e9vrier 2022, la Russie choisit la guerre&quot;, assure le repr\u00e9sentant de la France \u00e0 l&#039;ONU\" rel=\"nofollow noopener\" target=\"_blank\"><img width=\"16\" height=\"9\" class=\"lozad\"  alt=\"Conflit russo-ukrainien: &quot;Aujourd'hui, comme depuis le 24 f\u00e9vrier 2022, la Russie choisit la guerre&quot;, assure le repr\u00e9sentant de la France \u00e0 l'ONU\"\/>1:42Conflit russo-ukrainien: \u00ab\u00a0Aujourd&rsquo;hui, comme depuis le 24 f\u00e9vrier 2022, la Russie choisit la guerre\u00a0\u00bb, assure le repr\u00e9sentant de la France \u00e0 l&rsquo;ONU<\/a><a href=\"https:\/\/www.bfmtv.com\/politique\/gouvernement\/video-crise-politique-nous-ne-soutiendrons-pas-un-gouvernement-dirige-par-un-representant-du-ps-indique-patrick-stefanini-representant-special-du-ministre-de-l-interieur_VN-202509040936.html\" title=\"Crise politique: &quot;Nous ne soutiendrons pas un gouvernement dirig\u00e9 par un repr\u00e9sentant du PS&quot;, indique Patrick Stefanini, repr\u00e9sentant sp\u00e9cial du ministre de l&#039;Int\u00e9rieur\" rel=\"nofollow noopener\" target=\"_blank\"><img width=\"16\" height=\"9\" class=\"lozad\"  alt=\"Crise politique: &quot;Nous ne soutiendrons pas un gouvernement dirig\u00e9 par un repr\u00e9sentant du PS&quot;, indique Patrick Stefanini, repr\u00e9sentant sp\u00e9cial du ministre de l'Int\u00e9rieur\"\/>2:18Crise politique: \u00ab\u00a0Nous ne soutiendrons pas un gouvernement dirig\u00e9 par un repr\u00e9sentant du PS\u00a0\u00bb, indique Patrick Stefanini, repr\u00e9sentant sp\u00e9cial du ministre de l&rsquo;Int\u00e9rieur<\/a><a href=\"https:\/\/rmcsport.bfmtv.com\/football\/equipe-de-france\/video-pourtant-les-joueurs-sont-sympathiques-comment-expliquer-la-baisse-de-popularite-des-bleus_VN-202509040937.html\" title=\"&quot;Pourtant les joueurs sont sympathiques&quot;... Comment expliquer la baisse de popularit\u00e9 des Bleus ?\" rel=\"nofollow noopener\" target=\"_blank\"><img width=\"16\" height=\"9\" class=\"lozad\"  alt=\"&quot;Pourtant les joueurs sont sympathiques&quot;... Comment expliquer la baisse de popularit\u00e9 des Bleus ?\"\/>14:15&Prime;Pourtant les joueurs sont sympathiques\u00a0\u00bb&#8230; Comment expliquer la baisse de popularit\u00e9 des Bleus ?<\/a><a class=\"jumpToVideo\" target=\"_blank\"><img class=\"thumbnailPreview\"\/><\/a><\/p>\n","protected":false},"excerpt":{"rendered":"Aulas va se pr\u00e9senter \u00e0 la municipalit\u00e9 de Lyon &#8211; 04\/09Sur le m\u00eame sujeten lectureAulas va se pr\u00e9senter&hellip;\n","protected":false},"author":2,"featured_media":366841,"comment_status":"","ping_status":"","sticky":false,"template":"","format":"standard","meta":{"footnotes":""},"categories":[1889],"tags":[1111,11,2430,1777,674,1011,27,2428,12,25],"class_list":{"0":"post-366840","1":"post","2":"type-post","3":"status-publish","4":"format-standard","5":"has-post-thumbnail","7":"category-lyon","8":"tag-actu","9":"tag-actualites","10":"tag-auvergne-rhone-alpes","11":"tag-eu","12":"tag-europe","13":"tag-fr","14":"tag-france","15":"tag-lyon","16":"tag-news","17":"tag-republique-francaise"},"share_on_mastodon":{"url":"https:\/\/pubeurope.com\/@fr\/115148634401001436","error":""},"_links":{"self":[{"href":"https:\/\/www.europesays.com\/fr\/wp-json\/wp\/v2\/posts\/366840","targetHints":{"allow":["GET"]}}],"collection":[{"href":"https:\/\/www.europesays.com\/fr\/wp-json\/wp\/v2\/posts"}],"about":[{"href":"https:\/\/www.europesays.com\/fr\/wp-json\/wp\/v2\/types\/post"}],"author":[{"embeddable":true,"href":"https:\/\/www.europesays.com\/fr\/wp-json\/wp\/v2\/users\/2"}],"replies":[{"embeddable":true,"href":"https:\/\/www.europesays.com\/fr\/wp-json\/wp\/v2\/comments?post=366840"}],"version-history":[{"count":0,"href":"https:\/\/www.europesays.com\/fr\/wp-json\/wp\/v2\/posts\/366840\/revisions"}],"wp:featuredmedia":[{"embeddable":true,"href":"https:\/\/www.europesays.com\/fr\/wp-json\/wp\/v2\/media\/366841"}],"wp:attachment":[{"href":"https:\/\/www.europesays.com\/fr\/wp-json\/wp\/v2\/media?parent=366840"}],"wp:term":[{"taxonomy":"category","embeddable":true,"href":"https:\/\/www.europesays.com\/fr\/wp-json\/wp\/v2\/categories?post=366840"},{"taxonomy":"post_tag","embeddable":true,"href":"https:\/\/www.europesays.com\/fr\/wp-json\/wp\/v2\/tags?post=366840"}],"curies":[{"name":"wp","href":"https:\/\/api.w.org\/{rel}","templated":true}]}}