{"id":366842,"date":"2025-09-04T23:32:09","date_gmt":"2025-09-04T23:32:09","guid":{"rendered":"https:\/\/www.europesays.com\/fr\/366842\/"},"modified":"2025-09-04T23:32:09","modified_gmt":"2025-09-04T23:32:09","slug":"dans-le-mantois-la-restructuration-dune-ligne-de-bus-seme-la-pagaille-et-la-colere","status":"publish","type":"post","link":"https:\/\/www.europesays.com\/fr\/366842\/","title":{"rendered":"dans le Mantois, la restructuration d\u2019une ligne de bus s\u00e8me la pagaille et la col\u00e8re"},"content":{"rendered":"<p>            Par<br \/>\n        <strong><br \/>\n            <a href=\"https:\/\/actu.fr\/auteur\/redaction-78actu\" title=\"Consulter tous les articles de redaction.78actu\" rel=\"nofollow noopener\" target=\"_blank\">redaction.78actu<\/a><br \/>\n        <\/strong><\/p>\n<p>        Publi\u00e9 le<\/p>\n<p>            4 sept. 2025 \u00e0 20h20        <\/p>\n<p>\u00cele-de-France Mobilit\u00e9s a modifi\u00e9 r\u00e9cemment dans le Mantois (Yvelines) son r\u00e9seau de bus (nouvelle num\u00e9rotation notamment \u2013 N.D.L.R.). Si l\u2019op\u00e9rateur se f\u00e9licite de cette <b>restructuration<\/b>, en vigueur depuis fin ao\u00fbt\u00a02025, des usagers et des \u00e9lus, de plus en plus nombreux et sur plusieurs communes du bassin de <a href=\"https:\/\/actu.fr\/ile-de-france\/mantes-la-jolie_78361\" rel=\"nofollow noopener\" target=\"_blank\">Mantes-la-Jolie<\/a>, ne cachent pas leur col\u00e8re.<br \/>Dans leur ligne de mire, la ligne jusque-l\u00e0 appel\u00e9e <b>K<\/b>. Tr\u00e8s fr\u00e9quent\u00e9e, elle dessert Jouy-Mauvoisin, <a href=\"https:\/\/actu.fr\/ile-de-france\/buchelay_78118\" rel=\"nofollow noopener\" target=\"_blank\">Buchelay<\/a>, <a href=\"https:\/\/actu.fr\/ile-de-france\/magnanville_78354\" rel=\"nofollow noopener\" target=\"_blank\">Magnanville<\/a>, Mantes-la-Ville, Mantes-la-Jolie et <a href=\"https:\/\/actu.fr\/ile-de-france\/limay_78335\" rel=\"nofollow noopener\" target=\"_blank\">Limay<\/a>. Son indicatif est d\u00e9sormais le 54.<\/p>\n<p>Le nouveau trac\u00e9 bouleverse les habitudes<\/p>\n<p class=\" wall-content\">Probl\u00e8me\u2009: elle est dor\u00e9navant <b>scind\u00e9e en deux<\/b>, avec les bus 5463 et 5406. Cette ligne \u00e9tait jusque-l\u00e0 aussi tr\u00e8s utilis\u00e9e par les jeunes Buchelois, en renfort du syst\u00e8me de ramassage scolaire, pour rejoindre le coll\u00e8ge (George-Sand) et le lyc\u00e9e (L\u00e9opold-S\u00e9dar-Senghor) de secteur aux heures creuses.<\/p>\n<p class=\" wall-content\">La veille de la <b>rentr\u00e9e scolaire<\/b>, ces usagers et leurs parents ont d\u00e9couvert que le nouveau trac\u00e9 de l\u2019ancienne ligne K ne leur permettra plus d\u2019effectuer le trajet dans les deux sens, et de tout au long de la journ\u00e9e. Stupeur\u2009!<\/p>\n<p>\u00ab\u2009On se bat pour toutes les familles\u2009\u00bb<\/p>\n<p class=\" wall-content\">D\u00e9sormais, les jeunes Buchelois qui commenceront leur journ\u00e9e de classe apr\u00e8s 9\u2009h\u200930 ou qui la finiront avant 16\u2009h\u200930 devront faire deux changements avant de rallier leur \u00e9tablissement ou leur domicile. Autre point de <b>crispation<\/b>\u2009: les coll\u00e9giens seront d\u00e9sormais arr\u00eat\u00e9s et r\u00e9cup\u00e9r\u00e9s non pas devant leur \u00e9tablissement, mais \u00e0 presque 500\u00a0m\u00e8tres, \u00e0 l\u2019arr\u00eat Cytises, \u00e0 Magnanville.<\/p>\n<blockquote class=\"ac-article-quote wall-content\">\n<p>\u00ab\u2009Des familles dont les fratries ne mangeaient pas \u00e0 la cantine pour des raisons financi\u00e8res et qui avaient le temps de rentrer \u00e0 la maison pour d\u00e9jeuner ne le pourront plus. C\u2019est scandaleux. On se bat pour toutes les familles du bassin du Mantois qui sont impact\u00e9es.\u2009\u00bb<\/p>\n<p>William Hognon, pr\u00e9sident de la FCPE Magnanville<\/p><\/blockquote>\n<p class=\" wall-content\">\u00ab\u2009En l\u2019\u00e9tat actuel, <b>la situation n\u2019est pas tenable<\/b>\u2009\u00bb, insiste-t-il. Et pour cause. Les changements ont cr\u00e9\u00e9 une \u00e9norme pagaille dans le quotidien de nombreuses familles depuis la rentr\u00e9e et d\u00e9j\u00e0 des retards en classe pour les coll\u00e9giens concern\u00e9s.<\/p>\n<p>Votre r\u00e9gion, votre actu !<\/p>\n<p>Recevez chaque jour les infos qui comptent pour vous.<\/p>\n<p>\t<a href=\"https:\/\/actu.fr\/newsletter\" class=\"ac-btn ac-btn--corner ac-btn--medium ac-btn--blue800\" rel=\"nofollow noopener\" target=\"_blank\">S&rsquo;incrire<\/a><br \/>\n\u00ab\u2009Cette situation ne peut pas durer\u2009\u00bb<\/p>\n<p class=\" wall-content\">Interrog\u00e9e, <b>une m\u00e8re de famille bucheloise s\u2019indigne<\/b>\u2009: \u00ab\u2009Mon fils a fait sa rentr\u00e9e en 6e. On a eu l\u2019information la veille en regardant l\u2019affichage sur les arr\u00eats de bus. Le bus arrive des Meuniers. Au Village (quartier de Buchelay), il est d\u00e9j\u00e0 plein. En heure creuse, ils vont devoir marcher sur plusieurs m\u00e8tres, traverser un axe dangereux, l\u2019avenue de l\u2019Europe, pour rallier leur coll\u00e8ge.\u2009\u00bb<\/p>\n<p class=\" wall-content\">\u00ab\u2009Ce jeudi matin [lire 4\u00a0septembre 2025], en arrivant, le bus \u00e9tait plein, il ne s\u2019est m\u00eame pas arr\u00eat\u00e9\u2009!, reprend-elle. Des m\u00e8res de famille ont rapidement organis\u00e9 entre elles un <b>syst\u00e8me de covoiturage <\/b>pour d\u00e9poser les enfants rest\u00e9s sur le carreau.\u2009\u00bb<\/p>\n<blockquote class=\"ac-article-quote wall-content\">\n<p>\u00ab\u2009Cette situation ne peut pas durer. On paye tout de m\u00eame un abonnement de 390\u00a0\u20ac par enfant pour le ramassage scolaire, c\u2019est honteux. Le coll\u00e8ge, c\u2019est d\u00e9j\u00e0 beaucoup de changements et l\u00e0 on vient leur ajouter du stress suppl\u00e9mentaire.\u2009\u00bb<\/p>\n<p>Une m\u00e8re de famille de Buchelay<\/p><\/blockquote>\n<p>\u00ab\u2009Cette r\u00e9organisation a \u00e9t\u00e9 demand\u00e9e par les communes\u2009\u00bb soutient IDFM<\/p>\n<p class=\" wall-content\">Les<b> griefs<\/b> ne s\u2019arr\u00eatent pas l\u00e0. L\u2019absence de parcours pi\u00e9ton s\u00e9curis\u00e9 et une circulation dense aux abords de ces nouveaux circuits sont aussi point\u00e9es du doigt.<\/p>\n<p class=\" wall-content\">Contact\u00e9 par notre r\u00e9daction, \u00cele-de-France Mobilit\u00e9s (IDFM) affirme que \u00ab\u2009des <b>supports de communication<\/b> ont \u00e9t\u00e9 relay\u00e9s par la communaut\u00e9 d\u2019agglom\u00e9ration (communaut\u00e9 urbaine Grand Paris Seine &amp; Oise \u2013 N.D.L.R.) aupr\u00e8s des communes concern\u00e9es\u2009\u00bb.<\/p>\n<blockquote class=\"ac-article-quote wall-content\">\n<p>\u00ab\u2009Cette r\u00e9organisation a \u00e9t\u00e9 demand\u00e9e par les communes qui souhaitaient plus de liaisons directes et r\u00e9guli\u00e8res avec les zones d\u2019activit\u00e9s de leur territoire. En heures creuses, l\u2019\u00e9tude des voyages effectu\u00e9s au cours de l\u2019ann\u00e9e derni\u00e8re ne justifiait pas le maintien d\u2019une desserte directe.\u2009\u00bb<\/p>\n<p>\u00cele-de-France Mobilit\u00e9s<\/p><\/blockquote>\n<p class=\" wall-content\">Michel Lebouc, le <b>maire de Magnanville<\/b>, d\u00e9ment. Il annonce \u00ab\u2009qu\u2019il va interpeller \u00cele-de-France Mobilit\u00e9s et qu\u2019il n\u2019a jamais donn\u00e9 son accord pour un tel changement\u2009\u00bb.<\/p>\n<p>\u00ab\u2009Je m\u2019y suis tout de suite oppos\u00e9 avec force\u2009\u00bb<\/p>\n<p class=\" wall-content\">\u00c0 Buchelay, le maire <b>St\u00e9phane Tremblay<\/b>, est constern\u00e9 par la situation. Mais il reste combatif. \u00c0 l\u2019argument d\u2019IDFM, qui avance que les communes concern\u00e9es \u00e9taient inform\u00e9es, il s\u2019inscrit en faux\u2009: \u00ab\u2009En avril\u00a02025, \u00cele-de-France Mobilit\u00e9s est venue nous pr\u00e9senter son projet de restructuration et je m\u2019y suis tout de suite oppos\u00e9 avec force.\u2009\u00bb<\/p>\n<blockquote class=\"ac-article-quote wall-content\">\n<p>\u00ab\u2009J\u2019ai vu que c\u2019\u00e9tait une aberration, je leur ai dit qu\u2019il \u00e9tait impossible d\u2019obliger les enfants \u00e0 faire deux ou trois changements pour aller au coll\u00e8ge. On m\u2019a alors dit\u2009: on revient vers vous avec une solution.\u2009\u00bb<\/p>\n<p>St\u00e9phane Tremblay, maire de Buchelay<\/p><\/blockquote>\n<p>Soi-disant pour booster le trafic de la zone commerciale<\/p>\n<p class=\" wall-content\">Quand IDFM soutient que cette r\u00e9organisation a \u00e9t\u00e9 demand\u00e9e par la commune pour booster la zone d\u2019activit\u00e9s, St\u00e9phane Tremblay s\u2019indigne. \u00ab\u2009On a soutenu une demande autour de la zone \u00e9conomique parce qu\u2019elle travaille le <b>dimanche<\/b> avec en face un service de bus qui \u00e9tait pauvre. On a aussi ici un EHPAD, avec des horaires d\u00e9cal\u00e9s.\u2009\u00bb<\/p>\n<blockquote class=\"ac-article-quote wall-content\">\n<p>\u00ab\u2009L\u2019offre de bus n\u2019\u00e9tait donc pas en ad\u00e9quation avec le tissu \u00e9conomique environnant. Donc oui, on a demand\u00e9 des pistes, mais jamais au d\u00e9triment d\u2019autres secteurs. On n\u2019a bien \u00e9videmment pas demand\u00e9 \u00e0 supprimer des lignes pour les enfants pour mieux booster le trafic de la zone commerciale.\u2009\u00bb<\/p>\n<p>St\u00e9phane Tremblay, maire de Buchelay<\/p><\/blockquote>\n<p>\u00ab\u2009Je ne l\u00e2cherai pas, je vais me battre\u2009\u00bb<\/p>\n<p class=\" wall-content\">Remont\u00e9, l\u2019\u00e9dile buchelois compte bien se faire entendre. Sa municipalit\u00e9 a d\u2019ailleurs ouvert une <b>p\u00e9tition <\/b>en mairie pour permettre aux habitants d\u2019exprimer leur m\u00e9contentement.<\/p>\n<p class=\" wall-content\">\u00ab\u2009J\u2019ai convoqu\u00e9 avant la fin de la semaine \u00cele-de-France Mobilit\u00e9s et la RATP, en lien avec GPS&amp;O, annonce St\u00e9phane Tremblay. Nous avons l\u2019appui d\u2019Eddie A\u00eft (vice-pr\u00e9sident d\u00e9l\u00e9gu\u00e9 aux Mobilit\u00e9s de la communaut\u00e9 urbaine \u2013 N.DL.R.). Ils doivent nous trouver une solution\u2009! Je ne l\u00e2cherai pas, <b>je vais me battre<\/b>. Si je dois prendre mon t\u00e9l\u00e9phone et appeler Val\u00e9rie P\u00e9cresse, je le ferai.\u2009\u00bb<\/p>\n<p class=\"ac-article-content__question wall-content\">Sabah Mouhoub-Boula\u00efd<\/p>\n<p class=\" wall-content\">Personnalisez votre actualit\u00e9 en ajoutant vos villes et m\u00e9dias en favori avec <a href=\"https:\/\/moncompte.actu.fr\" title=\"D\u00e9couvez Mon Actu\" rel=\"nofollow noopener\" data-trk=\"{&quot;cta&quot;:{&quot;action&quot;:&quot;https:\\\/\\\/moncompte.actu.fr&quot;,&quot;category&quot;:&quot;mon compte&quot;,&quot;from&quot;:&quot;article footer&quot;,&quot;name&quot;:&quot;Mon actu&quot;,&quot;type&quot;:&quot;cta&quot;}}\" target=\"_blank\">Mon Actu<\/a>.<\/p>\n","protected":false},"excerpt":{"rendered":"Par redaction.78actu Publi\u00e9 le 4 sept. 2025 \u00e0 20h20 \u00cele-de-France Mobilit\u00e9s a modifi\u00e9 r\u00e9cemment dans le Mantois (Yvelines)&hellip;\n","protected":false},"author":2,"featured_media":366843,"comment_status":"","ping_status":"","sticky":false,"template":"","format":"standard","meta":{"footnotes":""},"categories":[1592],"tags":[1111,11,1777,674,1011,27,662,10883,12,626,25,104,2803],"class_list":{"0":"post-366842","1":"post","2":"type-post","3":"status-publish","4":"format-standard","5":"has-post-thumbnail","7":"category-ile-de-france","8":"tag-actu","9":"tag-actualites","10":"tag-eu","11":"tag-europe","12":"tag-fr","13":"tag-france","14":"tag-ile-de-france","15":"tag-ile-de-france-mobilites","16":"tag-news","17":"tag-paris","18":"tag-republique-francaise","19":"tag-societe","20":"tag-transport"},"share_on_mastodon":{"url":"https:\/\/pubeurope.com\/@fr\/115148642292863267","error":""},"_links":{"self":[{"href":"https:\/\/www.europesays.com\/fr\/wp-json\/wp\/v2\/posts\/366842","targetHints":{"allow":["GET"]}}],"collection":[{"href":"https:\/\/www.europesays.com\/fr\/wp-json\/wp\/v2\/posts"}],"about":[{"href":"https:\/\/www.europesays.com\/fr\/wp-json\/wp\/v2\/types\/post"}],"author":[{"embeddable":true,"href":"https:\/\/www.europesays.com\/fr\/wp-json\/wp\/v2\/users\/2"}],"replies":[{"embeddable":true,"href":"https:\/\/www.europesays.com\/fr\/wp-json\/wp\/v2\/comments?post=366842"}],"version-history":[{"count":0,"href":"https:\/\/www.europesays.com\/fr\/wp-json\/wp\/v2\/posts\/366842\/revisions"}],"wp:featuredmedia":[{"embeddable":true,"href":"https:\/\/www.europesays.com\/fr\/wp-json\/wp\/v2\/media\/366843"}],"wp:attachment":[{"href":"https:\/\/www.europesays.com\/fr\/wp-json\/wp\/v2\/media?parent=366842"}],"wp:term":[{"taxonomy":"category","embeddable":true,"href":"https:\/\/www.europesays.com\/fr\/wp-json\/wp\/v2\/categories?post=366842"},{"taxonomy":"post_tag","embeddable":true,"href":"https:\/\/www.europesays.com\/fr\/wp-json\/wp\/v2\/tags?post=366842"}],"curies":[{"name":"wp","href":"https:\/\/api.w.org\/{rel}","templated":true}]}}