{"id":366844,"date":"2025-09-04T23:33:11","date_gmt":"2025-09-04T23:33:11","guid":{"rendered":"https:\/\/www.europesays.com\/fr\/366844\/"},"modified":"2025-09-04T23:33:11","modified_gmt":"2025-09-04T23:33:11","slug":"la-fabrique-de-la-diplomatie-5-6-septembre-2025","status":"publish","type":"post","link":"https:\/\/www.europesays.com\/fr\/366844\/","title":{"rendered":"La Fabrique de la diplomatie (5-6 septembre 2025)"},"content":{"rendered":"<p>La Fabrique de la diplomatie, \u00e9v\u00e9nement phare de la rentr\u00e9e diplomatique du minist\u00e8re de l\u2019Europe et des Affaires \u00e9trang\u00e8res (MEAE), se tiendra les 5 et 6 septembre 2025 dans les locaux de la Sorbonne Nouvelle &#8211; campus Nation, \u00e0 Paris. Ce rendez-vous ouvert \u00e0 tous rassemblera l\u2019ensemble des parties prenantes de l\u2019action internationale de la France dans le but de valoriser les missions et les m\u00e9tiers du minist\u00e8re de l\u2019Europe et des Affaires \u00e9trang\u00e8res (MEAE).<\/p>\n","protected":false},"excerpt":{"rendered":"La Fabrique de la diplomatie, \u00e9v\u00e9nement phare de la rentr\u00e9e diplomatique du minist\u00e8re de l\u2019Europe et des Affaires&hellip;\n","protected":false},"author":2,"featured_media":26610,"comment_status":"","ping_status":"","sticky":false,"template":"","format":"standard","meta":{"footnotes":""},"categories":[1888],"tags":[1111,1928,11,1927,9435,9436,312,1777,674,1011,27,12,1926,626,1925,9437,25],"class_list":{"0":"post-366844","1":"post","2":"type-post","3":"status-publish","4":"format-standard","5":"has-post-thumbnail","7":"category-paris","8":"tag-actu","9":"tag-actu-paris","10":"tag-actualites","11":"tag-actualites-paris","12":"tag-diplomate","13":"tag-diplomates","14":"tag-diplomatie","15":"tag-eu","16":"tag-europe","17":"tag-fr","18":"tag-france","19":"tag-news","20":"tag-news-paris","21":"tag-paris","22":"tag-paris-news","23":"tag-quai-d","24":"tag-republique-francaise"},"share_on_mastodon":{"url":"https:\/\/pubeurope.com\/@fr\/115148646266296249","error":""},"_links":{"self":[{"href":"https:\/\/www.europesays.com\/fr\/wp-json\/wp\/v2\/posts\/366844","targetHints":{"allow":["GET"]}}],"collection":[{"href":"https:\/\/www.europesays.com\/fr\/wp-json\/wp\/v2\/posts"}],"about":[{"href":"https:\/\/www.europesays.com\/fr\/wp-json\/wp\/v2\/types\/post"}],"author":[{"embeddable":true,"href":"https:\/\/www.europesays.com\/fr\/wp-json\/wp\/v2\/users\/2"}],"replies":[{"embeddable":true,"href":"https:\/\/www.europesays.com\/fr\/wp-json\/wp\/v2\/comments?post=366844"}],"version-history":[{"count":0,"href":"https:\/\/www.europesays.com\/fr\/wp-json\/wp\/v2\/posts\/366844\/revisions"}],"wp:featuredmedia":[{"embeddable":true,"href":"https:\/\/www.europesays.com\/fr\/wp-json\/wp\/v2\/media\/26610"}],"wp:attachment":[{"href":"https:\/\/www.europesays.com\/fr\/wp-json\/wp\/v2\/media?parent=366844"}],"wp:term":[{"taxonomy":"category","embeddable":true,"href":"https:\/\/www.europesays.com\/fr\/wp-json\/wp\/v2\/categories?post=366844"},{"taxonomy":"post_tag","embeddable":true,"href":"https:\/\/www.europesays.com\/fr\/wp-json\/wp\/v2\/tags?post=366844"}],"curies":[{"name":"wp","href":"https:\/\/api.w.org\/{rel}","templated":true}]}}