{"id":366845,"date":"2025-09-04T23:34:13","date_gmt":"2025-09-04T23:34:13","guid":{"rendered":"https:\/\/www.europesays.com\/fr\/366845\/"},"modified":"2025-09-04T23:34:13","modified_gmt":"2025-09-04T23:34:13","slug":"quatre-affiches-pro-russes-collees-sur-larc-de-triomphe-une-ingerence-etrangere-suspectee","status":"publish","type":"post","link":"https:\/\/www.europesays.com\/fr\/366845\/","title":{"rendered":"Quatre affiches pro-russes coll\u00e9es sur l\u2019Arc de Triomphe, une ing\u00e9rence \u00e9trang\u00e8re suspect\u00e9e"},"content":{"rendered":"<p class=\"mb-4 text-lg md:leading-8 break-words\">Nouvel acte d\u2019ing\u00e9rence pro-russe \u00e0 Paris? Mercredi 3 septembre, vers 21 heures, quatre affiches pro-russes ont \u00e9t\u00e9 d\u00e9couvertes sur l\u2019Arc de Triomphe dans le 8e arrondissement de Paris, a appris BFMTV de source judiciaire.<\/p>\n<p class=\"mb-4 text-lg md:leading-8 break-words\">Ces affiches portaient l\u2019inscription suivante\u00a0: \u00ab\u00a0Dis merci au soldat sovi\u00e9tique vainqueur\u00a0\u00bb. Elles ont \u00e9t\u00e9 placard\u00e9es sur les piliers du monument, en dessous duquel se trouve la tombe du Soldat inconnu. Elles ont depuis \u00e9t\u00e9 retir\u00e9es.<\/p>\n<p class=\"mb-4 text-lg md:leading-8 break-words\">Selon nos informations, le parquet de Paris a ouvert une enqu\u00eate pour \u00ab\u00a0d\u00e9gradation de biens class\u00e9s ou inscrit monument historique en r\u00e9union pour servir les int\u00e9r\u00eats d\u2019une puissance entreprise ou organisation \u00e9trang\u00e8re\u00a0\u00bb. Les investigations ont \u00e9t\u00e9 confi\u00e9es \u00e0 la s\u00fbret\u00e9 territoriale de Paris.<\/p>\n<p>Un \u00e9cho \u00e0 d&rsquo;autres actions similaires<\/p>\n<p class=\"mb-4 text-lg md:leading-8 break-words\">Les enqu\u00eateurs soup\u00e7onnent une ing\u00e9rence \u00e9trang\u00e8re, car cette affaire fait \u00e9cho \u00e0 plusieurs actions qui ont sem\u00e9 l\u2019\u00e9moi dans la capitale: des <a href=\"https:\/\/www.bfmtv.com\/paris\/paris-une-soixantaine-de-tags-antisemites-decouverts-dans-le-14e-arrondissement-une-enquete-ouverte_AN-202310310423.html\" rel=\"nofollow noopener\" target=\"_blank\" data-ylk=\"slk:\u00e9toiles de David;elm:context_link;itc:0;sec:content-canvas\" class=\"link \">\u00e9toiles de David<\/a> peintes sur des murs en octobre 2023, des <a href=\"https:\/\/fr.news.yahoo.com\/cercueils-devant-tour-eiffel-russie-093304258.html\" data-ylk=\"slk:cercueils d\u00e9pos\u00e9s au pied de la Tour Eiffel;elm:context_link;itc:0;sec:content-canvas;outcm:mb_qualified_link;_E:mb_qualified_link;ct:story;\" class=\"link  yahoo-link\" target=\"_blank\" rel=\"noopener\">cercueils d\u00e9pos\u00e9s au pied de la Tour Eiffel<\/a> en mai 2024 ou encore des lieux juifs asperg\u00e9s de peinture verte en mai 2025.<\/p>\n<p class=\"mb-4 text-lg md:leading-8 break-words\">\u00c0 chaque fois, les auteurs de ces actes de d\u00e9gradation, originaires d\u2019Europe de l\u2019Est, semblaient li\u00e9s \u00e0 des personnes de nationalit\u00e9 russe. <\/p>\n<p class=\"mb-4 text-lg md:leading-8 break-words\">Si l\u2019ing\u00e9rence \u00e9trang\u00e8re \u00e9tait \u00e9tablie dans cette nouvelle affaire, les auteurs de ces actes risqueraient jusqu\u2019\u00e0 15 ans de prison.<\/p>\n<p class=\"mb-4 text-lg md:leading-8 break-words\"><a href=\"https:\/\/www.bfmtv.com\/police-justice\/quatre-affiches-pro-russes-collees-sur-l-arc-de-triomphe-une-ingerence-etrangere-suspectee_AN-202509040698.html#xtor=AL-68\" rel=\"nofollow noopener\" target=\"_blank\" data-ylk=\"slk:Article original publi\u00e9 sur BFMTV.com;elm:context_link;itc:0;sec:content-canvas\" class=\"link \">Article original publi\u00e9 sur BFMTV.com<\/a><\/p>\n","protected":false},"excerpt":{"rendered":"Nouvel acte d\u2019ing\u00e9rence pro-russe \u00e0 Paris? Mercredi 3 septembre, vers 21 heures, quatre affiches pro-russes ont \u00e9t\u00e9 d\u00e9couvertes&hellip;\n","protected":false},"author":2,"featured_media":366846,"comment_status":"","ping_status":"","sticky":false,"template":"","format":"standard","meta":{"footnotes":""},"categories":[1888],"tags":[20606,1111,1928,11,1927,1777,674,1011,27,38986,50128,12,1926,626,1925,10857,25,19445],"class_list":{"0":"post-366845","1":"post","2":"type-post","3":"status-publish","4":"format-standard","5":"has-post-thumbnail","7":"category-paris","8":"tag-8e-arrondissement-de-paris","9":"tag-actu","10":"tag-actu-paris","11":"tag-actualites","12":"tag-actualites-paris","13":"tag-eu","14":"tag-europe","15":"tag-fr","16":"tag-france","17":"tag-larc-de-triomphe","18":"tag-nationalite-russe","19":"tag-news","20":"tag-news-paris","21":"tag-paris","22":"tag-paris-news","23":"tag-parquet-de-paris","24":"tag-republique-francaise","25":"tag-tombe-du-soldat-inconnu"},"share_on_mastodon":{"url":"https:\/\/pubeurope.com\/@fr\/115148650186653489","error":""},"_links":{"self":[{"href":"https:\/\/www.europesays.com\/fr\/wp-json\/wp\/v2\/posts\/366845","targetHints":{"allow":["GET"]}}],"collection":[{"href":"https:\/\/www.europesays.com\/fr\/wp-json\/wp\/v2\/posts"}],"about":[{"href":"https:\/\/www.europesays.com\/fr\/wp-json\/wp\/v2\/types\/post"}],"author":[{"embeddable":true,"href":"https:\/\/www.europesays.com\/fr\/wp-json\/wp\/v2\/users\/2"}],"replies":[{"embeddable":true,"href":"https:\/\/www.europesays.com\/fr\/wp-json\/wp\/v2\/comments?post=366845"}],"version-history":[{"count":0,"href":"https:\/\/www.europesays.com\/fr\/wp-json\/wp\/v2\/posts\/366845\/revisions"}],"wp:featuredmedia":[{"embeddable":true,"href":"https:\/\/www.europesays.com\/fr\/wp-json\/wp\/v2\/media\/366846"}],"wp:attachment":[{"href":"https:\/\/www.europesays.com\/fr\/wp-json\/wp\/v2\/media?parent=366845"}],"wp:term":[{"taxonomy":"category","embeddable":true,"href":"https:\/\/www.europesays.com\/fr\/wp-json\/wp\/v2\/categories?post=366845"},{"taxonomy":"post_tag","embeddable":true,"href":"https:\/\/www.europesays.com\/fr\/wp-json\/wp\/v2\/tags?post=366845"}],"curies":[{"name":"wp","href":"https:\/\/api.w.org\/{rel}","templated":true}]}}