{"id":366853,"date":"2025-09-04T23:38:20","date_gmt":"2025-09-04T23:38:20","guid":{"rendered":"https:\/\/www.europesays.com\/fr\/366853\/"},"modified":"2025-09-04T23:38:20","modified_gmt":"2025-09-04T23:38:20","slug":"lukraine-premiere-etape-vers-le-mondial","status":"publish","type":"post","link":"https:\/\/www.europesays.com\/fr\/366853\/","title":{"rendered":"L&rsquo;Ukraine, premi\u00e8re \u00e9tape vers le Mondial"},"content":{"rendered":"<p>                                                              <img data-twic-src=\"https:\/\/www.europesays.com\/fr\/wp-content\/uploads\/2025\/09\/5647727e229ba28967a3f2637bd85fda.jpeg\" data-credit=\"Simon MORCEL \/ FFF\" title=\"Simon MORCEL \/ FFF\" alt=\"Wroclaw\" class=\"block\"\/>                                        <\/p>\n<p style=\"font-weight: bold\">Les Bleus frappent les trois coups des \u00e9liminatoires de la Coupe du monde 2026 en affrontant l&rsquo;Ukraine, vendredi soir (20h45, en direct sur TF1), \u00e0 Wroclaw (photo). <\/p>\n<p>    \u00a0LE CONTEXTE\u00a0<\/p>\n<p>Pour cette rentr\u00e9e 2025-2026, trois mois apr\u00e8s avoir pris la <a href=\"https:\/\/www.fff.fr\/article\/14882-une-saison-bien-terminee.html\" target=\"_blank\" rel=\"noopener nofollow\">troisi\u00e8me place de la Ligue des Nations 2025 de l&rsquo;UEFA<\/a>, les Bleus (3es FIFA) s&rsquo;attaquent d&#8217;embl\u00e9e \u00e0 leur objectif le plus important de la saison, la qualification pour la <a href=\"https:\/\/www.fff.fr\/article\/15177-tirage-a-washington-le-5-decembre.html\" target=\"_blank\" rel=\"noopener nofollow\">Coupe du monde 2026<\/a> (phase finale du 11 juin au 19 juillet prochain aux \u00c9tats-Unis, Mexique et Canada, pays co-organisateurs). Une participation directe \u00e0 ce 23e Mondial de la FIFA passe par un parcours \u00e9liminatoire qui place sur leur route trois adversaires, que sont l&rsquo;Azerba\u00efdjan (122e FIFA), l&rsquo;Islande (74e FIFA) et l&rsquo;Ukraine (26e FIFA), au sein du groupe D. Le dernier cit\u00e9 est le premier \u00e0 se pr\u00e9senter \u00e0 eux, ce vendredi soir (20h45, sur TF1) \u00e0 la Tarczynski Arena de Wroclaw, en Pologne, terrain d&rsquo;accueil des Ukrainiens dans le contexte que l&rsquo;on conna\u00eet, avant de croiser l&rsquo;Islande, mardi prochain (20h45, sur TF1) au Parc des Princes.<br \/>\u00ab Avec l&rsquo;Ukraine et l&rsquo;Islande, nous avons d&rsquo;entr\u00e9e les deux meilleures \u00e9quipes, soulignait <a href=\"https:\/\/www.fff.fr\/equipe-nationale\/selectionneur\/97-didier-deschamps\/fiche.html\" target=\"_blank\" rel=\"noopener nofollow\">Didier Deschamps<\/a> cette semaine. Se qualifier semble \u00eatre une banalit\u00e9 ou une formalit\u00e9 pour beaucoup mais par exp\u00e9rience, une phase de qualification n&rsquo;a jamais \u00e9t\u00e9 une promenade de sant\u00e9, il faut en \u00eatre conscients. Donc restons le plus concentr\u00e9s et vigilants possible pour atteindre notre objectif. Cela passe pas ces deux premiers matches, non pas d\u00e9cisifs mais importants, encore plus dans un groupe de quatre avec seulement six matches et ce contexte de rentr\u00e9e pr\u00e9coce, de pr\u00e9paration \u00e9court\u00e9e o\u00f9 les organismes ne sont pas encore au maximum. Certains ont le droit de penser que l&rsquo;\u00c9quipe de France est sup\u00e9rieure mais respectons l&rsquo;adversaire et continuons de faire les choses avec les m\u00eames concentration et d\u00e9termination. Quand on fait un peu moins, le haut niveau est impitoyable. \u00bb<\/p>\n<p>39 400<\/p>\n<p>spectateurs, dont 25 000 supporters ukrainiens, sont attendus pour cet Ukraine-France annonc\u00e9 \u00e0 guichet ferm\u00e9.<\/p>\n<\/p>\n<p>\u00a0L&rsquo;ADVERSAIRE\u00a0<\/p>\n<p>Bient\u00f4t vingt ans que l&rsquo;Ukraine n&rsquo;a plus go\u00fbt\u00e9 \u00e0 la Coupe du monde de la FIFA&#8230; Quart de finaliste surprise de l&rsquo;\u00e9dition 2006, pour sa premi\u00e8re (et unique) participation, la s\u00e9lection jaune et bleue n&rsquo;a depuis plus jamais r\u00e9ussi \u00e0 se hisser en phase finale. C&rsquo;est dire la motivation qui doit \u00eatre la sienne \u00e0 l&rsquo;heure d&rsquo;entamer ces \u00e9liminatoires et de retrouver une \u00c9quipe de France \u00ab\u00a0bourreau\u00a0\u00bb de ses espoirs \u00e0 l&rsquo;automne 2013, en barrage de qualification au Mondial 2014 (2-0 et 0-3), avant de la devancer en phase de groupes dans la course au Qatar 2022. Conduits par l&rsquo;ancien attaquant international Sergue\u00ef Rebrov depuis juin 2023, les Ukrainiens restent qui plus est sur deux d\u00e9ceptions : une \u00e9limination au 1er tour de l&rsquo;Euro 2024 (\u00e0 la diff\u00e9rence de buts, \u00e0 \u00e9galit\u00e9 de points avec la Roumanie, la Belgique et la Slovaquie) et un revers en barrage d&rsquo;accession en Ligue A de la Ligue des Nations contre la Belgique (3-1 et 0-3) , en mars dernier.\u00a0\u00a0<br \/>Autant de raisons pour les Bleus de se m\u00e9fier de ce premier adversaire vendredi, m\u00eame s&rsquo;il n&rsquo;\u00e9voluera pas sur son sol : \u00ab L&rsquo;Ukraine est une tr\u00e8s bonne \u00e9quipe avec de tr\u00e8s bons footballeurs, a pr\u00e9venu Didier Deschamps. M\u00eame s&rsquo;ils jouent peu ou pas dans leurs clubs, ils ont en eux le fait de repr\u00e9senter leur nation. Au-del\u00e0 de leurs qualit\u00e9s techniques et footballistiques, ils d\u00e9gagent beaucoup d&rsquo;\u00e9nergie, il y a du r\u00e9pondant. Collectivement, il y a des automatismes et offensivement, les diff\u00e9rentes options \u00e0 sa disposition et sa cr\u00e9ativit\u00e9 font de l&rsquo;Ukraine une \u00e9quipe dangereuse. Avec tout le respect que j&rsquo;ai pour l&rsquo;Islande et l&rsquo;Azerba\u00efdjan, l&rsquo;Ukraine est l&rsquo;adversaire le plus costaud, le plus solide que l&rsquo;on a \u00e0 jouer d&rsquo;entr\u00e9e, il faudra que l&rsquo;on soit \u00e0 notre meilleur niveau. \u00bb<\/p>\n<p>12<\/p>\n<p>La France et l&rsquo;Ukraine se sont affront\u00e9es \u00e0 douze reprises. Bilan tricolore : 6 V, 5 N, 1 D, 23 bp, 8 bc.<\/p>\n<p>4<\/p>\n<p>L&rsquo;Ukraine a remport\u00e9 quatre de ses dix derniers matches, pour deux nuls et quatre d\u00e9faites.<\/p>\n<p><img decoding=\"async\" title=\"Simon MORCEL FFF\" src=\"https:\/\/www.europesays.com\/fr\/wp-content\/uploads\/2025\/09\/769489754447be9a4ee221bf11b6f149.jpeg\" alt=\"\"\/>Adrien Rabiot lors du dernier Ukraine-France (1-1), le 4 septembre 2021 \u00e0 Kiev en \u00e9liminatoires de la Coupe du monde 2022 (photo Simon MORCEL \/ APL \/ FFF).<\/p>\n<p>\u00a0STATISTIQUES\u00a0<\/p>\n<p>\u25baLes Bleus s&rsquo;appr\u00eatent \u00e0 jouer le <strong>926e match<\/strong> de leur histoire depuis 1904 (466 victoires, 194 nuls, 265 d\u00e9faites, 1 666 bp, 1 253 bc).<br \/>\u25ba<a href=\"https:\/\/www.fff.fr\/equipe-nationale\/selectionneur\/97-didier-deschamps\/fiche.html\" target=\"_blank\" rel=\"noopener nofollow\">Didier Deschamps<\/a> va diriger l&rsquo;\u00c9quipe de France pour la <strong>169e fois<\/strong> (107 succ\u00e8s, 34 nuls, 27 d\u00e9faites). Il a \u00e9t\u00e9 remplac\u00e9 sur le banc par son adjoint Guy St\u00e9phan le 3 juin 2022 contre le Danemark (1-2).<br \/>\u25baLa France va participer \u00e0 sa <strong>120e rencontre<\/strong> en \u00e9liminatoires de la Coupe du monde. Bilan \u00e0 ce jour : 74 V, 28 N, 18 D, 234 bp, 91 bc.<br \/>\u25ba<strong>945 joueurs<\/strong> ont port\u00e9 le maillot tricolore depuis 1904. Convoqu\u00e9s pour la premi\u00e8re fois, <a href=\"https:\/\/www.fff.fr\/equipe-nationale\/joueur\/10631-akliouche-maghnes\/fiche.html\" target=\"_blank\" rel=\"noopener nofollow\">Maghnes Akliouche<\/a> et <a href=\"https:\/\/www.fff.fr\/equipe-nationale\/joueur\/10497-ekitike-hugo\/fiche.html\" target=\"_blank\" rel=\"noopener nofollow\">Hugo Ekitik\u00e9<\/a> pourraient les rejoindre.\u00a0<br \/>\u25baAvec <strong>90 s\u00e9lections<\/strong>, <a href=\"https:\/\/www.fff.fr\/equipe-nationale\/joueur\/8566-mbappe-kylian\/fiche.html\" target=\"_blank\" rel=\"noopener nofollow\">Kylian Mbapp\u00e9<\/a> est le Bleu le plus cap\u00e9 du groupe tricolore avant cet Ukraine-France. Il est aussi celui qui a inscrit le plus de buts (50) et d\u00e9livr\u00e9 le plus de passes d\u00e9cisives (32).<\/p>\n<p style=\"text-align: center;\"><strong><a href=\"https:\/\/www.fff.fr\/selection\/2-equipe-de-france\/palmares-et-histoire-des-bleus.html\" target=\"_blank\" rel=\"noopener nofollow\">Les records des Bleus<\/a><\/strong><\/p>\n<p>\u00a0MODE D&rsquo;EMPLOI\u00a0<\/p>\n<p>Ces \u00e9liminatoires mondiaux regroupes 54 \u00e9quipes r\u00e9parties dans six groupes de quatre et six groupes de cinq. Les douze vainqueurs de groupe se qualifieront directement pour la Coupe du monde, les douze deuxi\u00e8mes disputeront des barrages (du 26 au 31 mars 2026) pour d\u00e9crocher quatre autres billets pour la phase finale. Les quatre vainqueurs de groupe les mieux class\u00e9s de la Ligue des Nations 2024-2025 qui n&rsquo;ont pas termin\u00e9 leur phase de groupes des \u00e9liminatoires europ\u00e9ens \u00e0 la premi\u00e8re ou \u00e0 la deuxi\u00e8me place, participeront aussi \u00e0 ces barrages (quatre voies avec demi-finales et finales sur un match).\u00a0<br \/>Dans l\u2019hypoth\u00e8se o\u00f9 ils ne termineraient pas \u00e0 la premi\u00e8re ou la deuxi\u00e8me place de leur groupe, les Bleus seraient assur\u00e9s de jouer les barrages puisqu\u2019ils ont termin\u00e9 premier de leur groupe de Ligue des Nations.\u00a0<br \/>Le tirage au sort de la Coupe du monde aura lieu au John F. Kennedy Center for the Performing Arts \u00e0 Washington DC le vendredi 5 d\u00e9cembre (18h00).\u00a0<\/p>\n<p>16<\/p>\n<p>La France a particip\u00e9 \u00e0 16 des 22 \u00e9ditions de la Coupe du monde depuis 1930.<\/p>\n<p>7<\/p>\n<p>Elle a pris part aux 7 derni\u00e8res phases finales du Mondial depuis 1998, avec quatre finales \u00e0 la cl\u00e9.<\/p>\n<p><img decoding=\"async\" title=\"Simon MORCEL FFF\" src=\"https:\/\/www.europesays.com\/fr\/wp-content\/uploads\/2025\/09\/86c0ad7d13668becdcab5cd85cdd8807.jpeg\" alt=\"\"\/>(Photo Simon MORCEL \/ FFF).<\/p>\n<p>Calendrier du groupe D<\/p>\n<p class=\"light\">&#8211; Vendredi 5 septembre 2025 :<\/p>\n<ul>\n<li class=\"light\">20h45 : Ukraine &#8211; <strong>France<\/strong> (Wroclaw, en direct sur TF1)<\/li>\n<li class=\"light\">20h45 : Islande &#8211; Azerba\u00efdjan\u00a0<\/li>\n<\/ul>\n<p class=\"light\">&#8211; Mardi 9 septembre 2025 :<\/p>\n<ul>\n<li class=\"light\">18h00 : Azerba\u00efdjan &#8211; Ukraine<\/li>\n<li class=\"light\">20h45 : <strong>France<\/strong> &#8211; Islande (Paris, Parc des Princes, en direct sur TF1)<\/li>\n<\/ul>\n<p class=\"light\">&#8211; Vendredi 10 octobre 2025 :<\/p>\n<ul>\n<li class=\"light\">20h45 : <strong>France<\/strong> &#8211; Azerba\u00efdjan (Paris, Parc des Princes)<\/li>\n<li class=\"light\">20h45 : Islande-Ukraine<\/li>\n<\/ul>\n<p class=\"light\">&#8211; Lundi 13 octobre 2025 :<\/p>\n<ul>\n<li class=\"light\">20h45 : Islande &#8211; <strong>France<\/strong><\/li>\n<li class=\"light\">20h45 : Ukraine &#8211; Azerba\u00efdjan\u00a0<\/li>\n<\/ul>\n<p class=\"light\">&#8211; Jeudi 13 novembre 2025 :<\/p>\n<ul>\n<li class=\"light\">18h00 : Azerba\u00efdjan &#8211; Islande<\/li>\n<li class=\"light\">20h45 : <strong>France<\/strong> &#8211; Ukraine (Paris, Parc des Princes)<\/li>\n<\/ul>\n<p class=\"light\">&#8211; Dimanche 16 novembre 2025 :<\/p>\n<ul>\n<li class=\"light\">18h00 : Azerba\u00efdjan &#8211; <strong>France\u00a0<\/strong><\/li>\n<li class=\"light\">18h00 : Ukraine &#8211; Islande<\/li>\n<\/ul>\n","protected":false},"excerpt":{"rendered":"Les Bleus frappent les trois coups des \u00e9liminatoires de la Coupe du monde 2026 en affrontant l&rsquo;Ukraine, vendredi&hellip;\n","protected":false},"author":2,"featured_media":366854,"comment_status":"","ping_status":"","sticky":false,"template":"","format":"standard","meta":{"footnotes":""},"categories":[1590],"tags":[11,1777,674,85,12,220],"class_list":{"0":"post-366853","1":"post","2":"type-post","3":"status-publish","4":"format-standard","5":"has-post-thumbnail","7":"category-ukraine","8":"tag-actualites","9":"tag-eu","10":"tag-europe","11":"tag-fff","12":"tag-news","13":"tag-ukraine"},"share_on_mastodon":{"url":"https:\/\/pubeurope.com\/@fr\/115148666607541298","error":""},"_links":{"self":[{"href":"https:\/\/www.europesays.com\/fr\/wp-json\/wp\/v2\/posts\/366853","targetHints":{"allow":["GET"]}}],"collection":[{"href":"https:\/\/www.europesays.com\/fr\/wp-json\/wp\/v2\/posts"}],"about":[{"href":"https:\/\/www.europesays.com\/fr\/wp-json\/wp\/v2\/types\/post"}],"author":[{"embeddable":true,"href":"https:\/\/www.europesays.com\/fr\/wp-json\/wp\/v2\/users\/2"}],"replies":[{"embeddable":true,"href":"https:\/\/www.europesays.com\/fr\/wp-json\/wp\/v2\/comments?post=366853"}],"version-history":[{"count":0,"href":"https:\/\/www.europesays.com\/fr\/wp-json\/wp\/v2\/posts\/366853\/revisions"}],"wp:featuredmedia":[{"embeddable":true,"href":"https:\/\/www.europesays.com\/fr\/wp-json\/wp\/v2\/media\/366854"}],"wp:attachment":[{"href":"https:\/\/www.europesays.com\/fr\/wp-json\/wp\/v2\/media?parent=366853"}],"wp:term":[{"taxonomy":"category","embeddable":true,"href":"https:\/\/www.europesays.com\/fr\/wp-json\/wp\/v2\/categories?post=366853"},{"taxonomy":"post_tag","embeddable":true,"href":"https:\/\/www.europesays.com\/fr\/wp-json\/wp\/v2\/tags?post=366853"}],"curies":[{"name":"wp","href":"https:\/\/api.w.org\/{rel}","templated":true}]}}