{"id":366855,"date":"2025-09-04T23:39:14","date_gmt":"2025-09-04T23:39:14","guid":{"rendered":"https:\/\/www.europesays.com\/fr\/366855\/"},"modified":"2025-09-04T23:39:14","modified_gmt":"2025-09-04T23:39:14","slug":"protection-des-donnees-google-et-shein-sanctionnes-en-france-google-condamne-aux-usa","status":"publish","type":"post","link":"https:\/\/www.europesays.com\/fr\/366855\/","title":{"rendered":"Protection des donn\u00e9es : Google et Shein sanctionn\u00e9s en France, Google condamn\u00e9 aux USA"},"content":{"rendered":"<p>La Cnil a inflig\u00e9 des sanctions \u00e0 Google et Shein pour non-respect des r\u00e8gles sur les donn\u00e9es personnelles. Aux \u00c9tats-Unis, Google doit verser 425 millions de dollars pour collecte frauduleuse de donn\u00e9es.<\/p>\n<p>Les services de Google et Shein, utilis\u00e9s par plusieurs dizaines de millions de Fran\u00e7ais, ont re\u00e7u les deux amendes les plus importantes jamais prononc\u00e9es par la <a target=\"_blank\" rel=\"noopener nofollow\" href=\"https:\/\/fr.themedialeader.com\/la-cnil-a-double-le-nombre-de-sanctions-en-2024\/\">Cnil,<\/a> apr\u00e8s celle de 150 millions d\u2019euros inflig\u00e9e \u00e0 Google en 2022 pour cookies.<\/p>\n<p>Google a \u00e9t\u00e9 sanctionn\u00e9 \u00e0 hauteur de 325 millions d\u2019euros pour manquements en mati\u00e8re de publicit\u00e9, tandis que Shein devra payer 150 millions d\u2019euros.<\/p>\n<p>Le g\u00e9ant asiatique du pr\u00eat-\u00e0-porter discount a annonc\u00e9 \u00e0 l\u2019AFP qu\u2019il formerait un recours devant le Conseil d\u2019\u00c9tat et la Cour de justice de l\u2019UE, qualifiant l\u2019amende de \u00ab totalement disproportionn\u00e9e \u00bb au regard des griefs et de sa \u00ab conformit\u00e9 actuelle \u00bb \u00e0 la l\u00e9gislation, et imputant cette s\u00e9v\u00e9rit\u00e9 \u00e0 \u00ab des consid\u00e9rations politiques \u00bb.<\/p>\n<p>Google est quant \u00e0 lui vis\u00e9 pour la troisi\u00e8me fois par une sanction de la Cnil en mati\u00e8re de cookies. Dans l\u2019un de ses communiqu\u00e9s publi\u00e9s mercredi, l\u2019autorit\u00e9 souligne la \u00ab n\u00e9gligence \u00bb du groupe, frapp\u00e9 en 2020 par une amende de 100 millions d\u2019euros, puis en 2021 par une nouvelle contravention de 150 millions d\u2019euros.<\/p>\n<p>Mais le montant de la nouvelle sanction d\u00e9cid\u00e9e contre le mastodonte am\u00e9ricain \u2014 toutefois inf\u00e9rieur \u00e0 l\u2019amende de 525 millions d\u2019euros requise \u2014 est aussi justifi\u00e9e par le nombre d\u2019utilisateurs concern\u00e9s, et la pluralit\u00e9 des manquements.<\/p>\n<p>Google sanctionn\u00e9e aux USA<\/p>\n<p>Google a \u00e9t\u00e9 condamn\u00e9 mercredi aux \u00c9tats-Unis \u00e0 verser 425,7 millions de dollars de dommages \u00e0 pr\u00e8s de 100 millions d\u2019utilisateurs pour atteinte \u00e0 leur vie priv\u00e9e, selon la d\u00e9cision d\u2019un jury d\u2019une cour f\u00e9d\u00e9rale de San Francisco confirm\u00e9e par le g\u00e9ant am\u00e9ricain.<\/p>\n<p>L\u2019affaire d\u00e9coule d\u2019un recours collectif d\u00e9pos\u00e9 en juillet 2020.<\/p>\n<p>Les plaignants, dont environ 98 millions ont \u00e9t\u00e9 reconnus par le tribunal, avaient d\u00e9sactiv\u00e9 le param\u00e8tre \u00ab Activit\u00e9 sur le web et les applications\u00a0\u00bb et un autre sous-param\u00e8tre de suivi. Ils refusaient ainsi la collecte des donn\u00e9es issues de leur utilisation de services r\u00e9pandue du g\u00e9ant du web, comme le navigateur Chrome, Google Maps ou Google Actualit\u00e9s.<\/p>\n<p>\u00ab\u00a0Les promesses et garanties de Google en mati\u00e8re de confidentialit\u00e9 sont des mensonges \u00e9hont\u00e9s\u00a0\u00bb, ont d\u00e9clar\u00e9 les avocats des plaignants lors du proc\u00e8s.<\/p>\n<p>\u00ab\u00a0Cette d\u00e9cision m\u00e9conna\u00eet le fonctionnement de nos produits, et nous allons faire appel\u00a0\u00bb, a d\u00e9clar\u00e9 Jos\u00e9 Castaneda, porte-parole de Google, joint par l\u2019AFP.<\/p>\n<p>\u00ab\u00a0Nos outils de confidentialit\u00e9 permettent aux utilisateurs de contr\u00f4ler leurs donn\u00e9es, et lorsqu\u2019ils d\u00e9sactivent la personnalisation, nous respectons leur choix\u00a0\u00bb, a-t-il ajout\u00e9.<\/p>\n<p>Le groupe fait valoir que les donn\u00e9es collect\u00e9es apr\u00e8s la d\u00e9sactivation du param\u00e8tre de suivi ne permettent pas d\u2019identifier les utilisateurs.<\/p>\n<p>La filiale d\u2019Alphabet est de longue date sous pression pour trouver un \u00e9quilibre entre sa diffusion de publicit\u00e9s lucratives, au c\u0153ur de son succ\u00e8s financier, et la protection de la vie priv\u00e9e des utilisateurs.<\/p>\n<p>Le g\u00e9ant de la Silicon Valley s\u2019efforce ainsi de remplacer les t\u00e9moins, ces petits fichiers qui permettent de suivre l\u2019activit\u00e9 en ligne et de mieux cibler les publicit\u00e9s, par un m\u00e9canisme moins intrusif, mais tout aussi efficace.<\/p>\n","protected":false},"excerpt":{"rendered":"La Cnil a inflig\u00e9 des sanctions \u00e0 Google et Shein pour non-respect des r\u00e8gles sur les donn\u00e9es personnelles.&hellip;\n","protected":false},"author":2,"featured_media":366856,"comment_status":"","ping_status":"","sticky":false,"template":"","format":"standard","meta":{"footnotes":""},"categories":[1589],"tags":[11,16946,73,1866,12,16033,1864,1865,1863,308],"class_list":{"0":"post-366855","1":"post","2":"type-post","3":"status-publish","4":"format-standard","5":"has-post-thumbnail","7":"category-etats-unis","8":"tag-actualites","9":"tag-adtech","10":"tag-etats-unis","11":"tag-etats-unis-damerique","12":"tag-news","13":"tag-tech","14":"tag-united-states","15":"tag-united-states-of-america","16":"tag-us","17":"tag-usa"},"share_on_mastodon":{"url":"https:\/\/pubeurope.com\/@fr\/115148669781175239","error":""},"_links":{"self":[{"href":"https:\/\/www.europesays.com\/fr\/wp-json\/wp\/v2\/posts\/366855","targetHints":{"allow":["GET"]}}],"collection":[{"href":"https:\/\/www.europesays.com\/fr\/wp-json\/wp\/v2\/posts"}],"about":[{"href":"https:\/\/www.europesays.com\/fr\/wp-json\/wp\/v2\/types\/post"}],"author":[{"embeddable":true,"href":"https:\/\/www.europesays.com\/fr\/wp-json\/wp\/v2\/users\/2"}],"replies":[{"embeddable":true,"href":"https:\/\/www.europesays.com\/fr\/wp-json\/wp\/v2\/comments?post=366855"}],"version-history":[{"count":0,"href":"https:\/\/www.europesays.com\/fr\/wp-json\/wp\/v2\/posts\/366855\/revisions"}],"wp:featuredmedia":[{"embeddable":true,"href":"https:\/\/www.europesays.com\/fr\/wp-json\/wp\/v2\/media\/366856"}],"wp:attachment":[{"href":"https:\/\/www.europesays.com\/fr\/wp-json\/wp\/v2\/media?parent=366855"}],"wp:term":[{"taxonomy":"category","embeddable":true,"href":"https:\/\/www.europesays.com\/fr\/wp-json\/wp\/v2\/categories?post=366855"},{"taxonomy":"post_tag","embeddable":true,"href":"https:\/\/www.europesays.com\/fr\/wp-json\/wp\/v2\/tags?post=366855"}],"curies":[{"name":"wp","href":"https:\/\/api.w.org\/{rel}","templated":true}]}}