{"id":366859,"date":"2025-09-04T23:41:13","date_gmt":"2025-09-04T23:41:13","guid":{"rendered":"https:\/\/www.europesays.com\/fr\/366859\/"},"modified":"2025-09-04T23:41:13","modified_gmt":"2025-09-04T23:41:13","slug":"lallemagne-subit-une-defaite-choquante-et-se-classe-derniere-du-groupe-a-des-eliminatoires-de-la-coupe-du-monde","status":"publish","type":"post","link":"https:\/\/www.europesays.com\/fr\/366859\/","title":{"rendered":"L&rsquo;Allemagne subit une d\u00e9faite choquante et se classe derni\u00e8re du groupe A des \u00e9liminatoires de la Coupe du monde"},"content":{"rendered":"<tr>\n<td class=\"pic\"><img decoding=\"async\" src=\"https:\/\/www.europesays.com\/fr\/wp-content\/uploads\/2025\/09\/c73d29a20a0f40678c249f48df4e1da6.jpeg\" alt=\"\"\/><\/td>\n<\/tr>\n<tr>\n<td class=\"pCaption caption\">\n<p> Florian Wirtz garde la t\u00eate haute apr\u00e8s la d\u00e9faite de l&rsquo;Allemagne.<\/p>\n<\/td>\n<\/tr>\n<p> David Hancko et David Strelec ont profit\u00e9 des erreurs de la d\u00e9fense allemande pour donner l&rsquo;avantage \u00e0 la Slovaquie aux 42e et 55e minutes. Tout au long du match, l&rsquo;\u00e9quipe allemande n&rsquo;a pas r\u00e9ussi \u00e0 percer la solide d\u00e9fense adverse et \u00e0 \u00e9galiser.<\/p>\n<p> C&rsquo;est un coup dur pour le s\u00e9lectionneur Julian Nagelsmann et son \u00e9quipe, en cours de renouvellement. L&rsquo;Allemagne comptera sur la pr\u00e9sence de la nouvelle recrue de Newcastle, Nick Woltemade (qui disputera sa troisi\u00e8me s\u00e9lection) et de l&rsquo;arri\u00e8re droit de 21 ans, Nnamdi Collins, qui vient de faire ses d\u00e9buts.<\/p>\n<p> Nagelsmann a vivement critiqu\u00e9 ses joueurs, affirmant qu&rsquo;ils manquaient d&rsquo;\u00e9motion sur le terrain et d&rsquo;envie de gagner face \u00e0 un adversaire outsider mais passionn\u00e9. Il a m\u00eame remis en question la n\u00e9cessit\u00e9 de s\u00e9lectionner des joueurs moins dou\u00e9s techniquement, mais investis. Nagelsmann a soulign\u00e9 que l&rsquo;Allemagne devait remporter les cinq matchs restants pour \u00e9viter les barrages.<\/p>\n<p> L&rsquo;Allemagne, y compris l&rsquo;Allemagne de l&rsquo;Ouest, a particip\u00e9 \u00e0 toutes les Coupes du monde depuis 1954. Avant ce match, elle n&rsquo;avait perdu que trois matchs de qualification pour la Coupe du monde, tous \u00e0 domicile.<\/p>\n<p> L&rsquo;Allemagne semblait tellement confiante de se qualifier directement dans un groupe qui \u00e9tait cens\u00e9 \u00eatre relativement facile, avec la Slovaquie, l&rsquo;Irlande du Nord et le Luxembourg, qu&rsquo;elle a programm\u00e9 un match amical avant d&rsquo;\u00eatre certaine de sa qualification.<\/p>\n<p> Jeudi, la F\u00e9d\u00e9ration allemande de football a annonc\u00e9 qu&rsquo;elle disputerait un match amical contre la C\u00f4te d&rsquo;Ivoire en mars 2026, \u00ab en cas de qualification directe pour la Coupe du monde \u00bb. Toutefois, ce match co\u00efnciderait avec les barrages pour le deuxi\u00e8me du groupe.<\/p>\n<p> L&rsquo;Allemagne est actuellement derni\u00e8re du groupe A avec 0 point. L&rsquo;Irlande du Nord et la Slovaquie m\u00e8nent la danse avec 3 points chacune. Le Luxembourg compte \u00e9galement 0 point, mais devance l&rsquo;Allemagne gr\u00e2ce \u00e0 une diff\u00e9rence de buts de 1\/3 (contre 0\/2).<\/p>\n<p class=\"mb-0\"> Source : https:\/\/znews.vn\/duc-thua-soc-xep-chot-bang-a-vong-loai-world-cup-post1582616.html<\/p>\n","protected":false},"excerpt":{"rendered":"Florian Wirtz garde la t\u00eate haute apr\u00e8s la d\u00e9faite de l&rsquo;Allemagne. David Hancko et David Strelec ont profit\u00e9&hellip;\n","protected":false},"author":2,"featured_media":366860,"comment_status":"","ping_status":"","sticky":false,"template":"","format":"standard","meta":{"footnotes":""},"categories":[1587],"tags":[11,672,1804,1805,1803,1777,674,1801,12,1802],"class_list":{"0":"post-366859","1":"post","2":"type-post","3":"status-publish","4":"format-standard","5":"has-post-thumbnail","7":"category-allemagne","8":"tag-actualites","9":"tag-allemagne","10":"tag-bundesrepublik-deutschland","11":"tag-de","12":"tag-deutschland","13":"tag-eu","14":"tag-europe","15":"tag-germany","16":"tag-news","17":"tag-republique-federale-dallemagne"},"share_on_mastodon":{"url":"https:\/\/pubeurope.com\/@fr\/115148677698556312","error":""},"_links":{"self":[{"href":"https:\/\/www.europesays.com\/fr\/wp-json\/wp\/v2\/posts\/366859","targetHints":{"allow":["GET"]}}],"collection":[{"href":"https:\/\/www.europesays.com\/fr\/wp-json\/wp\/v2\/posts"}],"about":[{"href":"https:\/\/www.europesays.com\/fr\/wp-json\/wp\/v2\/types\/post"}],"author":[{"embeddable":true,"href":"https:\/\/www.europesays.com\/fr\/wp-json\/wp\/v2\/users\/2"}],"replies":[{"embeddable":true,"href":"https:\/\/www.europesays.com\/fr\/wp-json\/wp\/v2\/comments?post=366859"}],"version-history":[{"count":0,"href":"https:\/\/www.europesays.com\/fr\/wp-json\/wp\/v2\/posts\/366859\/revisions"}],"wp:featuredmedia":[{"embeddable":true,"href":"https:\/\/www.europesays.com\/fr\/wp-json\/wp\/v2\/media\/366860"}],"wp:attachment":[{"href":"https:\/\/www.europesays.com\/fr\/wp-json\/wp\/v2\/media?parent=366859"}],"wp:term":[{"taxonomy":"category","embeddable":true,"href":"https:\/\/www.europesays.com\/fr\/wp-json\/wp\/v2\/categories?post=366859"},{"taxonomy":"post_tag","embeddable":true,"href":"https:\/\/www.europesays.com\/fr\/wp-json\/wp\/v2\/tags?post=366859"}],"curies":[{"name":"wp","href":"https:\/\/api.w.org\/{rel}","templated":true}]}}