{"id":366861,"date":"2025-09-04T23:42:11","date_gmt":"2025-09-04T23:42:11","guid":{"rendered":"https:\/\/www.europesays.com\/fr\/366861\/"},"modified":"2025-09-04T23:42:11","modified_gmt":"2025-09-04T23:42:11","slug":"les-dirigeants-darte-militent-pour-une-plateforme-europeenne","status":"publish","type":"post","link":"https:\/\/www.europesays.com\/fr\/366861\/","title":{"rendered":"Les dirigeants d\u2019Arte militent pour une plateforme europ\u00e9enne"},"content":{"rendered":"<p>Les dirigeants d\u2019Arte ont fait prendre \u00e0 la cha\u00eene franco-allemande le virage d\u2019une plateforme europ\u00e9enne et poussent pour aller plus loin aupr\u00e8s des autorit\u00e9s, ont-ils indiqu\u00e9 jeudi en conf\u00e9rence de presse.<\/p>\n<p>Une telle plateforme europ\u00e9enne, qui fonctionnerait en r\u00e9seau, est \u00ab\u00a0la pi\u00e8ce manquante dans les audiovisuels publics europ\u00e9ens\u00a0\u00bb, a estim\u00e9 <a target=\"_blank\" rel=\"noopener nofollow\" href=\"https:\/\/fr.themedialeader.com\/bruno-patino-prend-la-releve-de-la-presidence-des-etats-generaux-de-linformation\/\">Bruno Patino<\/a>, pr\u00e9sident d\u2019Arte France. Ce ne serait \u00ab\u00a0pas seulement Arte en plus grand, et certainement pas Netflix en plus petit\u00a0\u00bb.<\/p>\n<p>Lors du dernier Conseil des ministres franco-allemand, \u00e0 Toulon vendredi dernier, le projet d\u2019europ\u00e9anisation d\u2019Arte a \u00e9t\u00e9 soutenu par les ministres charg\u00e9s de la Culture, comme lors de pr\u00e9c\u00e9dents Conseils.<\/p>\n<p>\u00ab\u00a0L\u2019Europe doit se renforcer en tant qu\u2019espace public\u00a0\u00bb<\/p>\n<p>C\u2019est \u00ab un soutien majeur \u00bb et \u00ab nous aimerions qu\u2019en termes de structure, de financements et \u00e0 terme de gouvernance, on passe \u00e0 un cran sup\u00e9rieur, en relation avec l\u2019Union europ\u00e9enne \u00bb, a plaid\u00e9 Bruno Patino.<\/p>\n<p>\u00ab L\u2019Europe doit se renforcer en tant qu\u2019espace public \u00bb, ce qu\u2019une telle plateforme pourrait favoriser, a soulign\u00e9 Heike Hempel, pr\u00e9sidente d\u2019Arte GEIE, structure qui regroupe Arte France et Arte Allemagne.<\/p>\n<p>\u00ab\u00a0\u00a0L\u2019inflexion europ\u00e9enne d\u2019Arte est l\u00e0 \u00bb<\/p>\n<p>Diffus\u00e9e depuis 1992, la cha\u00eene est disponible en sept langues et a des partenariats avec d\u00e9j\u00e0 12 cha\u00eenes publiques en Europe.<\/p>\n<p>L\u2019ambition d\u2019une plateforme europ\u00e9enne \u00ab d\u00e9pendra des moyens qu\u2019on arrivera \u00e0 avoir \u00bb, a jug\u00e9 Bruno Patino, en notant que \u00ab l\u2019inflexion europ\u00e9enne d\u2019Arte est l\u00e0 \u00bb d\u00e9j\u00e0.<\/p>\n<p>\u00ab On porte ce projet depuis cinq ans \u00bb et quel que soit le sort du gouvernement Bayrou, \u00ab on continue \u00bb, a-t-il ajout\u00e9.<\/p>\n<p>La plateforme actuelle d\u2019Arte est un succ\u00e8s, font valoir ses dirigeants. Depuis moins d\u2019un an, les programmes sont \u00e9galement disponibles sur la plateforme de streaming gratuit de TF1, TF1+, et celle de France T\u00e9l\u00e9visions, france.tv. On ne peut pas uniquement se distribuer soi-m\u00eame \u00bb, explique le patron d\u2019Arte France.<\/p>\n<p>\u00ab Nous privil\u00e9gions les plateformes europ\u00e9ennes souveraines \u00bb<\/p>\n<p>Toutefois, \u00ab\u00a0nous privil\u00e9gions les plateformes europ\u00e9ennes souveraines\u00a0\u00bb. Si france.tv est distribu\u00e9 depuis juillet par Prime Video, le service de streaming du g\u00e9ant am\u00e9ricain Amazon, et TF1 le sera de m\u00eame en 2026 par Netflix, Arte n\u2019a pas souhait\u00e9 y participer.<\/p>\n<p>La cha\u00eene a nou\u00e9 un accord avec la start-up fran\u00e7aise Mistral pour am\u00e9liorer son outil de recommandation personnalis\u00e9e des programmes.<\/p>\n<p>Pour la saison qui s\u2019ouvre, Arte s\u2019attache \u00e0 proposer des \u00ab \u0153uvres non format\u00e9es \u00bb, \u00ab en phase avec l\u2019\u00e9poque \u00bb. Un des temps forts de la rentr\u00e9e sera la s\u00e9rie \u00ab The Deal \u00bb, cr\u00e9\u00e9e par Jean-St\u00e9phane Bron et Alice Winocour, immersion dans les coulisses en Suisse de l\u2019accord sur le nucl\u00e9aire iranien.<\/p>\n","protected":false},"excerpt":{"rendered":"Les dirigeants d\u2019Arte ont fait prendre \u00e0 la cha\u00eene franco-allemande le virage d\u2019une plateforme europ\u00e9enne et poussent pour&hellip;\n","protected":false},"author":2,"featured_media":366862,"comment_status":"","ping_status":"","sticky":false,"template":"","format":"standard","meta":{"footnotes":""},"categories":[1586],"tags":[11,1777,674,1011,27,12,25,1364],"class_list":{"0":"post-366861","1":"post","2":"type-post","3":"status-publish","4":"format-standard","5":"has-post-thumbnail","7":"category-europe","8":"tag-actualites","9":"tag-eu","10":"tag-europe","11":"tag-fr","12":"tag-france","13":"tag-news","14":"tag-republique-francaise","15":"tag-tv"},"share_on_mastodon":{"url":"https:\/\/pubeurope.com\/@fr\/115148681677198682","error":""},"_links":{"self":[{"href":"https:\/\/www.europesays.com\/fr\/wp-json\/wp\/v2\/posts\/366861","targetHints":{"allow":["GET"]}}],"collection":[{"href":"https:\/\/www.europesays.com\/fr\/wp-json\/wp\/v2\/posts"}],"about":[{"href":"https:\/\/www.europesays.com\/fr\/wp-json\/wp\/v2\/types\/post"}],"author":[{"embeddable":true,"href":"https:\/\/www.europesays.com\/fr\/wp-json\/wp\/v2\/users\/2"}],"replies":[{"embeddable":true,"href":"https:\/\/www.europesays.com\/fr\/wp-json\/wp\/v2\/comments?post=366861"}],"version-history":[{"count":0,"href":"https:\/\/www.europesays.com\/fr\/wp-json\/wp\/v2\/posts\/366861\/revisions"}],"wp:featuredmedia":[{"embeddable":true,"href":"https:\/\/www.europesays.com\/fr\/wp-json\/wp\/v2\/media\/366862"}],"wp:attachment":[{"href":"https:\/\/www.europesays.com\/fr\/wp-json\/wp\/v2\/media?parent=366861"}],"wp:term":[{"taxonomy":"category","embeddable":true,"href":"https:\/\/www.europesays.com\/fr\/wp-json\/wp\/v2\/categories?post=366861"},{"taxonomy":"post_tag","embeddable":true,"href":"https:\/\/www.europesays.com\/fr\/wp-json\/wp\/v2\/tags?post=366861"}],"curies":[{"name":"wp","href":"https:\/\/api.w.org\/{rel}","templated":true}]}}