{"id":366863,"date":"2025-09-04T23:43:13","date_gmt":"2025-09-04T23:43:13","guid":{"rendered":"https:\/\/www.europesays.com\/fr\/366863\/"},"modified":"2025-09-04T23:43:13","modified_gmt":"2025-09-04T23:43:13","slug":"la-credibilite-de-lue-est-en-jeu-avec-gaza","status":"publish","type":"post","link":"https:\/\/www.europesays.com\/fr\/366863\/","title":{"rendered":"la cr\u00e9dibilit\u00e9 de l&rsquo;UE est en jeu avec Gaza"},"content":{"rendered":"<p class=\"mb-4 text-lg md:leading-8 break-words\">La \u00ab\u00a0cr\u00e9dibilit\u00e9 de la politique \u00e9trang\u00e8re de l&rsquo;Union europ\u00e9enne s&rsquo;effondre\u00a0\u00bb en raison de l&rsquo;incapacit\u00e9 des Etats membres \u00e0 sanctionner Isra\u00ebl pour les \u00ab\u00a0crimes de guerre\u00a0\u00bb \u00e0 Gaza et la poursuite des activit\u00e9s de colonisation en Cisjordanie, a d\u00e9clar\u00e9 Maxime Pr\u00e9vot, ministre belge des affaires \u00e9trang\u00e8res, \u00e0 Euronews.<\/p>\n<p class=\"mb-4 text-lg md:leading-8 break-words\">Il affirme que les pays europ\u00e9ens tels que l&rsquo;Allemagne, l&rsquo;Autriche, la Hongrie, la Bulgarie et la R\u00e9publique tch\u00e8que, qui emp\u00eachent l&rsquo;UE de prendre des mesures contre Isra\u00ebl \u00e0 propos de Gaza, sont oblig\u00e9s de respecter le droit international.<\/p>\n<p class=\"mb-4 text-lg md:leading-8 break-words\">\u00ab\u00a0Je pense que tous les pays europ\u00e9ens doivent faire davantage. Bien s\u00fbr, l&rsquo;Allemagne est un acteur important, mais d&rsquo;autres pays europ\u00e9ens devraient \u00e9galement prendre des initiatives\u00a0\u00bb, a-t-il d\u00e9clar\u00e9. \u00ab\u00a0L&rsquo;Allemagne a r\u00e9cemment suspendu ses exportations d&rsquo;armes vers Isra\u00ebl, mais reste le plus fervent d\u00e9fenseur de l&rsquo;\u00c9tat juif au sein de l&rsquo;Union europ\u00e9enne. (&#8230;) Par exemple, nous sommes 26 pays \u00e0 approuver des sanctions sp\u00e9cifiques contre les colons violents et certains dirigeants du Hamas. Un seul pays bloque. Et c&rsquo;est la Hongrie.\u00a0\u00bb<\/p>\n<p class=\"mb-4 text-lg md:leading-8 break-words\">L&rsquo;indignation publique face aux op\u00e9rations isra\u00e9liennes dans la bande de Gaza a \u00e9t\u00e9 un facteur cl\u00e9 dans la coalition belge \u00e0 cinq partis pour la reconnaissance de la Palestine. Plus de 54 % des Belges ont d\u00e9clar\u00e9 que leur gouvernement devrait prendre des mesures, telles que l&rsquo;imposition de sanctions \u00e9conomiques contre Isra\u00ebl, pour mettre fin \u00e0 \u00ab\u00a0l&rsquo;occupation isra\u00e9lienne ill\u00e9gale des territoires palestiniens\u00a0\u00bb, selon un sondage r\u00e9alis\u00e9 par la CNCD-11.11.11, une coalition d&rsquo;ONG.<\/p>\n<p class=\"mb-4 text-lg md:leading-8 break-words\"><b class=\"c-widget-related__title__text\">Related<\/b><\/p>\n<p class=\"mb-4 text-lg md:leading-8 break-words\">\u00ab\u00a0Pour beaucoup de nos concitoyens, il est difficile de comprendre pourquoi, en particulier en ce qui concerne la situation \u00e0 Gaza, il est impossible pour l&rsquo;UE de prendre des d\u00e9cisions fortes. (&#8230;) Ils ne comprennent pas pourquoi nous ne sommes pas capables de prendre des sanctions sp\u00e9cifiques, en voyant les diff\u00e9rentes images que nous voyons lorsque nous ouvrons la t\u00e9l\u00e9vision\u00a0\u00bb, a ajout\u00e9 Maxime Pr\u00e9vot.<\/p>\n<p class=\"mb-4 text-lg md:leading-8 break-words\">La reconnaissance de la Palestine intervient apr\u00e8s de longues et intenses n\u00e9gociations au sein de la coalition. En fin de compte, la Belgique ne reconna\u00eetra officiellement la Palestine qu&rsquo;\u00e0 la condition que le Hamas d\u00e9sarme et lib\u00e8re tous les otages pris le 7 octobre 2023. L&rsquo;engagement de la Belgique \u00e0 reconna\u00eetre la Palestine est conforme au point de vue de plusieurs pays europ\u00e9ens, dont la France et le Royaume-Uni, qui s&rsquo;appr\u00eatent \u00e0 le faire lors de l&rsquo;Assembl\u00e9e g\u00e9n\u00e9rale des Nations unies qui se tiendra \u00e0 New York \u00e0 la fin du mois.<\/p>\n<p class=\"mb-4 text-lg md:leading-8 break-words\">En r\u00e9ponse \u00e0 l&rsquo;annonce faite par la Belgique de reconna\u00eetre l&rsquo;Etat palestinien le mois dernier, le gouvernement isra\u00e9lien a accus\u00e9 le premier ministre belge Bart de Wever d&rsquo;\u00eatre un \u00ab\u00a0dirigeant faible qui cherche \u00e0 apaiser le terrorisme islamique\u00a0\u00bb.<\/p>\n<p class=\"mb-4 text-lg md:leading-8 break-words\">\u00ab\u00a0Je ne m&rsquo;attendais pas \u00e0 des applaudissements de la part du gouvernement isra\u00e9lien, bien s\u00fbr, mais je peux souligner et vous convaincre que mon premier ministre n&rsquo;est certainement pas un dirigeant faible, c&rsquo;est quelqu&rsquo;un qui a des engagements forts au sein de la coalition\u00a0\u00bb, a d\u00e9clar\u00e9 Maxime Pr\u00e9vot \u00e0 Euronews. Mais, a-t-il ajout\u00e9, la situation d\u00e9sastreuse sur le terrain est telle que le gouvernement a \u00e9t\u00e9 contraint d&rsquo;agir :\u00a0\u00bble contexte sur le terrain &#8211; en particulier \u00e0 Gaza &#8211; les enfants, les femmes, tout le monde, et de nombreux citoyens meurent de faim. C&rsquo;est tout \u00e0 fait inacceptable. Et je rappelle au gouvernement isra\u00e9lien que couper toute aide humanitaire est un crime de guerre.\u00a0\u00bb<\/p>\n<p class=\"mb-4 text-lg md:leading-8 break-words\">Il a ajout\u00e9 que les annonces d&rsquo;Isra\u00ebl concernant l&rsquo;occupation totale de la ville de Gaza et l&rsquo;expansion des colonies dans les territoires palestiniens occup\u00e9s ont \u00e9t\u00e9 un facteur d\u00e9terminant dans la d\u00e9cision belge de reconna\u00eetre l&rsquo;\u00c9tat de Palestine, qui, esp\u00e8re-t-il, enverra \u00ab\u00a0un signal politique fort\u00a0\u00bb \u00e0 Isra\u00ebl et au reste du monde.<\/p>\n","protected":false},"excerpt":{"rendered":"La \u00ab\u00a0cr\u00e9dibilit\u00e9 de la politique \u00e9trang\u00e8re de l&rsquo;Union europ\u00e9enne s&rsquo;effondre\u00a0\u00bb en raison de l&rsquo;incapacit\u00e9 des Etats membres \u00e0&hellip;\n","protected":false},"author":2,"featured_media":366864,"comment_status":"","ping_status":"","sticky":false,"template":"","format":"standard","meta":{"footnotes":""},"categories":[1586],"tags":[11,4628,1081,1777,674,1779,1011,27,665,664,50131,12,3518,28449,25,1778,364],"class_list":{"0":"post-366863","1":"post","2":"type-post","3":"status-publish","4":"format-standard","5":"has-post-thumbnail","7":"category-europe","8":"tag-actualites","9":"tag-bande-de-gaza","10":"tag-crimes-de-guerre","11":"tag-eu","12":"tag-europe","13":"tag-european-union","14":"tag-fr","15":"tag-france","16":"tag-gaza","17":"tag-israel","18":"tag-maxime-prevot","19":"tag-news","20":"tag-palestine","21":"tag-pays-europeens","22":"tag-republique-francaise","23":"tag-ue","24":"tag-union-europeenne"},"share_on_mastodon":{"url":"https:\/\/pubeurope.com\/@fr\/115148685562579328","error":""},"_links":{"self":[{"href":"https:\/\/www.europesays.com\/fr\/wp-json\/wp\/v2\/posts\/366863","targetHints":{"allow":["GET"]}}],"collection":[{"href":"https:\/\/www.europesays.com\/fr\/wp-json\/wp\/v2\/posts"}],"about":[{"href":"https:\/\/www.europesays.com\/fr\/wp-json\/wp\/v2\/types\/post"}],"author":[{"embeddable":true,"href":"https:\/\/www.europesays.com\/fr\/wp-json\/wp\/v2\/users\/2"}],"replies":[{"embeddable":true,"href":"https:\/\/www.europesays.com\/fr\/wp-json\/wp\/v2\/comments?post=366863"}],"version-history":[{"count":0,"href":"https:\/\/www.europesays.com\/fr\/wp-json\/wp\/v2\/posts\/366863\/revisions"}],"wp:featuredmedia":[{"embeddable":true,"href":"https:\/\/www.europesays.com\/fr\/wp-json\/wp\/v2\/media\/366864"}],"wp:attachment":[{"href":"https:\/\/www.europesays.com\/fr\/wp-json\/wp\/v2\/media?parent=366863"}],"wp:term":[{"taxonomy":"category","embeddable":true,"href":"https:\/\/www.europesays.com\/fr\/wp-json\/wp\/v2\/categories?post=366863"},{"taxonomy":"post_tag","embeddable":true,"href":"https:\/\/www.europesays.com\/fr\/wp-json\/wp\/v2\/tags?post=366863"}],"curies":[{"name":"wp","href":"https:\/\/api.w.org\/{rel}","templated":true}]}}