{"id":366869,"date":"2025-09-04T23:46:12","date_gmt":"2025-09-04T23:46:12","guid":{"rendered":"https:\/\/www.europesays.com\/fr\/366869\/"},"modified":"2025-09-04T23:46:12","modified_gmt":"2025-09-04T23:46:12","slug":"un-pieton-percute-par-un-bhns-du-tcsp-a-fort-de-france","status":"publish","type":"post","link":"https:\/\/www.europesays.com\/fr\/366869\/","title":{"rendered":"Un pieton percut\u00e9 par un BHNS du TCSP \u00e0 Fort-de-France"},"content":{"rendered":"<p>Les faits se sont produits vers 15h20 ce jeudi apr\u00e8s-midi (4 septembre) sur l\u2019autoroute peu avant la sortie vers Dillon dans le sens Lamentin \u2013 Fort-de-France. La victime a \u00e9t\u00e9 prise en charge par les secours.<\/p>\n<p>Le pi\u00e9ton a \u00e9t\u00e9 percut\u00e9 par le Bus \u00e0 Haut Niveau de Service qui circulait dans sa voie peu avant la sortie vers Dillon sur l\u2019autoroute dans le sens Lamentin &#8211; Fort-de-France.<\/p>\n<p>La victime, un homme de 30 ans, a \u00e9t\u00e9 prise en charge par les pompiers pour une fracture ouverte \u00e0 la cheville. Il a \u00e9t\u00e9 achemin\u00e9 aux urgences du CHU de Martinique.<\/p>\n<p>Les passagers \u00e0 bord ont \u00e9t\u00e9 pri\u00e9s de descendre. Des agents et des policiers \u00e9taient d\u00e9ploy\u00e9s sur place.<\/p>\n<p>Cet incident a entra\u00een\u00e9 d&rsquo;importants embouteillages dans le sens Lamentin-Fort-de-France.<\/p>\n","protected":false},"excerpt":{"rendered":"Les faits se sont produits vers 15h20 ce jeudi apr\u00e8s-midi (4 septembre) sur l\u2019autoroute peu avant la sortie&hellip;\n","protected":false},"author":2,"featured_media":366870,"comment_status":"","ping_status":"","sticky":false,"template":"","format":"standard","meta":{"footnotes":""},"categories":[4],"tags":[11,1011,27,12,25],"class_list":{"0":"post-366869","1":"post","2":"type-post","3":"status-publish","4":"format-standard","5":"has-post-thumbnail","7":"category-france","8":"tag-actualites","9":"tag-fr","10":"tag-france","11":"tag-news","12":"tag-republique-francaise"},"share_on_mastodon":{"url":"https:\/\/pubeurope.com\/@fr\/115148697458615223","error":""},"_links":{"self":[{"href":"https:\/\/www.europesays.com\/fr\/wp-json\/wp\/v2\/posts\/366869","targetHints":{"allow":["GET"]}}],"collection":[{"href":"https:\/\/www.europesays.com\/fr\/wp-json\/wp\/v2\/posts"}],"about":[{"href":"https:\/\/www.europesays.com\/fr\/wp-json\/wp\/v2\/types\/post"}],"author":[{"embeddable":true,"href":"https:\/\/www.europesays.com\/fr\/wp-json\/wp\/v2\/users\/2"}],"replies":[{"embeddable":true,"href":"https:\/\/www.europesays.com\/fr\/wp-json\/wp\/v2\/comments?post=366869"}],"version-history":[{"count":0,"href":"https:\/\/www.europesays.com\/fr\/wp-json\/wp\/v2\/posts\/366869\/revisions"}],"wp:featuredmedia":[{"embeddable":true,"href":"https:\/\/www.europesays.com\/fr\/wp-json\/wp\/v2\/media\/366870"}],"wp:attachment":[{"href":"https:\/\/www.europesays.com\/fr\/wp-json\/wp\/v2\/media?parent=366869"}],"wp:term":[{"taxonomy":"category","embeddable":true,"href":"https:\/\/www.europesays.com\/fr\/wp-json\/wp\/v2\/categories?post=366869"},{"taxonomy":"post_tag","embeddable":true,"href":"https:\/\/www.europesays.com\/fr\/wp-json\/wp\/v2\/tags?post=366869"}],"curies":[{"name":"wp","href":"https:\/\/api.w.org\/{rel}","templated":true}]}}