{"id":366873,"date":"2025-09-04T23:49:11","date_gmt":"2025-09-04T23:49:11","guid":{"rendered":"https:\/\/www.europesays.com\/fr\/366873\/"},"modified":"2025-09-04T23:49:11","modified_gmt":"2025-09-04T23:49:11","slug":"ugo-mola-et-toulouse-ont-toujours-soif-de-titres-a-laube-dune-nouvelle-saison-de-top-14","status":"publish","type":"post","link":"https:\/\/www.europesays.com\/fr\/366873\/","title":{"rendered":"Ugo Mola et Toulouse ont toujours soif de titres \u00e0 l&rsquo;aube d&rsquo;une nouvelle saison de Top 14"},"content":{"rendered":"<p>Mola ne pense pas aux Bleus<\/p>\n<p>Ugo Mola attaque sa onzi\u00e8me saison \u00e0 la t\u00eate du Stade Toulousain. Jusqu&rsquo;o\u00f9 compte-t-il aller ? \u00ab Je n&rsquo;ai jamais fait de plan de carri\u00e8re assure-t-il. J&rsquo;ai un contrat. D&rsquo;ailleurs, sa dur\u00e9e n&rsquo;a jamais \u00e9t\u00e9 communiqu\u00e9e et je n&rsquo;ai jamais vu passer la bonne \u00e9ch\u00e9ance dans les m\u00e9dias. J&rsquo;ai envie d&rsquo;aller au bout de cette g\u00e9n\u00e9ration, mais aussi de pr\u00e9parer la suivante. \u00bb Qu&rsquo;est-ce qui pourrait le faire arr\u00eater ? \u00ab Si les d\u00e9faites s&rsquo;encha\u00eenent et que je n&rsquo;arrive pas \u00e0 r\u00e9enclencher une dynamique positive, il faudra partir. Si je ne ressens plus de plaisir, une notion primordiale, ce sera le moment de passer \u00e0 autre chose. \u00bb Quid d&rsquo;un nouveau d\u00e9fi&#8230; \u00ab Je vois o\u00f9 vous voulez en venir, coupe avec le sourire le manager toulousain. L&rsquo;\u00e9quipe de France ? Il n&rsquo;y a pas de sujet. Le s\u00e9lectionneur (Fabien Galthi\u00e9) est sous contrat au moins jusqu&rsquo;\u00e0 la Coupe du monde en Australie (2027). Je suis tr\u00e8s heureux au Stade Toulousain. Mon quotidien et nos projets pour demain m&rsquo;\u00e9panouissent. \u00bb\u00a0<b>M.R.<\/b><\/p>\n","protected":false},"excerpt":{"rendered":"Mola ne pense pas aux Bleus Ugo Mola attaque sa onzi\u00e8me saison \u00e0 la t\u00eate du Stade Toulousain.&hellip;\n","protected":false},"author":2,"featured_media":366874,"comment_status":"","ping_status":"","sticky":false,"template":"","format":"standard","meta":{"footnotes":""},"categories":[1416],"tags":[1011,27,479,1468,60],"class_list":{"0":"post-366873","1":"post","2":"type-post","3":"status-publish","4":"format-standard","5":"has-post-thumbnail","7":"category-rugby","8":"tag-fr","9":"tag-france","10":"tag-rugby","11":"tag-rugby-football","12":"tag-sports"},"share_on_mastodon":{"url":"https:\/\/pubeurope.com\/@fr\/115148709392790139","error":""},"_links":{"self":[{"href":"https:\/\/www.europesays.com\/fr\/wp-json\/wp\/v2\/posts\/366873","targetHints":{"allow":["GET"]}}],"collection":[{"href":"https:\/\/www.europesays.com\/fr\/wp-json\/wp\/v2\/posts"}],"about":[{"href":"https:\/\/www.europesays.com\/fr\/wp-json\/wp\/v2\/types\/post"}],"author":[{"embeddable":true,"href":"https:\/\/www.europesays.com\/fr\/wp-json\/wp\/v2\/users\/2"}],"replies":[{"embeddable":true,"href":"https:\/\/www.europesays.com\/fr\/wp-json\/wp\/v2\/comments?post=366873"}],"version-history":[{"count":0,"href":"https:\/\/www.europesays.com\/fr\/wp-json\/wp\/v2\/posts\/366873\/revisions"}],"wp:featuredmedia":[{"embeddable":true,"href":"https:\/\/www.europesays.com\/fr\/wp-json\/wp\/v2\/media\/366874"}],"wp:attachment":[{"href":"https:\/\/www.europesays.com\/fr\/wp-json\/wp\/v2\/media?parent=366873"}],"wp:term":[{"taxonomy":"category","embeddable":true,"href":"https:\/\/www.europesays.com\/fr\/wp-json\/wp\/v2\/categories?post=366873"},{"taxonomy":"post_tag","embeddable":true,"href":"https:\/\/www.europesays.com\/fr\/wp-json\/wp\/v2\/tags?post=366873"}],"curies":[{"name":"wp","href":"https:\/\/api.w.org\/{rel}","templated":true}]}}