{"id":366877,"date":"2025-09-04T23:52:17","date_gmt":"2025-09-04T23:52:17","guid":{"rendered":"https:\/\/www.europesays.com\/fr\/366877\/"},"modified":"2025-09-04T23:52:17","modified_gmt":"2025-09-04T23:52:17","slug":"marc-marquez-soffre-un-sixieme-succes-de-rang-au-grand-prix-dautriche-de-motogp","status":"publish","type":"post","link":"https:\/\/www.europesays.com\/fr\/366877\/","title":{"rendered":"Marc Marquez s\u2019offre un sixi\u00e8me succ\u00e8s de rang, au Grand Prix d\u2019Autriche de MotoGP"},"content":{"rendered":"<p>                          <img loading=\"lazy\" decoding=\"async\" src=\"https:\/\/www.europesays.com\/fr\/wp-content\/uploads\/2025\/09\/362f4d9_ftp-import-images-1-y6wx4ygoycgt-2025-08-17t124954z-1667588146-up1el8h0zn5bm-rtrmadp-3-motor.jpeg\" alt=\"Marc Marquez c\u00e9l\u00e8bre sa victoire au Grand Prix d\u2019Autriche de MotoGP, \u00e0 Spielberg, le 17\u00a0ao\u00fbt\u00a02025.\"   width=\"664\" height=\"443\"\/>    Marc Marquez c\u00e9l\u00e8bre sa victoire au Grand Prix d\u2019Autriche de MotoGP, \u00e0 Spielberg, le 17\u00a0ao\u00fbt\u00a02025.  GINTARE KARPAVICIUTE \/ REUTERS                          <\/p>\n<p class=\"article__paragraph  \">Qui pourra arr\u00eater Marc Marquez\u00a0? Le pilote espagnol (Ducati), solide leader du championnat du monde de MotoGP, a remport\u00e9 dimanche 17\u00a0ao\u00fbt, en Autriche, son sixi\u00e8me Grand Prix d\u2019affil\u00e9e, sur le trac\u00e9 du Red Bull Ring de Spielberg, th\u00e9\u00e2tre de la treizi\u00e8me manche de la saison \u2013 sur 22.<\/p>\n<p class=\"article__paragraph  \"><a href=\"https:\/\/www.lemonde.fr\/sport\/article\/2024\/09\/22\/c-est-un-miracule-apres-quatre-ans-de-galere-marc-marquez-fait-de-nouveau-peur-en-motogp_6328010_3242.html\" target=\"_blank\" rel=\"noopener\">Le sextuple champion du monde de la cat\u00e9gorie<\/a> a devanc\u00e9 son jeune compatriote Fermin Aldeguer (Ducati-Gresini), 2e et qui d\u00e9croche son meilleur classement en MotoGP pour sa premi\u00e8re saison dans l\u2019\u00e9lite. Parti en pole position, Marco Bezzecchi (Aprilia) a finalement termin\u00e9 3e, apr\u00e8s avoir pass\u00e9 plus de la moiti\u00e9 de la course en t\u00eate avec Marc Marquez dans sa roue.<\/p>\n<p class=\"article__paragraph  \">L\u2019autre Ducati officielle, celle du double champion du monde 2022-2023 Francesco Bagnaia, a termin\u00e9 \u00e0 une lointaine 8e place, apr\u00e8s avoir longtemps \u00e9t\u00e9 3e. Quant au premier Fran\u00e7ais de la grille, Johann Zarco (Honda-LCR), il a franchi la ligne d\u2019arriv\u00e9e 12e. Son compatriote, le champion du monde 2021 Fabio Quartararo (Yamaha) termine, lui, 15e.<\/p>\n<p>                                       Lire aussi |  Article r\u00e9serv\u00e9 \u00e0 nos abonn\u00e9s  <a href=\"https:\/\/www.lemonde.fr\/sport\/article\/2025\/05\/11\/johann-zarco-ce-heros-que-le-public-du-grand-prix-de-france-de-motogp-attendait_6605156_3242.html\" class=\"js-article-read-also catcher--favoris__link\" data-premium=\"1\" id=\"article-title-3421935\" target=\"_blank\" rel=\"noopener\">Johann Zarco, ce h\u00e9ros que le public du Grand Prix de France de MotoGP attendait<\/a>    <\/p>\n<p>   Lire plus tard  <\/p>\n<p class=\"article__paragraph  \">Victime d\u2019une chute, le champion en titre Jorge Martin a, pour sa part, abandonn\u00e9. Par pr\u00e9caution, l\u2019Espagnol a \u00e9t\u00e9 conduit au centre m\u00e9dical du circuit.<\/p>\n<p class=\"article__paragraph  \">Au championnat des pilotes, Marc Marquez compte d\u00e9sormais une avance de 142 points sur son dauphin, son fr\u00e8re cadet, Alex, 10e du GP d\u2019Autriche avec sa Ducati-Gresini. L\u2019\u00e9cart monte \u00e0 197 points avec Francesco Bagnaia, actuel 3e.<\/p>\n<p>                                       Lire aussi |  Article r\u00e9serv\u00e9 \u00e0 nos abonn\u00e9s  <a href=\"https:\/\/www.lemonde.fr\/sport\/article\/2025\/02\/28\/vers-un-duel-100-ducati-pour-le-titre-de-champion-du-monde-des-pilotes-en-motogp_6568704_3242.html\" class=\"js-article-read-also catcher--favoris__link\" data-premium=\"1\" id=\"article-title-3407765\" target=\"_blank\" rel=\"noopener\">Vers un duel 100\u00a0% Ducati pour le titre de champion du monde des pilotes en MotoGP<\/a>    <\/p>\n<p>   Lire plus tard  <\/p>\n<p class=\"author__detail\">  Le Monde avec AFP  <\/p>\n<p>                  <a href=\"https:\/\/www.lemonde.fr\/syndication\/\" class=\"reuse__content\" title=\"R\u00e9utiliser ce contenu\" target=\"_blank\" rel=\"noopener\">R\u00e9utiliser ce contenu<\/a>      <\/p>\n","protected":false},"excerpt":{"rendered":"Marc Marquez c\u00e9l\u00e8bre sa victoire au Grand Prix d\u2019Autriche de MotoGP, \u00e0 Spielberg, le 17\u00a0ao\u00fbt\u00a02025. GINTARE KARPAVICIUTE \/&hellip;\n","protected":false},"author":2,"featured_media":366878,"comment_status":"","ping_status":"","sticky":false,"template":"","format":"standard","meta":{"footnotes":""},"categories":[1413],"tags":[1011,27,1457,1456,60],"class_list":{"0":"post-366877","1":"post","2":"type-post","3":"status-publish","4":"format-standard","5":"has-post-thumbnail","7":"category-moto","8":"tag-fr","9":"tag-france","10":"tag-moto","11":"tag-motocycle","12":"tag-sports"},"share_on_mastodon":{"url":"https:\/\/pubeurope.com\/@fr\/115148721265286675","error":""},"_links":{"self":[{"href":"https:\/\/www.europesays.com\/fr\/wp-json\/wp\/v2\/posts\/366877","targetHints":{"allow":["GET"]}}],"collection":[{"href":"https:\/\/www.europesays.com\/fr\/wp-json\/wp\/v2\/posts"}],"about":[{"href":"https:\/\/www.europesays.com\/fr\/wp-json\/wp\/v2\/types\/post"}],"author":[{"embeddable":true,"href":"https:\/\/www.europesays.com\/fr\/wp-json\/wp\/v2\/users\/2"}],"replies":[{"embeddable":true,"href":"https:\/\/www.europesays.com\/fr\/wp-json\/wp\/v2\/comments?post=366877"}],"version-history":[{"count":0,"href":"https:\/\/www.europesays.com\/fr\/wp-json\/wp\/v2\/posts\/366877\/revisions"}],"wp:featuredmedia":[{"embeddable":true,"href":"https:\/\/www.europesays.com\/fr\/wp-json\/wp\/v2\/media\/366878"}],"wp:attachment":[{"href":"https:\/\/www.europesays.com\/fr\/wp-json\/wp\/v2\/media?parent=366877"}],"wp:term":[{"taxonomy":"category","embeddable":true,"href":"https:\/\/www.europesays.com\/fr\/wp-json\/wp\/v2\/categories?post=366877"},{"taxonomy":"post_tag","embeddable":true,"href":"https:\/\/www.europesays.com\/fr\/wp-json\/wp\/v2\/tags?post=366877"}],"curies":[{"name":"wp","href":"https:\/\/api.w.org\/{rel}","templated":true}]}}